{"id":13798,"date":"2018-02-10T08:00:30","date_gmt":"2018-02-10T07:00:30","guid":{"rendered":"https:\/\/unser-quartier.de\/stadt-bergheim\/?p=13798"},"modified":"2018-02-10T08:03:14","modified_gmt":"2018-02-10T07:03:14","slug":"brauchtum-im-karneval","status":"publish","type":"post","link":"https:\/\/unser-quartier.de\/stadt-bergheim\/2018\/02\/brauchtum-im-karneval\/","title":{"rendered":"Brauchtum im Karneval &#8230;"},"content":{"rendered":"<p><span style=\"font-size: 12pt\"><span style=\"color: #000000\">Die meisten Karnevalsgarden haben ihre Uniformen nach historischen Vorbildern gestaltet.\u00a0<\/span>Zu Beginn des 19. Jahrhunderts waren St\u00e4dte wie Mainz, D\u00fcsseldorf und K\u00f6ln unter franz\u00f6sischer Besatzung und die Volksbelustigungen der 5. Jahreszeit waren verboten. Als es im Jahr 1813 gelang, die Franzosen zu vertreiben, lie\u00dfen diese bei der \u00fcberst\u00fcrzten Flucht, zahlreiche Uniformen zur\u00fcck. Die Deutschen r\u00e4chten sich sozusagen<\/span> <span style=\"font-size: 12pt\">mit dem Aufzug in feindlichen Uniformen f\u00fcr die Besatzung. Auch die Organisation und die R\u00e4nge wurden \u00fcbernommen&#8230; bis in die heutige Zeit. In aufwendiger Handarbeit werden die Uniformen detailgetreu nachempfunden und sind entsprechend teuer. So gibt es z.B. Kavallerie und Artillerie und \u00fcber die Uniformen, die Kopfbedeckung, Sch\u00e4rpen und Rangabzeichen ist eindeutig abzulesen, zu welchem Truppenteil das Mitglied geh\u00f6rt, bzw. welche Position es einnimmt. Die Gestaltung der Uniformen<\/span> <span style=\"font-size: 12pt\">der T\u00e4nzerinnen der Garden ist der Fantasie entsprungen, denn nat\u00fcrlich gab es diese Truppenteile in der Historie nicht. \u00dcbrigens war\u00a0\u00a0diese Persiflage aufs Milit\u00e4r nach dem 2. Weltkrieg ein paar Jahre verboten durch die alliierten Besatzungsm\u00e4chte.\u00a0<\/span><\/p>\n<div><span style=\"font-size: 12pt\">.<\/span><\/div>\n<div><span style=\"font-size: 12pt\">In K\u00f6ln ist die \u00e4lteste Garde die der Roten Funken. Ihre Uniformen sind leuchtend rot &#8211; daher Funken&#8230; man kann sie auch im Dunkeln gut erkennen. Sie stellen eine Persiflage auf die K\u00f6lner Stadtsoldaten von 1660 dar, deren Aufgaben waren die Zollkontrollen, \u00dcberpr\u00fcfung der Passagierscheine und Bewachung der Zug\u00e4nge zur<\/span> <span style=\"font-size: 12pt\">Stadt. Es waren wohl keine Helden, und sie mussten sich \u00a0ihren Sold aufbessern durch Stricken beim Wache halten und auch in K\u00fcche und Haushalt und Kinder h\u00fcten helfen. <\/span><span style=\"font-size: 12pt\">Aus dieser Garde wuchs sp\u00e4ter ein Reitercorps&#8230; die Blauen Funken. Ihr Vorbild f\u00fcr die Uniform waren die Ansbach-Bayreuther Dragoner.<\/span><\/div>\n<div><span style=\"font-size: 12pt\">1902 gr\u00fcndete sich die Ehrengarde, eine Begleitgarde von Bauer und Jungfrau mit Uniformen, die an die Schillschen Offiziere erinnern.\u00a0<\/span><\/div>\n<div><span style=\"font-size: 12pt\">Die Prinzengarde wurde 1906 gegr\u00fcndet. Sie begleitet den Prinzen zu allen offiziellen Auftritten. Ihre Uniformen richten sich nach \u00f6sterreichischem, die Helme nach preussischem Milit\u00e4r.<\/span><\/div>\n<div><span style=\"font-size: 12pt\">Die Altst\u00e4dter wurden 1922 gegr\u00fcndet, sie er\u00f6ffnen immer die Weiberfastnacht auf<\/span><\/div>\n<div><span style=\"font-size: 12pt\">dem Alter Markt. Ihre Uniform ist in den kurk\u00f6lnischen Farben gehalten.<\/span><\/div>\n<div><span style=\"font-size: 12pt\">Das Reiterkorps Jan von Werth erinnert an den General aus dem Drei\u00dfigj\u00e4hrigen Krieg, der 1638 zum Ehrenb\u00fcrger der Stadt K\u00f6ln ernannt wurde. Die Legende von Jan und Griet, spielt das Korps jedes Jahr am Severinstor nach. Die Gesellschaft wurde 1925 gegr\u00fcndet und sie tragen Wallenstein Uniformen.<\/span><\/div>\n<div><span style=\"font-size: 12pt\">.<\/span><\/div>\n<div><span style=\"font-size: 12pt\">Mainz ist die Hochburg des politischen Karnevals&#8230; in K\u00f6ln steht der Humor im Vordergrund und in D\u00fcsseldorf das Feiern.<\/span><\/div>\n<div><span style=\"font-size: 12pt\">Der Prinz Karneval ist der h\u00f6chste Repr\u00e4sentant des K\u00f6lner Karnevals. Seit 1823 ist er die wichtigste Figur des Rosenmontagszugs mit dem prunkvollsten Wagen.<\/span><\/div>\n<div><span style=\"font-size: 12pt\">Ihm zur Seite gestellt sind Bauer und Jungfrau. Der Bauer symbolisiert die Wehrhaftigkeit der alten Reichsstadt K\u00f6ln und er ist seit 1870 fester Bestandteil des Dreigestirns. Die Jungfrau wird traditionell von einem Mann dargestellt und repr\u00e4sentiert die besch\u00fctzende Mutter Colonia. Sie ist ebenfalls seit 1870 fester Bestandteil und f\u00e4hrt immer mit dem Bauern gemeinsam in einem prunkvollen Wagen im Rosenmontagszug vor dem Prinzen.<\/span><\/div>\n<div><\/div>\n<div><a href=\"https:\/\/unser-quartier.de\/stadt-bergheim\/2017\/02\/brauchtum-im-karneval\/cap-1997865__340\/\" rel=\"attachment wp-att-13799\"><img data-recalc-dims=\"1\" loading=\"lazy\" decoding=\"async\" data-attachment-id=\"13799\" data-permalink=\"https:\/\/unser-quartier.de\/stadt-bergheim\/2018\/02\/brauchtum-im-karneval\/cap-1997865__340\/\" data-orig-file=\"https:\/\/i0.wp.com\/unser-quartier.de\/stadt-bergheim\/files\/2017\/02\/cap-1997865__340.png?fit=468%2C340&amp;ssl=1\" data-orig-size=\"468,340\" data-comments-opened=\"0\" data-image-meta=\"{&quot;aperture&quot;:&quot;0&quot;,&quot;credit&quot;:&quot;&quot;,&quot;camera&quot;:&quot;&quot;,&quot;caption&quot;:&quot;&quot;,&quot;created_timestamp&quot;:&quot;0&quot;,&quot;copyright&quot;:&quot;&quot;,&quot;focal_length&quot;:&quot;0&quot;,&quot;iso&quot;:&quot;0&quot;,&quot;shutter_speed&quot;:&quot;0&quot;,&quot;title&quot;:&quot;&quot;,&quot;orientation&quot;:&quot;0&quot;}\" data-image-title=\"cap-1997865__340\" data-image-description=\"\" data-image-caption=\"\" data-medium-file=\"https:\/\/i0.wp.com\/unser-quartier.de\/stadt-bergheim\/files\/2017\/02\/cap-1997865__340.png?fit=300%2C218&amp;ssl=1\" data-large-file=\"https:\/\/i0.wp.com\/unser-quartier.de\/stadt-bergheim\/files\/2017\/02\/cap-1997865__340.png?fit=468%2C340&amp;ssl=1\" class=\"alignnone wp-image-13799 size-full\" src=\"https:\/\/i0.wp.com\/unser-quartier.de\/stadt-bergheim\/files\/2017\/02\/cap-1997865__340.png?resize=468%2C340&#038;ssl=1\" width=\"468\" height=\"340\" srcset=\"https:\/\/i0.wp.com\/unser-quartier.de\/stadt-bergheim\/files\/2017\/02\/cap-1997865__340.png?w=468&amp;ssl=1 468w, https:\/\/i0.wp.com\/unser-quartier.de\/stadt-bergheim\/files\/2017\/02\/cap-1997865__340.png?resize=150%2C109&amp;ssl=1 150w, https:\/\/i0.wp.com\/unser-quartier.de\/stadt-bergheim\/files\/2017\/02\/cap-1997865__340.png?resize=300%2C218&amp;ssl=1 300w\" sizes=\"auto, (max-width: 468px) 100vw, 468px\" \/><\/a><\/div>\n","protected":false},"excerpt":{"rendered":"<p>Die meisten Karnevalsgarden haben ihre Uniformen nach historischen Vorbildern gestaltet.\u00a0Zu Beginn des 19. Jahrhunderts waren St\u00e4dte wie Mainz, D\u00fcsseldorf und K\u00f6ln unter franz\u00f6sischer Besatzung und die Volksbelustigungen der 5. Jahreszeit waren verboten. Als es im Jahr 1813 gelang, die Franzosen zu vertreiben, lie\u00dfen diese bei der \u00fcberst\u00fcrzten Flucht, zahlreiche Uniformen zur\u00fcck. Die Deutschen r\u00e4chten sich &hellip; <\/p>\n<p><a class=\"more-link btn\" href=\"https:\/\/unser-quartier.de\/stadt-bergheim\/2018\/02\/brauchtum-im-karneval\/\">Weiterlesen<\/a><\/p>\n","protected":false},"author":48,"featured_media":13799,"comment_status":"open","ping_status":"open","sticky":false,"template":"","format":"standard","meta":{"_bbp_topic_count":0,"_bbp_reply_count":0,"_bbp_total_topic_count":0,"_bbp_total_reply_count":0,"_bbp_voice_count":0,"_bbp_anonymous_reply_count":0,"_bbp_topic_count_hidden":0,"_bbp_reply_count_hidden":0,"_bbp_forum_subforum_count":0,"jetpack_post_was_ever_published":false,"_jetpack_newsletter_access":"","_jetpack_dont_email_post_to_subs":false,"_jetpack_newsletter_tier_id":0,"_jetpack_memberships_contains_paywalled_content":false,"_jetpack_memberships_contains_paid_content":false,"footnotes":""},"categories":[71,80,72],"tags":[],"class_list":["post-13798","post","type-post","status-publish","format-standard","has-post-thumbnail","hentry","category-freizeit","category-humor","category-tipps","item-wrap"],"jetpack_sharing_enabled":true,"jetpack_featured_media_url":"https:\/\/i0.wp.com\/unser-quartier.de\/stadt-bergheim\/files\/2017\/02\/cap-1997865__340.png?fit=468%2C340&ssl=1","jetpack_shortlink":"https:\/\/wp.me\/p3vhfJ-3Ay","jetpack_likes_enabled":true,"_links":{"self":[{"href":"https:\/\/unser-quartier.de\/stadt-bergheim\/wp-json\/wp\/v2\/posts\/13798","targetHints":{"allow":["GET"]}}],"collection":[{"href":"https:\/\/unser-quartier.de\/stadt-bergheim\/wp-json\/wp\/v2\/posts"}],"about":[{"href":"https:\/\/unser-quartier.de\/stadt-bergheim\/wp-json\/wp\/v2\/types\/post"}],"author":[{"embeddable":true,"href":"https:\/\/unser-quartier.de\/stadt-bergheim\/wp-json\/wp\/v2\/users\/48"}],"replies":[{"embeddable":true,"href":"https:\/\/unser-quartier.de\/stadt-bergheim\/wp-json\/wp\/v2\/comments?post=13798"}],"version-history":[{"count":0,"href":"https:\/\/unser-quartier.de\/stadt-bergheim\/wp-json\/wp\/v2\/posts\/13798\/revisions"}],"wp:featuredmedia":[{"embeddable":true,"href":"https:\/\/unser-quartier.de\/stadt-bergheim\/wp-json\/wp\/v2\/media\/13799"}],"wp:attachment":[{"href":"https:\/\/unser-quartier.de\/stadt-bergheim\/wp-json\/wp\/v2\/media?parent=13798"}],"wp:term":[{"taxonomy":"category","embeddable":true,"href":"https:\/\/unser-quartier.de\/stadt-bergheim\/wp-json\/wp\/v2\/categories?post=13798"},{"taxonomy":"post_tag","embeddable":true,"href":"https:\/\/unser-quartier.de\/stadt-bergheim\/wp-json\/wp\/v2\/tags?post=13798"}],"curies":[{"name":"wp","href":"https:\/\/api.w.org\/{rel}","templated":true}]}}