{"id":14067,"date":"2017-04-06T10:45:03","date_gmt":"2017-04-06T08:45:03","guid":{"rendered":"https:\/\/unser-quartier.de\/stadt-bergheim\/?p=14067"},"modified":"2018-02-25T15:47:30","modified_gmt":"2018-02-25T14:47:30","slug":"ein-portal-nicht-nur-fuer-senioren","status":"publish","type":"post","link":"https:\/\/unser-quartier.de\/stadt-bergheim\/2017\/04\/ein-portal-nicht-nur-fuer-senioren\/","title":{"rendered":"Ein Portal (nicht nur) f\u00fcr Senioren &#8230;"},"content":{"rendered":"<p><span style=\"color: #2c2b2b;font-size: 12pt\"><span style=\"font-family: Arial, serif\">Seit\u00a0\u00fcber f\u00fcnf Jahren dreht sich beim Seniorenportal Bergheim alles um das Thema \u00c4lterwerden. Hier finden Sie n\u00fctzliche Informationen, Tipps und Termine und k\u00f6nnen Ihre Erfahrungen weitergeben \u2013 frei nach dem Motto \u201eGemeinsam geht\u2019s besser\u201c.<\/span><\/span> <span style=\"font-family: Times New Roman, serif;font-size: 12pt\"><span style=\"font-family: Arial, serif\">Auf Initiative der Stadt Bergheim entstanden, k\u00fcmmert sich heute ein\u00a0 ehrenamtliches Redaktionsteam selbst\u00e4ndig um die Inhalte der Webseite.<\/span><\/span><span style=\"font-family: Times New Roman, serif;font-size: 12pt\"><span style=\"font-family: Arial, serif\"><br \/>\n<\/span><\/span><\/p>\n<div id=\"attachment_11813\" style=\"width: 129px\" class=\"wp-caption alignleft\"><img data-recalc-dims=\"1\" loading=\"lazy\" decoding=\"async\" aria-describedby=\"caption-attachment-11813\" data-attachment-id=\"11813\" data-permalink=\"https:\/\/unser-quartier.de\/stadt-bergheim\/2016\/09\/city-lauf-und-seine-folgen\/seniorenportal-2\/\" data-orig-file=\"https:\/\/i0.wp.com\/unser-quartier.de\/stadt-bergheim\/files\/2016\/09\/Seniorenportal-2.jpg?fit=768%2C1024&amp;ssl=1\" data-orig-size=\"768,1024\" data-comments-opened=\"0\" data-image-meta=\"{&quot;aperture&quot;:&quot;0&quot;,&quot;credit&quot;:&quot;&quot;,&quot;camera&quot;:&quot;&quot;,&quot;caption&quot;:&quot;&quot;,&quot;created_timestamp&quot;:&quot;0&quot;,&quot;copyright&quot;:&quot;&quot;,&quot;focal_length&quot;:&quot;0&quot;,&quot;iso&quot;:&quot;0&quot;,&quot;shutter_speed&quot;:&quot;0&quot;,&quot;title&quot;:&quot;&quot;,&quot;orientation&quot;:&quot;0&quot;}\" data-image-title=\"Seniorenportal (2)\" data-image-description=\"\" data-image-caption=\"&lt;p&gt;Unser WebSite&#8230; Merken!&lt;\/p&gt;\n\" data-medium-file=\"https:\/\/i0.wp.com\/unser-quartier.de\/stadt-bergheim\/files\/2016\/09\/Seniorenportal-2.jpg?fit=225%2C300&amp;ssl=1\" data-large-file=\"https:\/\/i0.wp.com\/unser-quartier.de\/stadt-bergheim\/files\/2016\/09\/Seniorenportal-2.jpg?fit=768%2C1024&amp;ssl=1\" class=\"wp-image-11813 \" src=\"https:\/\/i0.wp.com\/unser-quartier.de\/stadt-bergheim\/files\/2016\/09\/Seniorenportal-2.jpg?resize=129%2C172&#038;ssl=1\" alt=\"\" width=\"129\" height=\"172\" srcset=\"https:\/\/i0.wp.com\/unser-quartier.de\/stadt-bergheim\/files\/2016\/09\/Seniorenportal-2.jpg?resize=225%2C300&amp;ssl=1 225w, https:\/\/i0.wp.com\/unser-quartier.de\/stadt-bergheim\/files\/2016\/09\/Seniorenportal-2.jpg?resize=113%2C150&amp;ssl=1 113w, https:\/\/i0.wp.com\/unser-quartier.de\/stadt-bergheim\/files\/2016\/09\/Seniorenportal-2.jpg?w=768&amp;ssl=1 768w\" sizes=\"auto, (max-width: 129px) 100vw, 129px\" \/><p id=\"caption-attachment-11813\" class=\"wp-caption-text\">Unser WebSite&#8230; Merken!<\/p><\/div>\n<p><span style=\"font-family: Times New Roman, serif;font-size: 12pt\"><span style=\"font-family: Arial, serif\">Ob Gesundheit, Wohnen, Pflege oder Freizeit, die Themen sind bunt und vielf\u00e4ltig.\u00a0\u201eUnser besonderes Augenmerk gilt der bunten Vielfalt, die Bergheim und insbesondere seine Ortsteile\u00a0ausmachen.&#8221;\u00a0<\/span><\/span><span style=\"font-family: Times New Roman, serif;font-size: 12pt\"><span style=\"font-family: Arial, serif\">Alle<!-- Hier w\u00fcrde aus meiner Sicht noch ganz gut ein lokaler Bezug passen \u2013 wie etwa: \u201eEin besonderes Augenmerk gilt den Informationen in Wort und Bild \u00fcber die Vielfalt, die in Bergheim und insbesondere seinen Ortsteilen anzutreffen ist.\u201c --> zwei Wochen montags treffen sich die Online-Redakteure im Rathaus und besprechen, was es Neues gibt. Koordiniert wird das Team von dem ehrenamtlichen IT-Manager und Technik-Experten Hans-J\u00fcrgen Knabben, der mit seinen PC-Kursen im CuraCon Bergheim Seniorinnen und Senioren auch pers\u00f6nlich mit Rat und Tat zur Seite steht. <\/span><\/span><!--more--><\/p>\n<div id=\"attachment_11782\" style=\"width: 225px\" class=\"wp-caption alignright\"><img data-recalc-dims=\"1\" loading=\"lazy\" decoding=\"async\" aria-describedby=\"caption-attachment-11782\" data-attachment-id=\"11782\" data-permalink=\"https:\/\/unser-quartier.de\/stadt-bergheim\/2016\/09\/wunschbaeume-und-wohlfuehlen\/dsc05865\/\" data-orig-file=\"https:\/\/i0.wp.com\/unser-quartier.de\/stadt-bergheim\/files\/2016\/09\/DSC05865.jpg?fit=1024%2C680&amp;ssl=1\" data-orig-size=\"1024,680\" data-comments-opened=\"0\" data-image-meta=\"{&quot;aperture&quot;:&quot;0&quot;,&quot;credit&quot;:&quot;&quot;,&quot;camera&quot;:&quot;&quot;,&quot;caption&quot;:&quot;&quot;,&quot;created_timestamp&quot;:&quot;0&quot;,&quot;copyright&quot;:&quot;&quot;,&quot;focal_length&quot;:&quot;0&quot;,&quot;iso&quot;:&quot;0&quot;,&quot;shutter_speed&quot;:&quot;0&quot;,&quot;title&quot;:&quot;&quot;,&quot;orientation&quot;:&quot;0&quot;}\" data-image-title=\"DSC05865\" data-image-description=\"\" data-image-caption=\"&lt;p&gt;Das Seniorenportal: Alles auf einen Klick&lt;\/p&gt;\n\" data-medium-file=\"https:\/\/i0.wp.com\/unser-quartier.de\/stadt-bergheim\/files\/2016\/09\/DSC05865.jpg?fit=300%2C199&amp;ssl=1\" data-large-file=\"https:\/\/i0.wp.com\/unser-quartier.de\/stadt-bergheim\/files\/2016\/09\/DSC05865.jpg?fit=770%2C511&amp;ssl=1\" class=\"wp-image-11782\" src=\"https:\/\/i0.wp.com\/unser-quartier.de\/stadt-bergheim\/files\/2016\/09\/DSC05865.jpg?resize=225%2C149&#038;ssl=1\" alt=\"\" width=\"225\" height=\"149\" srcset=\"https:\/\/i0.wp.com\/unser-quartier.de\/stadt-bergheim\/files\/2016\/09\/DSC05865.jpg?resize=300%2C199&amp;ssl=1 300w, https:\/\/i0.wp.com\/unser-quartier.de\/stadt-bergheim\/files\/2016\/09\/DSC05865.jpg?resize=150%2C100&amp;ssl=1 150w, https:\/\/i0.wp.com\/unser-quartier.de\/stadt-bergheim\/files\/2016\/09\/DSC05865.jpg?resize=768%2C510&amp;ssl=1 768w, https:\/\/i0.wp.com\/unser-quartier.de\/stadt-bergheim\/files\/2016\/09\/DSC05865.jpg?w=1024&amp;ssl=1 1024w\" sizes=\"auto, (max-width: 225px) 100vw, 225px\" \/><p id=\"caption-attachment-11782\" class=\"wp-caption-text\">Das Seniorenportal: Alles auf einen Klick<\/p><\/div>\n<p><span style=\"font-size: 12pt\"><span style=\"font-family: Arial, serif\">Unterst\u00fctzt wird das Kernteam inzwischen von einem Stamm ehrenamtlicher Stadtteil-Reporter, die kleine <\/span><span style=\"font-family: Arial, serif\">Reportagen und Fotos einsenden. \u201eDie Seite ist l\u00e4ngst nicht nur ein virtueller Treffpunkt f\u00fcr Fachleute aus der Seniorenarbeit, sondern eine Fundgrube f\u00fcr alle, die sich informieren oder einfach nur Spa\u00df haben wollen\u201c, sagt Hans-J\u00fcrgen Knabben. W\u00e4hrend Teamkollegin Christa Commers lustige \u201eGeschichten aus der Nachbarschaft\u201c, kleine Spiele, Rezepte, Witze, Buch- und Veranstaltungstipps locker unterhalten, schlagen die Rubriken \u201eLokale Allianz f\u00fcr Menschen mit Demenz\u201c oder \u201eInterkulturelle Pflege\u201c auch ernstere T\u00f6ne an. Mit der Dienstleistungs- und der Wohnungsb\u00f6rse sind zwei Serviceangebote entstanden, bei denen Senioren f\u00fcr andere aktiv werden und sich gegenseitig helfen k\u00f6nnen. <\/span><\/span><\/p>\n<p><span style=\"font-family: Arial, serif;font-size: 12pt\"><b>Laufen und Liken<\/b><\/span><\/p>\n<div id=\"attachment_2971\" style=\"width: 191px\" class=\"wp-caption alignleft\"><img data-recalc-dims=\"1\" loading=\"lazy\" decoding=\"async\" aria-describedby=\"caption-attachment-2971\" data-attachment-id=\"2971\" data-permalink=\"https:\/\/unser-quartier.de\/stadt-bergheim\/2017\/04\/ein-portal-nicht-nur-fuer-senioren\/10507134_789303084447755_4310668189805748938_o\/\" data-orig-file=\"https:\/\/i0.wp.com\/unser-quartier.de\/stadt-bergheim\/files\/2014\/07\/10507134_789303084447755_4310668189805748938_o.jpg?fit=1200%2C800&amp;ssl=1\" data-orig-size=\"1200,800\" data-comments-opened=\"0\" data-image-meta=\"{&quot;aperture&quot;:&quot;0&quot;,&quot;credit&quot;:&quot;kay-uwe fischer&quot;,&quot;camera&quot;:&quot;&quot;,&quot;caption&quot;:&quot;&quot;,&quot;created_timestamp&quot;:&quot;0&quot;,&quot;copyright&quot;:&quot;digitalfotografie-fischer.de&quot;,&quot;focal_length&quot;:&quot;0&quot;,&quot;iso&quot;:&quot;0&quot;,&quot;shutter_speed&quot;:&quot;0&quot;,&quot;title&quot;:&quot;&quot;}\" data-image-title=\"10507134_789303084447755_4310668189805748938_o\" data-image-description=\"\" data-image-caption=\"&lt;p&gt;In Aktion Klick mich, bin ne WebSite&lt;\/p&gt;\n\" data-medium-file=\"https:\/\/i0.wp.com\/unser-quartier.de\/stadt-bergheim\/files\/2014\/07\/10507134_789303084447755_4310668189805748938_o.jpg?fit=300%2C200&amp;ssl=1\" data-large-file=\"https:\/\/i0.wp.com\/unser-quartier.de\/stadt-bergheim\/files\/2014\/07\/10507134_789303084447755_4310668189805748938_o.jpg?fit=770%2C513&amp;ssl=1\" class=\"wp-image-2971\" src=\"https:\/\/i0.wp.com\/unser-quartier.de\/stadt-bergheim\/files\/2014\/07\/10507134_789303084447755_4310668189805748938_o.jpg?resize=191%2C127&#038;ssl=1\" alt=\"\" width=\"191\" height=\"127\" srcset=\"https:\/\/i0.wp.com\/unser-quartier.de\/stadt-bergheim\/files\/2014\/07\/10507134_789303084447755_4310668189805748938_o.jpg?resize=300%2C200&amp;ssl=1 300w, https:\/\/i0.wp.com\/unser-quartier.de\/stadt-bergheim\/files\/2014\/07\/10507134_789303084447755_4310668189805748938_o.jpg?resize=150%2C100&amp;ssl=1 150w, https:\/\/i0.wp.com\/unser-quartier.de\/stadt-bergheim\/files\/2014\/07\/10507134_789303084447755_4310668189805748938_o.jpg?resize=1024%2C682&amp;ssl=1 1024w, https:\/\/i0.wp.com\/unser-quartier.de\/stadt-bergheim\/files\/2014\/07\/10507134_789303084447755_4310668189805748938_o.jpg?w=1200&amp;ssl=1 1200w\" sizes=\"auto, (max-width: 191px) 100vw, 191px\" \/><p id=\"caption-attachment-2971\" class=\"wp-caption-text\">Gro\u00dfe B\u00fchne beim City-Fest<\/p><\/div>\n<p><span style=\"font-family: Arial, serif;font-size: 12pt\">Ob beim Flashmob zum Welt-Alzheimertag oder beim Bergheimer Cityfest \u2013 Hans-J\u00fcrgen Knabben l\u00e4sst keine Gelegenheit aus, um f\u00fcr das Seniorenportal zu werben. <\/span><span style=\"font-family: Arial, serif;font-size: 12pt\">Auf der Jagd nach Klicks ist sich der geborene Netzwerker f\u00fcr nichts zu schade: Am Ehrenamtstag stand er mit Teamkollegen auf der gro\u00dfen B\u00fchne in der Bergheimer Fu\u00dfg\u00e4ngerzone und rappte gemeinsam mit Jugendlichen. Ob beim Biathlon oder\u00a0beim 10 km langen Abendlauf trug er stolz das Seniorenportal-T-Shirt.\u00a0Was die Besucherzahlen aber am meisten in die H\u00f6he getrieben hat, ist die zus\u00e4tzliche Facebook-Seite mit t\u00e4glichen Anstupsern.\u00a0<\/span><span style=\"font-family: Arial, serif;font-size: 12pt\">Auch eine selbstprogrammierte App h\u00e4lt die Fans immer auf dem Laufenden.<\/span><\/p>\n<p><span style=\"font-size: 12pt\">\u201e<span style=\"font-family: Arial, serif\">Wir haben t\u00e4glich inzwischen bis zu 250 Klicks. Wenn es so gut weiterl\u00e4uft, sind wir bald bei 200.000 Besuchern\u201c, freut sich der Macher \u00fcber seinen Erfolg.<br \/>\nZum Vergleich: Im ersten Jahr waren es gerade mal knapp 7.000, die das Seniorenportal angeklickt haben. <\/span><\/span><\/p>\n<p><span style=\"font-size: 12pt\">Eigentlich h\u00e4tten wir es\u00a0ja Infoportal Bergheim und nicht Seniorenportal nennen sollen! Denn \u00c4lterwerden geht ja alle\u00a0Generationen an.<\/span><\/p>\n<p><span style=\"color: #3366ff;font-size: 14pt\"><strong>&#8220;Gemeinsam geht\u00b4s besser&#8221; ist ja unser<\/strong> <strong>Slogan!<\/strong><\/span><\/p>\n<p><span style=\"color: #212020;font-size: 12pt\"><span style=\"font-family: Arial, serif\"><b>Mehr Infos: <\/b><\/span><\/span><\/p>\n<p><span style=\"font-size: 12pt\"><span style=\"color: #212020\"><span style=\"font-family: Arial, serif\">Seniorenportal Bergheim,<br \/>\nHans-J\u00fcrgen-Knabben,<br \/>\nTelefon 0171 \/ 33 57 218,<br \/>\nE-Mail: <\/span><\/span><a><span style=\"color: #165d9f\"><span style=\"font-family: Arial, serif\">senioren-online@gmx.de<\/span><\/span><\/a><span style=\"color: #212020\"><span style=\"font-family: Arial, serif\">.<\/span><\/span><\/span><\/p>\n<p><span style=\"color: #212020;font-size: 12pt\"><span style=\"font-family: Arial, serif\">Stadt Bergheim,<br \/>\nKatrin Tegude,<br \/>\nFachstelle \u00c4lterwerden,<br \/>\nTelefon: 02271\/ 89 529<br \/>\n<\/span><\/span><span style=\"color: #212020\"><span style=\"font-family: Arial, serif\"><span style=\"font-size: 12pt\">E-Mail: <a href=\"mailto:aelterwerden@bergheim.de\">aelterwerden@bergheim.de<\/a><\/span> <\/span><\/span><\/p>\n","protected":false},"excerpt":{"rendered":"<p>Seit\u00a0\u00fcber f\u00fcnf Jahren dreht sich beim Seniorenportal Bergheim alles um das Thema \u00c4lterwerden. Hier finden Sie n\u00fctzliche Informationen, Tipps und Termine und k\u00f6nnen Ihre Erfahrungen weitergeben \u2013 frei nach dem Motto \u201eGemeinsam geht\u2019s besser\u201c. Auf Initiative der Stadt Bergheim entstanden, k\u00fcmmert sich heute ein\u00a0 ehrenamtliches Redaktionsteam selbst\u00e4ndig um die Inhalte der Webseite. <\/p>\n<p>Ob Gesundheit, &hellip; <\/p>\n<p><a class=\"more-link btn\" href=\"https:\/\/unser-quartier.de\/stadt-bergheim\/2017\/04\/ein-portal-nicht-nur-fuer-senioren\/\">Weiterlesen<\/a><\/p>\n","protected":false},"author":48,"featured_media":0,"comment_status":"open","ping_status":"open","sticky":false,"template":"","format":"standard","meta":{"_bbp_topic_count":0,"_bbp_reply_count":0,"_bbp_total_topic_count":0,"_bbp_total_reply_count":0,"_bbp_voice_count":0,"_bbp_anonymous_reply_count":0,"_bbp_topic_count_hidden":0,"_bbp_reply_count_hidden":0,"_bbp_forum_subforum_count":0,"jetpack_post_was_ever_published":false,"_jetpack_newsletter_access":"","_jetpack_dont_email_post_to_subs":false,"_jetpack_newsletter_tier_id":0,"_jetpack_memberships_contains_paywalled_content":false,"_jetpack_memberships_contains_paid_content":false,"footnotes":""},"categories":[1,58,63,75,65,59,71,66,80,69,61,68,70,62,72,64,78],"tags":[],"class_list":["post-14067","post","type-post","status-publish","format-standard","hentry","category-allgemein","category-alltagshilfen","category-beratung","category-buntes-brett","category-demenz","category-freiwilliges-engagement","category-freizeit","category-gesundheit","category-humor","category-informationen-zum-internet","category-interkulturell","category-mobilitaet","category-neue-altersbilder","category-rechtliches-fuer-senioren","category-tipps","category-weitere-sozialdienste","category-zeitschrift","item-wrap"],"jetpack_sharing_enabled":true,"jetpack_featured_media_url":"","jetpack_shortlink":"https:\/\/wp.me\/p3vhfJ-3ET","jetpack_likes_enabled":true,"_links":{"self":[{"href":"https:\/\/unser-quartier.de\/stadt-bergheim\/wp-json\/wp\/v2\/posts\/14067","targetHints":{"allow":["GET"]}}],"collection":[{"href":"https:\/\/unser-quartier.de\/stadt-bergheim\/wp-json\/wp\/v2\/posts"}],"about":[{"href":"https:\/\/unser-quartier.de\/stadt-bergheim\/wp-json\/wp\/v2\/types\/post"}],"author":[{"embeddable":true,"href":"https:\/\/unser-quartier.de\/stadt-bergheim\/wp-json\/wp\/v2\/users\/48"}],"replies":[{"embeddable":true,"href":"https:\/\/unser-quartier.de\/stadt-bergheim\/wp-json\/wp\/v2\/comments?post=14067"}],"version-history":[{"count":0,"href":"https:\/\/unser-quartier.de\/stadt-bergheim\/wp-json\/wp\/v2\/posts\/14067\/revisions"}],"wp:attachment":[{"href":"https:\/\/unser-quartier.de\/stadt-bergheim\/wp-json\/wp\/v2\/media?parent=14067"}],"wp:term":[{"taxonomy":"category","embeddable":true,"href":"https:\/\/unser-quartier.de\/stadt-bergheim\/wp-json\/wp\/v2\/categories?post=14067"},{"taxonomy":"post_tag","embeddable":true,"href":"https:\/\/unser-quartier.de\/stadt-bergheim\/wp-json\/wp\/v2\/tags?post=14067"}],"curies":[{"name":"wp","href":"https:\/\/api.w.org\/{rel}","templated":true}]}}