{"id":14111,"date":"2017-03-31T12:00:39","date_gmt":"2017-03-31T10:00:39","guid":{"rendered":"https:\/\/unser-quartier.de\/stadt-bergheim\/?p=14111"},"modified":"2017-03-31T15:46:40","modified_gmt":"2017-03-31T13:46:40","slug":"ostermaerkte-im-rheinland","status":"publish","type":"post","link":"https:\/\/unser-quartier.de\/stadt-bergheim\/2017\/03\/ostermaerkte-im-rheinland\/","title":{"rendered":"Osterm\u00e4rkte im Rheinland &#8230;"},"content":{"rendered":"<div class=\"gmail_default\"><span style=\"font-size: 12pt\">Wer Ideen sucht f\u00fcrs Fest, oder einfach mit den Enkeln ein sch\u00f6nes Ausflugsziel sucht&#8230; hier ist eine Auswahl von besonders sch\u00f6nen Osterm\u00e4rkten:<\/span><\/div>\n<div class=\"gmail_default\"><span style=\"font-size: 12pt\">.<\/span><\/div>\n<div class=\"gmail_default\"><span style=\"color: #0000ff;font-size: 12pt\">Schloss Burg, Solingen<\/span><\/div>\n<div class=\"gmail_default\"><span style=\"color: #000000;font-size: 12pt\">Im Schloss und in den H\u00f6fen werden Kunsthandwerk, fr\u00fchlingshafter Blumenschmuck, \u00f6sterliche Dekorationen und Textilien, sowie ausgefallener Schmuck ausgestellt.<\/span><\/div>\n<div class=\"gmail_default\"><span style=\"color: #000000;font-size: 12pt\">Zus\u00e4tzlich kann man das Osterlager der &#8220;Wahren Bergischen Ritterschaft&#8221; im Innenhof besuchen.<\/span><\/div>\n<div class=\"gmail_default\"><span style=\"color: #000000;font-size: 12pt\">Auf dem Vorplatz gibt es Reibekuchen, hei\u00dfer Schafsk\u00e4se, Flammkuchen und sizilianische Reisb\u00e4llchen.<\/span><\/div>\n<div class=\"gmail_default\"><span style=\"color: #000000;font-size: 12pt\">Von hier hat man einen herrlichen Blick \u00fcber die Wupper und das Bergische Land.<\/span><\/div>\n<div class=\"gmail_default\"><span style=\"color: #000000;font-size: 12pt\">Termin: 1. und 2. April, von 10 &#8211; 18 Uhr.<\/span><\/div>\n<div class=\"gmail_default\"><span style=\"color: #000000;font-size: 12pt\">Eintritt: 5 Euro, erm\u00e4\u00dfigt 2,50 Euro<\/span><\/div>\n<div class=\"gmail_default\"><span style=\"color: #000000;font-size: 12pt\">Adresse: Schlossplatz2<\/span><\/div>\n<div class=\"gmail_default\"><span style=\"color: #000000;font-size: 12pt\">42659 Solingen<\/span><\/div>\n<div class=\"gmail_default\"><span style=\"color: #000000;font-size: 12pt\">.<\/span><\/div>\n<div class=\"gmail_default\"><span style=\"color: #0000ff;font-size: 12pt\">Ostermarkt in Kaarst<\/span><\/div>\n<div class=\"gmail_default\"><span style=\"color: #000000;font-size: 12pt\">Rund 60 St\u00e4nde, vor allem Kunsthandwerker bieten ihre oft ungew\u00f6hnlichen Arbeiten und Ideen f\u00fcr Haus und Garten an. Vielen kann man bei der Arbeit zuschauen. Handarbeit wird gro\u00df geschrieben und es wird gen\u00e4ht, ges\u00e4gt, geschraubt, gemalt, gedruckt, gebogen, gestrickt und gefilzt. Es gibt Mitmachaktionen f\u00fcr Kinder und nat\u00fcrlich gastronomische Angebote.<\/span><\/div>\n<div class=\"gmail_default\"><span style=\"color: #000000;font-size: 12pt\">Termin: 2. April, 11 &#8211; 18 Uhr<\/span><\/div>\n<div class=\"gmail_default\"><span style=\"color: #000000;font-size: 12pt\">Eintritt ist frei<\/span><\/div>\n<div class=\"gmail_default\"><span style=\"color: #000000;font-size: 12pt\">Adresse: Rathausplatz , Am Neumarkt, Maubishof, Maubisstra\u00dfe<\/span><\/div>\n<div class=\"gmail_default\"><span style=\"color: #000000;font-size: 12pt\">41564 Kaarst<\/span><\/div>\n<div class=\"gmail_default\"><span style=\"color: #000000;font-size: 12pt\">.<\/span><\/div>\n<div class=\"gmail_default\"><span style=\"color: #0000ff;font-size: 12pt\">Fr\u00fchlings- und Ostermarkt in Wachtendonk<\/span><\/div>\n<div class=\"gmail_default\"><span style=\"color: #000000;font-size: 12pt\">Am Niederrhein dreht sich alles um Natur und Ostern. F\u00fcr die kleinen Besucher gibt es ein Kinderprogramm, auch k\u00f6nnen Ziegen und Schafe gestreichelt werden.<\/span><\/div>\n<div class=\"gmail_default\"><span style=\"color: #000000;font-size: 12pt\">Im B\u00fcrgerhaus und auf dem Klosterhof wartet ein buntes Angebot: fr\u00fchlingshafte Deko, T\u00fcrkr\u00e4nze, T\u00f6pferarbeiten, alles rund ums Huhn und Accessoires. Die \u00f6rtliche Gastronomie sorgt f\u00fcr das leibliche Wohl.<\/span><\/div>\n<div class=\"gmail_default\"><span style=\"color: #000000;font-size: 12pt\">Termin: 2. April<\/span><\/div>\n<div class=\"gmail_default\"><span style=\"color: #000000;font-size: 12pt\">Eintritt ist frei<\/span><\/div>\n<div class=\"gmail_default\"><span style=\"color: #000000;font-size: 12pt\">Adresse: Kirchplatz 3<\/span><\/div>\n<div class=\"gmail_default\"><span style=\"color: #000000;font-size: 12pt\">47669 Wachtendonk<\/span><\/div>\n<div class=\"gmail_default\"><span style=\"color: #000000;font-size: 12pt\">.<\/span><\/div>\n<div class=\"gmail_default\"><span style=\"color: #0000ff;font-size: 12pt\">individuELLER Ostermarkt<\/span><\/div>\n<div class=\"gmail_default\"><span style=\"color: #000000;font-size: 12pt\">Mit viel Liebe zu Detail veranstaltet die Werbegemeinschaft Eller ein buntes Mitmachprogramm mit vielen Aktionen f\u00fcr Kinder. Die Verkaufsst\u00e4nde bieten Sch\u00f6nes, Schm\u00fcckendes, Bl\u00fchendes, Handwerkliches und Dekoratives.<\/span><\/div>\n<div class=\"gmail_default\"><span style=\"color: #000000;font-size: 12pt\">Termin: 2. April, 11 &#8211; 18 Uhr<\/span><\/div>\n<div class=\"gmail_default\"><span style=\"color: #000000;font-size: 12pt\">Eintritt ist frei<\/span><\/div>\n<div class=\"gmail_default\"><span style=\"color: #000000;font-size: 12pt\">Adresse: Gertrudisplatz<\/span><\/div>\n<div class=\"gmail_default\"><span style=\"color: #000000;font-size: 12pt\">40229 D\u00fcsseldorf<\/span><\/div>\n<div class=\"gmail_default\"><span style=\"color: #000000;font-size: 12pt\">.<\/span><\/div>\n<div class=\"gmail_default\"><span style=\"color: #0000ff;font-size: 12pt\">Fr\u00fchlingsmarkt auf Gut Schiff<\/span><\/div>\n<div class=\"gmail_default\"><span style=\"color: #000000;font-size: 12pt\">Hier auf dem Erlebnis-Bauernhof in Herrenstrunden k\u00f6nnen Kinder Osterk\u00f6rbe basten, Eier bemalen oder einfach nur rumtoben oder Tiere anschauen.<\/span><\/div>\n<div class=\"gmail_default\"><span style=\"color: #000000;font-size: 12pt\">Es gibt Livemusik, viel Kunsthandwerk aus Keramik, Holz oder Leder, viele Produkte rund um den Garten. Auch Kleidung und Schmuck und viele regionale Leckereien werden angeboten.<\/span><\/div>\n<div class=\"gmail_default\"><span style=\"color: #000000;font-size: 12pt\">Termin: 8. 4., 11 &#8211; 19 Uhr und 9.4. 11 &#8211; 18 Uhr<\/span><\/div>\n<div class=\"gmail_default\"><span style=\"color: #000000;font-size: 12pt\">Eintritt: 7 Euro, Kinder ab 6 Jahren 4 Euro.<\/span><\/div>\n<div class=\"gmail_default\"><span style=\"color: #000000;font-size: 12pt\">Adresse: Schiff 1<\/span><\/div>\n<div class=\"gmail_default\"><span style=\"color: #000000;font-size: 12pt\">51465 Bergisch Gladbach<\/span><\/div>\n<div class=\"gmail_default\"><span style=\"color: #000000;font-size: 12pt\">.<\/span><\/div>\n<div class=\"gmail_default\"><span style=\"color: #0000ff;font-size: 12pt\">Kunst am Ei in Zons<\/span><\/div>\n<div class=\"gmail_default\"><span style=\"color: #000000;font-size: 12pt\">im Kreismuseum in Zons kann man vielf\u00e4ltige Arten der Eiergestaltung bestaunen.<\/span><\/div>\n<div class=\"gmail_default\"><span style=\"color: #000000;font-size: 12pt\">Die Kunsthandwerker zeichen, malen, kratzen, fr\u00e4sen, perforieren, batiken ihre Motive auf das Ei.. oder schm\u00fccken sie mit Stroh, Wachs, Perlen, Seidenf\u00e4den oder getrockneten Bl\u00fcten.<\/span><\/div>\n<div class=\"gmail_default\"><span style=\"color: #000000;font-size: 12pt\">Kinder d\u00fcrfen die Techniken teilweise selbst ausprobieren.<\/span><\/div>\n<div class=\"gmail_default\"><span style=\"color: #000000;font-size: 12pt\">Termin: 15. &#8211; 17. April, 11 &#8211; 18 Uhr<\/span><\/div>\n<div class=\"gmail_default\"><span style=\"color: #000000;font-size: 12pt\">Eintritt: 4 Euro, erm\u00e4\u00dfigt 1,50 Euro<\/span><\/div>\n<div class=\"gmail_default\"><span style=\"color: #000000;font-size: 12pt\">Adresse: Schlo\u00dfstra\u00dfe 1<\/span><\/div>\n<div class=\"gmail_default\"><span style=\"color: #000000;font-size: 12pt\">41541 Dormagen<\/span><\/div>\n<div class=\"gmail_default\"><span style=\"color: #000000;font-size: 12pt\">.<\/span><\/div>\n<div class=\"gmail_default\"><span style=\"color: #0000ff;font-size: 12pt\">Ostermarkt auf Burg Satzvey<\/span><\/div>\n<div class=\"gmail_default\"><span style=\"font-size: 12pt\">Auf der historischen Wasserburganlage wird der Fr\u00fchling begr\u00fc\u00dft mit Gauklerei, Zauberspa\u00df, Osterbasteln, Riesenseifenblasen und Leierkasten. Auf dem mittelalterlichen Handerkermarkt sorgt die Gauklerkapelle &#8220;Trio Grande&#8221; mit fantasievollen Kost\u00fcmen und witzigen Variet\u00e9nummern f\u00fcr Unterhaltung. Im Burghof steht ein historisches Karussel und um 15 Uhr wird an beiden Tagen der Osterhase mit den Kindern auf Eiersuche hoppeln.<\/span><\/div>\n<div class=\"gmail_default\"><span style=\"font-size: 12pt\">Termin: 16. und 17. April, 12 &#8211; 19 Uhr<\/span><\/div>\n<div class=\"gmail_default\"><span style=\"font-size: 12pt\">Eintritt: 8 Euro, erm\u00e4\u00dfigt 6,50 Euro, Kinder 4 Euro<\/span><\/div>\n<div class=\"gmail_default\"><span style=\"font-size: 12pt\">Adresse: An der Burg 3<\/span><\/div>\n<div class=\"gmail_default\"><span style=\"font-size: 12pt\">53894 Mechernich-Satzvey<\/span><\/div>\n<div class=\"gmail_default\"><span style=\"font-size: 12pt\">.<\/span><\/div>\n<div class=\"gmail_default\"><span style=\"color: #0000ff;font-size: 12pt\">Schlossfr\u00fchling auf Schloss Dyck<\/span><\/div>\n<div class=\"gmail_default\"><span style=\"color: #000000;font-size: 12pt\">im weitl\u00e4ufigen Park um das Schloss dominieren beim Fr\u00fchlings- und Ostermarkt die St\u00e4nde der Blumen und Pflanzenh\u00e4ndler.<\/span><\/div>\n<div class=\"gmail_default\"><span style=\"color: #000000;font-size: 12pt\">In der Orangerie und im Schloss gibt es sch\u00f6ne Dekoration, M\u00f6bel, Gartenaccessoires, Schmuck, Kleidung, Weine und Leckereien. Im Gel\u00e4nde sind Oster\u00fcberraschungen f\u00fcr Kinder versteckt.<\/span><\/div>\n<div class=\"gmail_default\"><span style=\"color: #000000;font-size: 12pt\">Termin: 16. und 17. April, 10 &#8211; 18 Uhr<\/span><\/div>\n<div class=\"gmail_default\"><span style=\"color: #000000;font-size: 12pt\">Eintritt: 13 Euro, erm\u00e4\u00dfigt 10 Euro, Kinder 1,50 Euro<\/span><\/div>\n<div class=\"gmail_default\"><span style=\"color: #000000;font-size: 12pt\">Adresse: Dycker Stra\u00dfe\u00a0<\/span><\/div>\n<div class=\"gmail_default\"><span style=\"color: #000000;font-size: 12pt\">41363 J\u00fcchen<\/span><\/div>\n<div class=\"gmail_default\">.<\/div>\n<div class=\"gmail_default\">.<\/div>\n<div class=\"gmail_default\"><strong><span style=\"color: #3366ff\"><span style=\"font-size: medium\">Wer aber lieber in der sch\u00f6nen Stadt Bergheim bleiben will, der schaut beim Wahrzeichen vorbei. <\/span><span style=\"font-size: 12pt\">Auch in diesem Jahr wieder: Die Osterkirmes auf der Fl\u00e4che vor dem Aachener Tor vom 15.04.2017 bis zum 23.04.2017!<br \/>\n<\/span><span style=\"font-size: 12pt\">Zum sechsten Mal wird die Osterkirmes in der Kreisstadt Bergheim veranstaltet.<br \/>\nSie findet in diesem Jahr vom\u00a015.04. bis zum 23.04.2017\u00a0statt.<\/span><\/span><\/strong><br \/>\n<span style=\"font-size: 12pt\"><strong><span style=\"color: #3366ff\"> Die\u00a0Osterkirmes l\u00e4dt\u00a0zum Spaziergang,<br \/>\nzum Naschen und zum Adrenalinschub ein.<\/span><\/strong><br \/>\n.<br \/>\n<\/span><\/div>\n<div class=\"gmail_default\"><a href=\"https:\/\/unser-quartier.de\/stadt-bergheim\/2017\/03\/ostermaerkte-im-rheinland\/easter-2164300__340\/\" rel=\"attachment wp-att-14112\"><img data-recalc-dims=\"1\" loading=\"lazy\" decoding=\"async\" data-attachment-id=\"14112\" data-permalink=\"https:\/\/unser-quartier.de\/stadt-bergheim\/2017\/03\/ostermaerkte-im-rheinland\/easter-2164300__340\/\" data-orig-file=\"https:\/\/i0.wp.com\/unser-quartier.de\/stadt-bergheim\/files\/2017\/03\/easter-2164300__340.jpg?fit=850%2C340&amp;ssl=1\" data-orig-size=\"850,340\" data-comments-opened=\"0\" data-image-meta=\"{&quot;aperture&quot;:&quot;0&quot;,&quot;credit&quot;:&quot;&quot;,&quot;camera&quot;:&quot;&quot;,&quot;caption&quot;:&quot;&quot;,&quot;created_timestamp&quot;:&quot;0&quot;,&quot;copyright&quot;:&quot;&quot;,&quot;focal_length&quot;:&quot;0&quot;,&quot;iso&quot;:&quot;0&quot;,&quot;shutter_speed&quot;:&quot;0&quot;,&quot;title&quot;:&quot;&quot;,&quot;orientation&quot;:&quot;0&quot;}\" data-image-title=\"easter-2164300__340\" data-image-description=\"\" data-image-caption=\"\" data-medium-file=\"https:\/\/i0.wp.com\/unser-quartier.de\/stadt-bergheim\/files\/2017\/03\/easter-2164300__340.jpg?fit=300%2C120&amp;ssl=1\" data-large-file=\"https:\/\/i0.wp.com\/unser-quartier.de\/stadt-bergheim\/files\/2017\/03\/easter-2164300__340.jpg?fit=770%2C308&amp;ssl=1\" class=\"alignnone wp-image-14112 \" src=\"https:\/\/i0.wp.com\/unser-quartier.de\/stadt-bergheim\/files\/2017\/03\/easter-2164300__340.jpg?resize=568%2C227&#038;ssl=1\" alt=\"\" width=\"568\" height=\"227\" srcset=\"https:\/\/i0.wp.com\/unser-quartier.de\/stadt-bergheim\/files\/2017\/03\/easter-2164300__340.jpg?w=850&amp;ssl=1 850w, https:\/\/i0.wp.com\/unser-quartier.de\/stadt-bergheim\/files\/2017\/03\/easter-2164300__340.jpg?resize=150%2C60&amp;ssl=1 150w, https:\/\/i0.wp.com\/unser-quartier.de\/stadt-bergheim\/files\/2017\/03\/easter-2164300__340.jpg?resize=300%2C120&amp;ssl=1 300w, https:\/\/i0.wp.com\/unser-quartier.de\/stadt-bergheim\/files\/2017\/03\/easter-2164300__340.jpg?resize=768%2C307&amp;ssl=1 768w\" sizes=\"auto, (max-width: 568px) 100vw, 568px\" \/><\/a> <a href=\"https:\/\/unser-quartier.de\/stadt-bergheim\/2017\/03\/ostermaerkte-im-rheinland\/easter-eggs-2160219__340\/\" rel=\"attachment wp-att-14113\"><img data-recalc-dims=\"1\" loading=\"lazy\" decoding=\"async\" data-attachment-id=\"14113\" data-permalink=\"https:\/\/unser-quartier.de\/stadt-bergheim\/2017\/03\/ostermaerkte-im-rheinland\/easter-eggs-2160219__340\/\" data-orig-file=\"https:\/\/i0.wp.com\/unser-quartier.de\/stadt-bergheim\/files\/2017\/03\/easter-eggs-2160219__340.jpg?fit=510%2C340&amp;ssl=1\" data-orig-size=\"510,340\" data-comments-opened=\"0\" data-image-meta=\"{&quot;aperture&quot;:&quot;10&quot;,&quot;credit&quot;:&quot;&quot;,&quot;camera&quot;:&quot;NIKON D7100&quot;,&quot;caption&quot;:&quot;&quot;,&quot;created_timestamp&quot;:&quot;0&quot;,&quot;copyright&quot;:&quot;&quot;,&quot;focal_length&quot;:&quot;40&quot;,&quot;iso&quot;:&quot;100&quot;,&quot;shutter_speed&quot;:&quot;0.4&quot;,&quot;title&quot;:&quot;&quot;,&quot;orientation&quot;:&quot;0&quot;}\" data-image-title=\"easter-eggs-2160219__340\" data-image-description=\"\" data-image-caption=\"\" data-medium-file=\"https:\/\/i0.wp.com\/unser-quartier.de\/stadt-bergheim\/files\/2017\/03\/easter-eggs-2160219__340.jpg?fit=300%2C200&amp;ssl=1\" data-large-file=\"https:\/\/i0.wp.com\/unser-quartier.de\/stadt-bergheim\/files\/2017\/03\/easter-eggs-2160219__340.jpg?fit=510%2C340&amp;ssl=1\" class=\"alignnone wp-image-14113\" src=\"https:\/\/i0.wp.com\/unser-quartier.de\/stadt-bergheim\/files\/2017\/03\/easter-eggs-2160219__340.jpg?resize=568%2C378&#038;ssl=1\" alt=\"\" width=\"568\" height=\"378\" srcset=\"https:\/\/i0.wp.com\/unser-quartier.de\/stadt-bergheim\/files\/2017\/03\/easter-eggs-2160219__340.jpg?w=510&amp;ssl=1 510w, https:\/\/i0.wp.com\/unser-quartier.de\/stadt-bergheim\/files\/2017\/03\/easter-eggs-2160219__340.jpg?resize=150%2C100&amp;ssl=1 150w, https:\/\/i0.wp.com\/unser-quartier.de\/stadt-bergheim\/files\/2017\/03\/easter-eggs-2160219__340.jpg?resize=300%2C200&amp;ssl=1 300w\" sizes=\"auto, (max-width: 568px) 100vw, 568px\" \/><\/a><\/div>\n","protected":false},"excerpt":{"rendered":"<p>Wer Ideen sucht f\u00fcrs Fest, oder einfach mit den Enkeln ein sch\u00f6nes Ausflugsziel sucht&#8230; hier ist eine Auswahl von besonders sch\u00f6nen Osterm\u00e4rkten: . Schloss Burg, Solingen Im Schloss und in den H\u00f6fen werden Kunsthandwerk, fr\u00fchlingshafter Blumenschmuck, \u00f6sterliche Dekorationen und Textilien, sowie ausgefallener Schmuck ausgestellt. Zus\u00e4tzlich kann man das Osterlager der &#8220;Wahren Bergischen Ritterschaft&#8221; im Innenhof &hellip; <\/p>\n<p><a class=\"more-link btn\" href=\"https:\/\/unser-quartier.de\/stadt-bergheim\/2017\/03\/ostermaerkte-im-rheinland\/\">Weiterlesen<\/a><\/p>\n","protected":false},"author":48,"featured_media":14117,"comment_status":"open","ping_status":"open","sticky":false,"template":"","format":"standard","meta":{"_bbp_topic_count":0,"_bbp_reply_count":0,"_bbp_total_topic_count":0,"_bbp_total_reply_count":0,"_bbp_voice_count":0,"_bbp_anonymous_reply_count":0,"_bbp_topic_count_hidden":0,"_bbp_reply_count_hidden":0,"_bbp_forum_subforum_count":0,"jetpack_post_was_ever_published":false,"_jetpack_newsletter_access":"","_jetpack_dont_email_post_to_subs":false,"_jetpack_newsletter_tier_id":0,"_jetpack_memberships_contains_paywalled_content":false,"_jetpack_memberships_contains_paid_content":false,"footnotes":""},"categories":[1,58,75,71,72],"tags":[],"class_list":["post-14111","post","type-post","status-publish","format-standard","has-post-thumbnail","hentry","category-allgemein","category-alltagshilfen","category-buntes-brett","category-freizeit","category-tipps","item-wrap"],"jetpack_sharing_enabled":true,"jetpack_featured_media_url":"https:\/\/i0.wp.com\/unser-quartier.de\/stadt-bergheim\/files\/2017\/03\/Ostern2.jpg?fit=1024%2C224&ssl=1","jetpack_shortlink":"https:\/\/wp.me\/p3vhfJ-3FB","jetpack_likes_enabled":true,"_links":{"self":[{"href":"https:\/\/unser-quartier.de\/stadt-bergheim\/wp-json\/wp\/v2\/posts\/14111","targetHints":{"allow":["GET"]}}],"collection":[{"href":"https:\/\/unser-quartier.de\/stadt-bergheim\/wp-json\/wp\/v2\/posts"}],"about":[{"href":"https:\/\/unser-quartier.de\/stadt-bergheim\/wp-json\/wp\/v2\/types\/post"}],"author":[{"embeddable":true,"href":"https:\/\/unser-quartier.de\/stadt-bergheim\/wp-json\/wp\/v2\/users\/48"}],"replies":[{"embeddable":true,"href":"https:\/\/unser-quartier.de\/stadt-bergheim\/wp-json\/wp\/v2\/comments?post=14111"}],"version-history":[{"count":0,"href":"https:\/\/unser-quartier.de\/stadt-bergheim\/wp-json\/wp\/v2\/posts\/14111\/revisions"}],"wp:featuredmedia":[{"embeddable":true,"href":"https:\/\/unser-quartier.de\/stadt-bergheim\/wp-json\/wp\/v2\/media\/14117"}],"wp:attachment":[{"href":"https:\/\/unser-quartier.de\/stadt-bergheim\/wp-json\/wp\/v2\/media?parent=14111"}],"wp:term":[{"taxonomy":"category","embeddable":true,"href":"https:\/\/unser-quartier.de\/stadt-bergheim\/wp-json\/wp\/v2\/categories?post=14111"},{"taxonomy":"post_tag","embeddable":true,"href":"https:\/\/unser-quartier.de\/stadt-bergheim\/wp-json\/wp\/v2\/tags?post=14111"}],"curies":[{"name":"wp","href":"https:\/\/api.w.org\/{rel}","templated":true}]}}