{"id":14133,"date":"2017-04-01T00:14:03","date_gmt":"2017-03-31T22:14:03","guid":{"rendered":"https:\/\/unser-quartier.de\/stadt-bergheim\/?p=14133"},"modified":"2017-04-01T22:33:21","modified_gmt":"2017-04-01T20:33:21","slug":"gute-neuigkeiten","status":"publish","type":"post","link":"https:\/\/unser-quartier.de\/stadt-bergheim\/2017\/04\/gute-neuigkeiten\/","title":{"rendered":"Gute Neuigkeiten&#8230;"},"content":{"rendered":"<div class=\"gmail_default\"><span style=\"font-size: 12pt\">Wie das Seniorenportal Bergheim in Erfahrung bringen konnte, planen die Zusteller-Firmen in den Au\u00dfenbezirken von Bergheim einen neuen Zustelldienst zu etablieren. Um die Umwelt zu schonen und den Verkehr zu entlasten, wird ein v\u00f6llig neues Konzept in eine Probephase gehen. Wenn dieses sich bew\u00e4hrt, wird es dann auch andernorts etabliert werden. Ab Montag startet das Projekt, vorl\u00e4ufig f\u00fcr drei Monate. Die Briefe<\/span> <span style=\"font-size: 12pt\">und P\u00e4ckchen bis 5 kg werden mit einer Last-Drohne an die Empf\u00e4nger gesendet. Die neuartigen Drohnen, die solargetrieben und computergesteuert sind, <\/span><span style=\"font-size: 12pt\">fliegen selbstst\u00e4ndig zum Ziel und kehren dann zum Absender zur\u00fcck. <\/span><span style=\"font-size: 12pt\">Voraussetzung daf\u00fcr ist, dass der Empf\u00e4nger \u00fcber eine Garage mit Flachdach oder einen Garten verf\u00fcgt. Mit dieser innovativen Technik wird Bergheim Vorbild sein f\u00fcr andere l\u00e4ndliche Gemeinden. Wir sind gespannt&#8230;<\/span><\/div>\n<div class=\"gmail_default\"><\/div>\n<div class=\"gmail_default\"><span style=\"color: #ff0000\"><strong><span style=\"font-size: 12pt\">Wir hoffen es hat sie nicht zu sehr verwirrt?<\/span><\/strong><\/span><\/div>\n<div class=\"gmail_default\"><span style=\"color: #ff0000\"><strong><span style=\"font-size: 12pt\">1. April war auch im Seniorenportal ein Thema&#8230;.<\/span><\/strong><\/span><\/div>\n<div class=\"gmail_default\"><\/div>\n<div class=\"gmail_default\"><\/div>\n<div class=\"gmail_default\"><a href=\"https:\/\/unser-quartier.de\/stadt-bergheim\/2017\/04\/gute-neuigkeiten\/drone-2028611_960_720\/\" rel=\"attachment wp-att-14134\"><img data-recalc-dims=\"1\" loading=\"lazy\" decoding=\"async\" data-attachment-id=\"14134\" data-permalink=\"https:\/\/unser-quartier.de\/stadt-bergheim\/2017\/04\/gute-neuigkeiten\/drone-2028611_960_720\/\" data-orig-file=\"https:\/\/i0.wp.com\/unser-quartier.de\/stadt-bergheim\/files\/2017\/03\/drone-2028611_960_720.png?fit=960%2C584&amp;ssl=1\" data-orig-size=\"960,584\" data-comments-opened=\"0\" data-image-meta=\"{&quot;aperture&quot;:&quot;0&quot;,&quot;credit&quot;:&quot;&quot;,&quot;camera&quot;:&quot;&quot;,&quot;caption&quot;:&quot;&quot;,&quot;created_timestamp&quot;:&quot;0&quot;,&quot;copyright&quot;:&quot;&quot;,&quot;focal_length&quot;:&quot;0&quot;,&quot;iso&quot;:&quot;0&quot;,&quot;shutter_speed&quot;:&quot;0&quot;,&quot;title&quot;:&quot;&quot;,&quot;orientation&quot;:&quot;0&quot;}\" data-image-title=\"drone-2028611_960_720\" data-image-description=\"\" data-image-caption=\"\" data-medium-file=\"https:\/\/i0.wp.com\/unser-quartier.de\/stadt-bergheim\/files\/2017\/03\/drone-2028611_960_720.png?fit=300%2C183&amp;ssl=1\" data-large-file=\"https:\/\/i0.wp.com\/unser-quartier.de\/stadt-bergheim\/files\/2017\/03\/drone-2028611_960_720.png?fit=770%2C468&amp;ssl=1\" class=\"alignnone size-full wp-image-14134\" src=\"https:\/\/i0.wp.com\/unser-quartier.de\/stadt-bergheim\/files\/2017\/03\/drone-2028611_960_720.png?resize=770%2C468&#038;ssl=1\" alt=\"\" width=\"770\" height=\"468\" srcset=\"https:\/\/i0.wp.com\/unser-quartier.de\/stadt-bergheim\/files\/2017\/03\/drone-2028611_960_720.png?w=960&amp;ssl=1 960w, https:\/\/i0.wp.com\/unser-quartier.de\/stadt-bergheim\/files\/2017\/03\/drone-2028611_960_720.png?resize=150%2C91&amp;ssl=1 150w, https:\/\/i0.wp.com\/unser-quartier.de\/stadt-bergheim\/files\/2017\/03\/drone-2028611_960_720.png?resize=300%2C183&amp;ssl=1 300w, https:\/\/i0.wp.com\/unser-quartier.de\/stadt-bergheim\/files\/2017\/03\/drone-2028611_960_720.png?resize=768%2C467&amp;ssl=1 768w\" sizes=\"auto, (max-width: 770px) 100vw, 770px\" \/><\/a><\/div>\n","protected":false},"excerpt":{"rendered":"<p>Wie das Seniorenportal Bergheim in Erfahrung bringen konnte, planen die Zusteller-Firmen in den Au\u00dfenbezirken von Bergheim einen neuen Zustelldienst zu etablieren. Um die Umwelt zu schonen und den Verkehr zu entlasten, wird ein v\u00f6llig neues Konzept in eine Probephase gehen. Wenn dieses sich bew\u00e4hrt, wird es dann auch andernorts etabliert werden. Ab Montag startet das &hellip; <\/p>\n<p><a class=\"more-link btn\" href=\"https:\/\/unser-quartier.de\/stadt-bergheim\/2017\/04\/gute-neuigkeiten\/\">Weiterlesen<\/a><\/p>\n","protected":false},"author":48,"featured_media":0,"comment_status":"open","ping_status":"open","sticky":false,"template":"","format":"standard","meta":{"_bbp_topic_count":0,"_bbp_reply_count":0,"_bbp_total_topic_count":0,"_bbp_total_reply_count":0,"_bbp_voice_count":0,"_bbp_anonymous_reply_count":0,"_bbp_topic_count_hidden":0,"_bbp_reply_count_hidden":0,"_bbp_forum_subforum_count":0,"jetpack_post_was_ever_published":false,"_jetpack_newsletter_access":"","_jetpack_dont_email_post_to_subs":false,"_jetpack_newsletter_tier_id":0,"_jetpack_memberships_contains_paywalled_content":false,"_jetpack_memberships_contains_paid_content":false,"footnotes":""},"categories":[1,75,80],"tags":[],"class_list":["post-14133","post","type-post","status-publish","format-standard","hentry","category-allgemein","category-buntes-brett","category-humor","item-wrap"],"jetpack_sharing_enabled":true,"jetpack_featured_media_url":"","jetpack_shortlink":"https:\/\/wp.me\/p3vhfJ-3FX","jetpack_likes_enabled":true,"_links":{"self":[{"href":"https:\/\/unser-quartier.de\/stadt-bergheim\/wp-json\/wp\/v2\/posts\/14133","targetHints":{"allow":["GET"]}}],"collection":[{"href":"https:\/\/unser-quartier.de\/stadt-bergheim\/wp-json\/wp\/v2\/posts"}],"about":[{"href":"https:\/\/unser-quartier.de\/stadt-bergheim\/wp-json\/wp\/v2\/types\/post"}],"author":[{"embeddable":true,"href":"https:\/\/unser-quartier.de\/stadt-bergheim\/wp-json\/wp\/v2\/users\/48"}],"replies":[{"embeddable":true,"href":"https:\/\/unser-quartier.de\/stadt-bergheim\/wp-json\/wp\/v2\/comments?post=14133"}],"version-history":[{"count":0,"href":"https:\/\/unser-quartier.de\/stadt-bergheim\/wp-json\/wp\/v2\/posts\/14133\/revisions"}],"wp:attachment":[{"href":"https:\/\/unser-quartier.de\/stadt-bergheim\/wp-json\/wp\/v2\/media?parent=14133"}],"wp:term":[{"taxonomy":"category","embeddable":true,"href":"https:\/\/unser-quartier.de\/stadt-bergheim\/wp-json\/wp\/v2\/categories?post=14133"},{"taxonomy":"post_tag","embeddable":true,"href":"https:\/\/unser-quartier.de\/stadt-bergheim\/wp-json\/wp\/v2\/tags?post=14133"}],"curies":[{"name":"wp","href":"https:\/\/api.w.org\/{rel}","templated":true}]}}