{"id":14162,"date":"2017-04-03T15:19:22","date_gmt":"2017-04-03T13:19:22","guid":{"rendered":"https:\/\/unser-quartier.de\/stadt-bergheim\/?p=14162"},"modified":"2017-04-03T15:20:41","modified_gmt":"2017-04-03T13:20:41","slug":"wohnen-fuer-hilfe","status":"publish","type":"post","link":"https:\/\/unser-quartier.de\/stadt-bergheim\/2017\/04\/wohnen-fuer-hilfe\/","title":{"rendered":"Wohnen f\u00fcr Hilfe"},"content":{"rendered":"<p><strong>\u201eGemeinsam geht\u2019s besser\u201c, da ist was dran &#8211; findet unsere Autorin Inge Hoek.<\/strong><\/p>\n<p>Im Projekt \u201eWohnen f\u00fcr Hilfe\u201c bieten Hilfebed\u00fcrftige, oft Senioren oder Menschen mit Handicap, die allein in einem gro\u00dfen Haus wohnen, Studenten f\u00fcr wenig Geld die M\u00f6glichkeit gemeinsam mit ihnen in diesem Haus zu wohnen.<\/p>\n<p>Als Gegenleistung sollen die Studenten diese Hilfebed\u00fcrftigen im Haushalt unterst\u00fctzen und ihnen andere notwendige Hilfestellungen im t\u00e4glichen Leben geben.<\/p>\n<p>\u201eWohnen f\u00fcr Hilfe\u201c wird in vielen St\u00e4dten angeboten. Auch in K\u00f6ln gibt es ein solches Angebot.<\/p>\n<p>N\u00e4here Informationen und die Ansprechpartner finden Sie im Internet unter<\/p>\n<p><a href=\"http:\/\/www.wfh-koeln.de\"><strong>\u201eWohnen f\u00fcr Hilfe \u2013 K\u00f6ln\u201c<\/strong><\/a><\/p>\n<p>Kontakt:<\/p>\n<p><strong>Universit\u00e4t zu K\u00f6ln<\/strong><br \/>\nHumanwissenschaftliche Fakult\u00e4t<\/p>\n<p><em>Wohnen f\u00fcr Hilfe<\/em><br \/>\nWohnpartnerschaften in K\u00f6ln<br \/>\nFrangenheimstr. 4<\/p>\n<p>50931 K\u00f6ln<\/p>\n<p><a href=\"mailto:wfh-hf@uni-koeln.de\" target=\"_blank\">wfh-hf(at)uni-koeln.de<\/a><\/p>\n<p>&nbsp;<\/p>\n<p>&nbsp;<\/p>\n","protected":false},"excerpt":{"rendered":"<p><strong>\u201eGemeinsam geht\u2019s besser\u201c, da ist was dran &#8211; findet unsere Autorin Inge Hoek.<\/strong><\/p>\n<p>Im Projekt \u201eWohnen f\u00fcr Hilfe\u201c bieten Hilfebed\u00fcrftige, oft Senioren oder Menschen mit Handicap, die allein in einem gro\u00dfen Haus wohnen, Studenten f\u00fcr wenig Geld die M\u00f6glichkeit gemeinsam mit ihnen in diesem Haus zu wohnen.<\/p>\n<p>Als Gegenleistung sollen die Studenten diese Hilfebed\u00fcrftigen im &hellip; <\/p>\n<p><a class=\"more-link btn\" href=\"https:\/\/unser-quartier.de\/stadt-bergheim\/2017\/04\/wohnen-fuer-hilfe\/\">Weiterlesen<\/a><\/p>\n","protected":false},"author":133,"featured_media":0,"comment_status":"open","ping_status":"open","sticky":false,"template":"","format":"standard","meta":{"_bbp_topic_count":0,"_bbp_reply_count":0,"_bbp_total_topic_count":0,"_bbp_total_reply_count":0,"_bbp_voice_count":0,"_bbp_anonymous_reply_count":0,"_bbp_topic_count_hidden":0,"_bbp_reply_count_hidden":0,"_bbp_forum_subforum_count":0,"jetpack_post_was_ever_published":false,"_jetpack_newsletter_access":"","_jetpack_dont_email_post_to_subs":false,"_jetpack_newsletter_tier_id":0,"_jetpack_memberships_contains_paywalled_content":false,"_jetpack_memberships_contains_paid_content":false,"footnotes":""},"categories":[1],"tags":[],"class_list":["post-14162","post","type-post","status-publish","format-standard","hentry","category-allgemein","item-wrap"],"jetpack_sharing_enabled":true,"jetpack_featured_media_url":"","jetpack_shortlink":"https:\/\/wp.me\/p3vhfJ-3Gq","jetpack_likes_enabled":true,"_links":{"self":[{"href":"https:\/\/unser-quartier.de\/stadt-bergheim\/wp-json\/wp\/v2\/posts\/14162","targetHints":{"allow":["GET"]}}],"collection":[{"href":"https:\/\/unser-quartier.de\/stadt-bergheim\/wp-json\/wp\/v2\/posts"}],"about":[{"href":"https:\/\/unser-quartier.de\/stadt-bergheim\/wp-json\/wp\/v2\/types\/post"}],"author":[{"embeddable":true,"href":"https:\/\/unser-quartier.de\/stadt-bergheim\/wp-json\/wp\/v2\/users\/133"}],"replies":[{"embeddable":true,"href":"https:\/\/unser-quartier.de\/stadt-bergheim\/wp-json\/wp\/v2\/comments?post=14162"}],"version-history":[{"count":0,"href":"https:\/\/unser-quartier.de\/stadt-bergheim\/wp-json\/wp\/v2\/posts\/14162\/revisions"}],"wp:attachment":[{"href":"https:\/\/unser-quartier.de\/stadt-bergheim\/wp-json\/wp\/v2\/media?parent=14162"}],"wp:term":[{"taxonomy":"category","embeddable":true,"href":"https:\/\/unser-quartier.de\/stadt-bergheim\/wp-json\/wp\/v2\/categories?post=14162"},{"taxonomy":"post_tag","embeddable":true,"href":"https:\/\/unser-quartier.de\/stadt-bergheim\/wp-json\/wp\/v2\/tags?post=14162"}],"curies":[{"name":"wp","href":"https:\/\/api.w.org\/{rel}","templated":true}]}}