{"id":14195,"date":"2017-04-06T00:01:32","date_gmt":"2017-04-05T22:01:32","guid":{"rendered":"https:\/\/unser-quartier.de\/stadt-bergheim\/?p=14195"},"modified":"2017-04-05T20:21:40","modified_gmt":"2017-04-05T18:21:40","slug":"vorlese-geschichte-fuer-die-enkelchen","status":"publish","type":"post","link":"https:\/\/unser-quartier.de\/stadt-bergheim\/2017\/04\/vorlese-geschichte-fuer-die-enkelchen\/","title":{"rendered":"Vorlese &#8211; Geschichte f\u00fcr die Enkelchen &#8230;"},"content":{"rendered":"<p><span style=\"font-size: 12pt\">Der kleine Hase Peter und das Osternest<\/span><br \/>\n<span style=\"font-size: 12pt\">Peterchen wurde immer trauriger, je n\u00e4her Ostern kam. Er war so flei\u00dfig gewesen und hatte all seine Eier fertig bemalt, einige hatte er sogar mit Glitzerstaub verziert.<\/span><br \/>\n<span style=\"font-size: 12pt\">Aber jetzt lie\u00df er seine Ohren lang herunter h\u00e4ngen, vor lauter Traurigkeit. Das fiel der alten Eule auf und sie fragte: &#8220;Peter, was ist los? Alle anderen Hasen sind voller Vorfreude auf Ostern und du siehst aus, als w\u00e4ren dir s\u00e4mtliche Eier zum erbrochen!&#8221;<\/span><br \/>\n<span style=\"font-size: 12pt\">&#8220;Ach Eule,&#8221; seufzte Peter&#8230;&#8221;Wie gerne w\u00fcrde ich mich ebenfalls auf Ostern freuen.<\/span><br \/>\n<span style=\"font-size: 12pt\">Ich habe mir so viel M\u00fche gegeben mit meinen Eiern, aber meine \u00e4lteren Geschwister k\u00f6nnen viel schneller hoppeln als ich. Und wenn wir in der Nacht zum Ostersonntag die Eier verstecken, werden die sch\u00f6nen Verstecke schon alle von ihnen belegt worden sein, so war es immer.!&#8221;<\/span><br \/>\n<span style=\"font-size: 12pt\">&#8220;Ich verstehe&#8221; sagte die Eule, &#8220;Aber weil ich ein weiser Vogel bin, sage ich dir: <\/span><br \/>\n<span style=\"font-size: 12pt\">Wer seinen eigenen Weg geht, kann von niemandem \u00fcberholt werden.&#8221;<\/span><br \/>\n<span style=\"font-size: 12pt\">.<\/span><br \/>\n<span style=\"font-size: 12pt\">Auch wenn Peter nicht so genau wusste, was die Eule ihm damit sagen wollte, bedankte der kleine Hase sich h\u00f6flich und hoppelte nach Hause in den Hasenbau seiner Familie. W\u00e4hrend seine \u00e4lteren Geschwister sich am Abend im Kinderzimmer dabei \u00fcberboten, wer dieses Jahr welches Versteck mit seinen Eiern f\u00fcllen w\u00fcrde, schwieg Peter und dachte dar\u00fcber nach, was ihm die Eule gesagt hatte. Und da hatte er eine z\u00fcndende Idee, was er machen w\u00fcrde, um nicht wieder Letzter zu sein.<\/span><br \/>\n<span style=\"font-size: 12pt\">An den kommenden Tagen sah man ihn hin und her flitzen und Weidenst\u00f6ckchen und Moos sammeln. Dann, bei Nacht, sa\u00df er vor dem Bau und flocht kleine Weidenk\u00f6rbchen. In jedes legte er ein weiches Polster aus Moos und darauf eines seiner sch\u00f6nen Ostereier. Als am fr\u00fchen Morgen des Ostersonntags Hektik ausbrach und alle aufbrachen, um sich die besten Verstecke zu sichern, verteilte der kleine Hase Peter in aller Seelenruhe seine Eierk\u00f6rbchen in den G\u00e4rten.<\/span><br \/>\n<span style=\"font-size: 12pt\">Und die Kinder, die seine Nestchen fanden, freuten sich ungemein, denn so etwas hatten sie nie zuvor gesehen.<\/span><br \/>\n<span style=\"font-size: 12pt\">Im n\u00e4chsten Jahr machten die gro\u00dfen Hasen Peters Idee nach und die meisten Osterk\u00f6rbe waren gr\u00f6\u00dfer. Aber das st\u00f6rte Peter nicht, denn er und alle anderen Hasen wussten, dass es seine Idee gewesen war, und das konnte ihm niemand nehmen. Die alte Eule hatte recht gehabt.. man musste sie nur verstehen.<\/span><\/p>\n<p>&nbsp;<\/p>\n<p><a href=\"https:\/\/unser-quartier.de\/stadt-bergheim\/?attachment_id=14198\" rel=\"attachment wp-att-14198\"><img data-recalc-dims=\"1\" loading=\"lazy\" decoding=\"async\" data-attachment-id=\"14198\" data-permalink=\"https:\/\/unser-quartier.de\/stadt-bergheim\/2017\/04\/vorlese-geschichte-fuer-die-enkelchen\/image-35\/\" data-orig-file=\"https:\/\/i0.wp.com\/unser-quartier.de\/stadt-bergheim\/files\/2017\/04\/image.jpeg?fit=960%2C720&amp;ssl=1\" data-orig-size=\"960,720\" data-comments-opened=\"0\" data-image-meta=\"{&quot;aperture&quot;:&quot;5.6&quot;,&quot;credit&quot;:&quot;&quot;,&quot;camera&quot;:&quot;ILCA-77M2&quot;,&quot;caption&quot;:&quot;&quot;,&quot;created_timestamp&quot;:&quot;0&quot;,&quot;copyright&quot;:&quot;&quot;,&quot;focal_length&quot;:&quot;55&quot;,&quot;iso&quot;:&quot;200&quot;,&quot;shutter_speed&quot;:&quot;0.00625&quot;,&quot;title&quot;:&quot;&quot;,&quot;orientation&quot;:&quot;0&quot;}\" data-image-title=\"image\" data-image-description=\"\" data-image-caption=\"\" data-medium-file=\"https:\/\/i0.wp.com\/unser-quartier.de\/stadt-bergheim\/files\/2017\/04\/image.jpeg?fit=300%2C225&amp;ssl=1\" data-large-file=\"https:\/\/i0.wp.com\/unser-quartier.de\/stadt-bergheim\/files\/2017\/04\/image.jpeg?fit=770%2C578&amp;ssl=1\" class=\"alignnone size-full wp-image-14198\" src=\"https:\/\/i0.wp.com\/unser-quartier.de\/stadt-bergheim\/files\/2017\/04\/image.jpeg?resize=770%2C578&#038;ssl=1\" alt=\"\" width=\"770\" height=\"578\" srcset=\"https:\/\/i0.wp.com\/unser-quartier.de\/stadt-bergheim\/files\/2017\/04\/image.jpeg?w=960&amp;ssl=1 960w, https:\/\/i0.wp.com\/unser-quartier.de\/stadt-bergheim\/files\/2017\/04\/image.jpeg?resize=150%2C113&amp;ssl=1 150w, https:\/\/i0.wp.com\/unser-quartier.de\/stadt-bergheim\/files\/2017\/04\/image.jpeg?resize=300%2C225&amp;ssl=1 300w, https:\/\/i0.wp.com\/unser-quartier.de\/stadt-bergheim\/files\/2017\/04\/image.jpeg?resize=768%2C576&amp;ssl=1 768w\" sizes=\"auto, (max-width: 770px) 100vw, 770px\" \/><\/a><\/p>\n","protected":false},"excerpt":{"rendered":"<p>Der kleine Hase Peter und das Osternest Peterchen wurde immer trauriger, je n\u00e4her Ostern kam. Er war so flei\u00dfig gewesen und hatte all seine Eier fertig bemalt, einige hatte er sogar mit Glitzerstaub verziert. Aber jetzt lie\u00df er seine Ohren lang herunter h\u00e4ngen, vor lauter Traurigkeit. Das fiel der alten Eule auf und sie fragte: &hellip; <\/p>\n<p><a class=\"more-link btn\" href=\"https:\/\/unser-quartier.de\/stadt-bergheim\/2017\/04\/vorlese-geschichte-fuer-die-enkelchen\/\">Weiterlesen<\/a><\/p>\n","protected":false},"author":48,"featured_media":0,"comment_status":"open","ping_status":"open","sticky":false,"template":"","format":"standard","meta":{"_bbp_topic_count":0,"_bbp_reply_count":0,"_bbp_total_topic_count":0,"_bbp_total_reply_count":0,"_bbp_voice_count":0,"_bbp_anonymous_reply_count":0,"_bbp_topic_count_hidden":0,"_bbp_reply_count_hidden":0,"_bbp_forum_subforum_count":0,"jetpack_post_was_ever_published":false,"_jetpack_newsletter_access":"","_jetpack_dont_email_post_to_subs":false,"_jetpack_newsletter_tier_id":0,"_jetpack_memberships_contains_paywalled_content":false,"_jetpack_memberships_contains_paid_content":false,"footnotes":""},"categories":[1,58,75,71,80,72],"tags":[],"class_list":["post-14195","post","type-post","status-publish","format-standard","hentry","category-allgemein","category-alltagshilfen","category-buntes-brett","category-freizeit","category-humor","category-tipps","item-wrap"],"jetpack_sharing_enabled":true,"jetpack_featured_media_url":"","jetpack_shortlink":"https:\/\/wp.me\/p3vhfJ-3GX","jetpack_likes_enabled":true,"_links":{"self":[{"href":"https:\/\/unser-quartier.de\/stadt-bergheim\/wp-json\/wp\/v2\/posts\/14195","targetHints":{"allow":["GET"]}}],"collection":[{"href":"https:\/\/unser-quartier.de\/stadt-bergheim\/wp-json\/wp\/v2\/posts"}],"about":[{"href":"https:\/\/unser-quartier.de\/stadt-bergheim\/wp-json\/wp\/v2\/types\/post"}],"author":[{"embeddable":true,"href":"https:\/\/unser-quartier.de\/stadt-bergheim\/wp-json\/wp\/v2\/users\/48"}],"replies":[{"embeddable":true,"href":"https:\/\/unser-quartier.de\/stadt-bergheim\/wp-json\/wp\/v2\/comments?post=14195"}],"version-history":[{"count":0,"href":"https:\/\/unser-quartier.de\/stadt-bergheim\/wp-json\/wp\/v2\/posts\/14195\/revisions"}],"wp:attachment":[{"href":"https:\/\/unser-quartier.de\/stadt-bergheim\/wp-json\/wp\/v2\/media?parent=14195"}],"wp:term":[{"taxonomy":"category","embeddable":true,"href":"https:\/\/unser-quartier.de\/stadt-bergheim\/wp-json\/wp\/v2\/categories?post=14195"},{"taxonomy":"post_tag","embeddable":true,"href":"https:\/\/unser-quartier.de\/stadt-bergheim\/wp-json\/wp\/v2\/tags?post=14195"}],"curies":[{"name":"wp","href":"https:\/\/api.w.org\/{rel}","templated":true}]}}