{"id":14620,"date":"2017-05-05T08:11:53","date_gmt":"2017-05-05T06:11:53","guid":{"rendered":"https:\/\/unser-quartier.de\/stadt-bergheim\/?p=14620"},"modified":"2017-05-05T08:11:55","modified_gmt":"2017-05-05T06:11:55","slug":"sei-froh-dass-du-nicht-perfekt-bist","status":"publish","type":"post","link":"https:\/\/unser-quartier.de\/stadt-bergheim\/2017\/05\/sei-froh-dass-du-nicht-perfekt-bist\/","title":{"rendered":"Sei froh, dass du nicht perfekt bist!"},"content":{"rendered":"<p><span style=\"font-size: 12pt\"><a href=\"https:\/\/unser-quartier.de\/stadt-bergheim\/2017\/05\/sei-froh-dass-du-nicht-perfekt-bist\/img_3998\/\" rel=\"attachment wp-att-14622\"><img data-recalc-dims=\"1\" loading=\"lazy\" decoding=\"async\" data-attachment-id=\"14622\" data-permalink=\"https:\/\/unser-quartier.de\/stadt-bergheim\/2017\/05\/sei-froh-dass-du-nicht-perfekt-bist\/img_3998\/\" data-orig-file=\"https:\/\/i0.wp.com\/unser-quartier.de\/stadt-bergheim\/files\/2017\/05\/IMG_3998.jpg?fit=517%2C340&amp;ssl=1\" data-orig-size=\"517,340\" data-comments-opened=\"0\" data-image-meta=\"{&quot;aperture&quot;:&quot;5.3&quot;,&quot;credit&quot;:&quot;&quot;,&quot;camera&quot;:&quot;NIKON D7200&quot;,&quot;caption&quot;:&quot;&quot;,&quot;created_timestamp&quot;:&quot;0&quot;,&quot;copyright&quot;:&quot;&quot;,&quot;focal_length&quot;:&quot;220&quot;,&quot;iso&quot;:&quot;1400&quot;,&quot;shutter_speed&quot;:&quot;0.004&quot;,&quot;title&quot;:&quot;&quot;,&quot;orientation&quot;:&quot;0&quot;}\" data-image-title=\"IMG_3998\" data-image-description=\"\" data-image-caption=\"\" data-medium-file=\"https:\/\/i0.wp.com\/unser-quartier.de\/stadt-bergheim\/files\/2017\/05\/IMG_3998.jpg?fit=300%2C197&amp;ssl=1\" data-large-file=\"https:\/\/i0.wp.com\/unser-quartier.de\/stadt-bergheim\/files\/2017\/05\/IMG_3998.jpg?fit=517%2C340&amp;ssl=1\" class=\"alignnone size-medium wp-image-14622\" src=\"https:\/\/i0.wp.com\/unser-quartier.de\/stadt-bergheim\/files\/2017\/05\/IMG_3998.jpg?resize=300%2C197&#038;ssl=1\" alt=\"\" width=\"300\" height=\"197\" srcset=\"https:\/\/i0.wp.com\/unser-quartier.de\/stadt-bergheim\/files\/2017\/05\/IMG_3998.jpg?resize=300%2C197&amp;ssl=1 300w, https:\/\/i0.wp.com\/unser-quartier.de\/stadt-bergheim\/files\/2017\/05\/IMG_3998.jpg?resize=150%2C99&amp;ssl=1 150w, https:\/\/i0.wp.com\/unser-quartier.de\/stadt-bergheim\/files\/2017\/05\/IMG_3998.jpg?w=517&amp;ssl=1 517w\" sizes=\"auto, (max-width: 300px) 100vw, 300px\" \/><\/a><\/span><\/p>\n<p>&nbsp;<\/p>\n<p><span style=\"font-size: 12pt\">Wir werden \u00e4lter, das Aussehen ver\u00e4ndert sich&#8230; alles um uns herum ver\u00e4ndert sich. Alles ist unvollkommen, da alles st\u00e4ndiger Ver\u00e4nderung unterworfen ist. Wer gelernt hat, Ver\u00e4nderung wertzusch\u00e4tzen, verliert seine Angst vor dem Alter. Niemand ist perfekt und sei froh, dass du keine Maschine bist. Genie\u00dfe die Unvollkommenheit des Lebens und auch deine eigene. Alles andere ist h\u00f6llisch anstrengend. Denn wer ganz perfekt sein will, wird nicht die Freude am blo\u00dfen Tun erleben. Er wird sich im Hinterkopf immer die Frage stellen, ob das Ergebnis auch den hohen Anspr\u00fcchen gen\u00fcgen wird. Perfektionismus kann auch hinderlich sein, weil man einfach zu viel Zeit damit verschwendet, oder noch schlimmer&#8230; erst gar nicht mit einem neuen Projekt beginnt, bevor man es 100 % beherrscht. Also, erlaube dir, auch mal etwas weniger sorgf\u00e4ltig zu arbeiten wenn es auf Schnelligkeit ankommt und mache dir klar, dass du auch viel Freude erleben kannst, wenn du bei einer T\u00e4tigkeit oder beim Sport eben nicht perfekt bist. Perfekt sein zu wollen ist ein Kampf gegen Windm\u00fchlen, den niemand gewinnen kann. Im schlimmsten Fall kann er sogar krank machen und zu Stress, Frust und Burnout f\u00fchren. Erlaube dir also &#8220;stinknormal zu sein und lebe nach deinem Rhythmus und nach deinen Bed\u00fcrfnissen, so kannst du mit dir im Frieden leben.<\/span><br \/>\n<span style=\"font-size: 12pt\">.<\/span><br \/>\n<span style=\"font-size: 12pt\">von Helga-Agnes Cubitzki<\/span><\/p>\n","protected":false},"excerpt":{"rendered":"<\/p>\n<p>&nbsp;<\/p>\n<p>Wir werden \u00e4lter, das Aussehen ver\u00e4ndert sich&#8230; alles um uns herum ver\u00e4ndert sich. Alles ist unvollkommen, da alles st\u00e4ndiger Ver\u00e4nderung unterworfen ist. Wer gelernt hat, Ver\u00e4nderung wertzusch\u00e4tzen, verliert seine Angst vor dem Alter. Niemand ist perfekt und sei froh, dass du keine Maschine bist. Genie\u00dfe die Unvollkommenheit des Lebens und auch deine eigene. &hellip; <\/p>\n<p><a class=\"more-link btn\" href=\"https:\/\/unser-quartier.de\/stadt-bergheim\/2017\/05\/sei-froh-dass-du-nicht-perfekt-bist\/\">Weiterlesen<\/a><\/p>\n","protected":false},"author":48,"featured_media":0,"comment_status":"open","ping_status":"open","sticky":false,"template":"","format":"standard","meta":{"_bbp_topic_count":0,"_bbp_reply_count":0,"_bbp_total_topic_count":0,"_bbp_total_reply_count":0,"_bbp_voice_count":0,"_bbp_anonymous_reply_count":0,"_bbp_topic_count_hidden":0,"_bbp_reply_count_hidden":0,"_bbp_forum_subforum_count":0,"jetpack_post_was_ever_published":false,"_jetpack_newsletter_access":"","_jetpack_dont_email_post_to_subs":false,"_jetpack_newsletter_tier_id":0,"_jetpack_memberships_contains_paywalled_content":false,"_jetpack_memberships_contains_paid_content":false,"footnotes":""},"categories":[1],"tags":[],"class_list":["post-14620","post","type-post","status-publish","format-standard","hentry","category-allgemein","item-wrap"],"jetpack_sharing_enabled":true,"jetpack_featured_media_url":"","jetpack_shortlink":"https:\/\/wp.me\/p3vhfJ-3NO","jetpack_likes_enabled":true,"_links":{"self":[{"href":"https:\/\/unser-quartier.de\/stadt-bergheim\/wp-json\/wp\/v2\/posts\/14620","targetHints":{"allow":["GET"]}}],"collection":[{"href":"https:\/\/unser-quartier.de\/stadt-bergheim\/wp-json\/wp\/v2\/posts"}],"about":[{"href":"https:\/\/unser-quartier.de\/stadt-bergheim\/wp-json\/wp\/v2\/types\/post"}],"author":[{"embeddable":true,"href":"https:\/\/unser-quartier.de\/stadt-bergheim\/wp-json\/wp\/v2\/users\/48"}],"replies":[{"embeddable":true,"href":"https:\/\/unser-quartier.de\/stadt-bergheim\/wp-json\/wp\/v2\/comments?post=14620"}],"version-history":[{"count":0,"href":"https:\/\/unser-quartier.de\/stadt-bergheim\/wp-json\/wp\/v2\/posts\/14620\/revisions"}],"wp:attachment":[{"href":"https:\/\/unser-quartier.de\/stadt-bergheim\/wp-json\/wp\/v2\/media?parent=14620"}],"wp:term":[{"taxonomy":"category","embeddable":true,"href":"https:\/\/unser-quartier.de\/stadt-bergheim\/wp-json\/wp\/v2\/categories?post=14620"},{"taxonomy":"post_tag","embeddable":true,"href":"https:\/\/unser-quartier.de\/stadt-bergheim\/wp-json\/wp\/v2\/tags?post=14620"}],"curies":[{"name":"wp","href":"https:\/\/api.w.org\/{rel}","templated":true}]}}