{"id":14632,"date":"2017-05-07T00:07:58","date_gmt":"2017-05-06T22:07:58","guid":{"rendered":"https:\/\/unser-quartier.de\/stadt-bergheim\/?p=14632"},"modified":"2017-05-07T00:08:01","modified_gmt":"2017-05-06T22:08:01","slug":"lehrstunde-in-sachen-erfolg","status":"publish","type":"post","link":"https:\/\/unser-quartier.de\/stadt-bergheim\/2017\/05\/lehrstunde-in-sachen-erfolg\/","title":{"rendered":"Lehrstunde in Sachen Erfolg: ."},"content":{"rendered":"<p><span style=\"font-size: 12pt\"><a href=\"https:\/\/unser-quartier.de\/stadt-bergheim\/2017\/05\/lehrstunde-in-sachen-erfolg\/img_4308\/\" rel=\"attachment wp-att-14633\"><img data-recalc-dims=\"1\" loading=\"lazy\" decoding=\"async\" data-attachment-id=\"14633\" data-permalink=\"https:\/\/unser-quartier.de\/stadt-bergheim\/2017\/05\/lehrstunde-in-sachen-erfolg\/img_4308\/\" data-orig-file=\"https:\/\/i0.wp.com\/unser-quartier.de\/stadt-bergheim\/files\/2017\/05\/IMG_4308.jpg?fit=482%2C340&amp;ssl=1\" data-orig-size=\"482,340\" data-comments-opened=\"0\" data-image-meta=\"{&quot;aperture&quot;:&quot;0&quot;,&quot;credit&quot;:&quot;&quot;,&quot;camera&quot;:&quot;&quot;,&quot;caption&quot;:&quot;&quot;,&quot;created_timestamp&quot;:&quot;0&quot;,&quot;copyright&quot;:&quot;&quot;,&quot;focal_length&quot;:&quot;0&quot;,&quot;iso&quot;:&quot;0&quot;,&quot;shutter_speed&quot;:&quot;0&quot;,&quot;title&quot;:&quot;&quot;,&quot;orientation&quot;:&quot;0&quot;}\" data-image-title=\"IMG_4308\" data-image-description=\"\" data-image-caption=\"\" data-medium-file=\"https:\/\/i0.wp.com\/unser-quartier.de\/stadt-bergheim\/files\/2017\/05\/IMG_4308.jpg?fit=300%2C212&amp;ssl=1\" data-large-file=\"https:\/\/i0.wp.com\/unser-quartier.de\/stadt-bergheim\/files\/2017\/05\/IMG_4308.jpg?fit=482%2C340&amp;ssl=1\" class=\"alignnone size-medium wp-image-14633\" src=\"https:\/\/i0.wp.com\/unser-quartier.de\/stadt-bergheim\/files\/2017\/05\/IMG_4308.jpg?resize=300%2C212&#038;ssl=1\" alt=\"\" width=\"300\" height=\"212\" srcset=\"https:\/\/i0.wp.com\/unser-quartier.de\/stadt-bergheim\/files\/2017\/05\/IMG_4308.jpg?resize=300%2C212&amp;ssl=1 300w, https:\/\/i0.wp.com\/unser-quartier.de\/stadt-bergheim\/files\/2017\/05\/IMG_4308.jpg?resize=150%2C106&amp;ssl=1 150w, https:\/\/i0.wp.com\/unser-quartier.de\/stadt-bergheim\/files\/2017\/05\/IMG_4308.jpg?w=482&amp;ssl=1 482w\" sizes=\"auto, (max-width: 300px) 100vw, 300px\" \/><\/a>Gestern habe ich mir die Verfilmung der MCDonald-Gr\u00fcndung angeschaut.<\/span><\/p>\n<p><span style=\"font-size: 12pt\">&#8220;The Founder&#8221;<\/span><br \/>\n<span style=\"font-size: 12pt\">Ich war wirklich beeindruckt, dass der Gr\u00fcnder von MCDonald, Raymond Kroc<\/span><br \/>\n<span style=\"font-size: 12pt\">52 Jahre alt war, als er die Idee zu dem Unternehmen hatte.<\/span><br \/>\n<span style=\"font-size: 12pt\">Vorher war er nur ein durchschnittlicher Vertreter f\u00fcr K\u00fcchenmixer.<\/span><br \/>\n<span style=\"font-size: 12pt\">Wohlgemerkt, in einem Alter, wo andere schon mal mit der Rente lieb\u00e4ugeln,<\/span><br \/>\n<span style=\"font-size: 12pt\">schuf er ein weltweites Imperium und als er mit 81 Jahren starb, hatte er ein Verm\u00f6gen von 500 Millionen Dollar angeh\u00e4uft.<\/span><br \/>\n<span style=\"font-size: 12pt\">.<\/span><br \/>\n<span style=\"font-size: 12pt\">Es ist nie zu sp\u00e4t, ein neues, gro\u00dfartiges Kapitel in deinem Leben zu beginnen.<\/span><br \/>\n<span style=\"font-size: 12pt\">Ein anderes Beispiel ist Grandma Moses.<\/span><br \/>\n<span style=\"font-size: 12pt\">Diese amerikanische Malerin hatte als Dienstmagd gearbeitet, dann 10 Kinder geboren. Als ihr mit 75 Jahren die K\u00fcchenarbeit zu schwer wurde, begann sie mit Malen. Ihre naive Kunst wurde weltbekannt und als sie mit 101 Jahre starb, hatte sie unter anderem 2 Ehrendokotortitel.<\/span><br \/>\n<span style=\"font-size: 12pt\">.<\/span><br \/>\n<span style=\"font-size: 12pt\">Konrad Adenauer wurde mit 73 Jahren Bundeskanzler und blieb es f\u00fcr 14 Jahre.<\/span><br \/>\n<span style=\"font-size: 12pt\">Als er mit 91 Jahren starb, wurde er weltweit geehrt.<\/span><br \/>\n<span style=\"font-size: 12pt\">.<\/span><br \/>\n<span style=\"font-size: 12pt\">Sicher k\u00f6nnte man noch jede Menge \u00e4hnlicher Vorbilder finden. Wir k\u00f6nnen daraus lernen, dass es nie zu sp\u00e4t ist f\u00fcr einen neuen Abschnitt im Leben. <\/span><br \/>\n<span style=\"font-size: 12pt\">Nicht das Alter begrenzt uns, sondern nur die eigenen Gedanken.<\/span><br \/>\n<span style=\"font-size: 12pt\">Zu sp\u00e4t ist es erst, wenn du unter der Erde liegst.<\/span><br \/>\n<span style=\"font-size: 12pt\">Also&#8230; lebe deine Tr\u00e4ume!<\/span><br \/>\n<span style=\"font-size: 12pt\">.<\/span><br \/>\n<span style=\"font-size: 12pt\">von Gertrud Breuer<\/span><br \/>\n<span style=\"font-size: 12pt\">.<\/span><\/p>\n","protected":false},"excerpt":{"rendered":"<p>Gestern habe ich mir die Verfilmung der MCDonald-Gr\u00fcndung angeschaut.<\/p>\n<p>&#8220;The Founder&#8221; Ich war wirklich beeindruckt, dass der Gr\u00fcnder von MCDonald, Raymond Kroc 52 Jahre alt war, als er die Idee zu dem Unternehmen hatte. Vorher war er nur ein durchschnittlicher Vertreter f\u00fcr K\u00fcchenmixer. Wohlgemerkt, in einem Alter, wo andere schon mal mit der Rente lieb\u00e4ugeln, &hellip; <\/p>\n<p><a class=\"more-link btn\" href=\"https:\/\/unser-quartier.de\/stadt-bergheim\/2017\/05\/lehrstunde-in-sachen-erfolg\/\">Weiterlesen<\/a><\/p>\n","protected":false},"author":48,"featured_media":0,"comment_status":"open","ping_status":"open","sticky":false,"template":"","format":"standard","meta":{"_bbp_topic_count":0,"_bbp_reply_count":0,"_bbp_total_topic_count":0,"_bbp_total_reply_count":0,"_bbp_voice_count":0,"_bbp_anonymous_reply_count":0,"_bbp_topic_count_hidden":0,"_bbp_reply_count_hidden":0,"_bbp_forum_subforum_count":0,"jetpack_post_was_ever_published":false,"_jetpack_newsletter_access":"","_jetpack_dont_email_post_to_subs":false,"_jetpack_newsletter_tier_id":0,"_jetpack_memberships_contains_paywalled_content":false,"_jetpack_memberships_contains_paid_content":false,"footnotes":""},"categories":[1,58,75,72],"tags":[],"class_list":["post-14632","post","type-post","status-publish","format-standard","hentry","category-allgemein","category-alltagshilfen","category-buntes-brett","category-tipps","item-wrap"],"jetpack_sharing_enabled":true,"jetpack_featured_media_url":"","jetpack_shortlink":"https:\/\/wp.me\/p3vhfJ-3O0","jetpack_likes_enabled":true,"_links":{"self":[{"href":"https:\/\/unser-quartier.de\/stadt-bergheim\/wp-json\/wp\/v2\/posts\/14632","targetHints":{"allow":["GET"]}}],"collection":[{"href":"https:\/\/unser-quartier.de\/stadt-bergheim\/wp-json\/wp\/v2\/posts"}],"about":[{"href":"https:\/\/unser-quartier.de\/stadt-bergheim\/wp-json\/wp\/v2\/types\/post"}],"author":[{"embeddable":true,"href":"https:\/\/unser-quartier.de\/stadt-bergheim\/wp-json\/wp\/v2\/users\/48"}],"replies":[{"embeddable":true,"href":"https:\/\/unser-quartier.de\/stadt-bergheim\/wp-json\/wp\/v2\/comments?post=14632"}],"version-history":[{"count":0,"href":"https:\/\/unser-quartier.de\/stadt-bergheim\/wp-json\/wp\/v2\/posts\/14632\/revisions"}],"wp:attachment":[{"href":"https:\/\/unser-quartier.de\/stadt-bergheim\/wp-json\/wp\/v2\/media?parent=14632"}],"wp:term":[{"taxonomy":"category","embeddable":true,"href":"https:\/\/unser-quartier.de\/stadt-bergheim\/wp-json\/wp\/v2\/categories?post=14632"},{"taxonomy":"post_tag","embeddable":true,"href":"https:\/\/unser-quartier.de\/stadt-bergheim\/wp-json\/wp\/v2\/tags?post=14632"}],"curies":[{"name":"wp","href":"https:\/\/api.w.org\/{rel}","templated":true}]}}