{"id":14685,"date":"2017-05-08T08:28:42","date_gmt":"2017-05-08T06:28:42","guid":{"rendered":"https:\/\/unser-quartier.de\/stadt-bergheim\/?p=14685"},"modified":"2017-05-08T08:28:57","modified_gmt":"2017-05-08T06:28:57","slug":"mehr-harmonie-ins-leben-bringen","status":"publish","type":"post","link":"https:\/\/unser-quartier.de\/stadt-bergheim\/2017\/05\/mehr-harmonie-ins-leben-bringen\/","title":{"rendered":"Mehr Harmonie ins Leben bringen &#8230;"},"content":{"rendered":"<p><span style=\"font-size: 12pt\"><a href=\"https:\/\/unser-quartier.de\/stadt-bergheim\/2017\/05\/mehr-harmonie-ins-leben-bringen\/img_4338\/\" rel=\"attachment wp-att-14686\"><img data-recalc-dims=\"1\" loading=\"lazy\" decoding=\"async\" data-attachment-id=\"14686\" data-permalink=\"https:\/\/unser-quartier.de\/stadt-bergheim\/2017\/05\/mehr-harmonie-ins-leben-bringen\/img_4338\/\" data-orig-file=\"https:\/\/i0.wp.com\/unser-quartier.de\/stadt-bergheim\/files\/2017\/05\/IMG_4338.jpg?fit=240%2C340&amp;ssl=1\" data-orig-size=\"240,340\" data-comments-opened=\"0\" data-image-meta=\"{&quot;aperture&quot;:&quot;0&quot;,&quot;credit&quot;:&quot;&quot;,&quot;camera&quot;:&quot;&quot;,&quot;caption&quot;:&quot;&quot;,&quot;created_timestamp&quot;:&quot;0&quot;,&quot;copyright&quot;:&quot;&quot;,&quot;focal_length&quot;:&quot;0&quot;,&quot;iso&quot;:&quot;0&quot;,&quot;shutter_speed&quot;:&quot;0&quot;,&quot;title&quot;:&quot;&quot;,&quot;orientation&quot;:&quot;0&quot;}\" data-image-title=\"IMG_4338\" data-image-description=\"\" data-image-caption=\"\" data-medium-file=\"https:\/\/i0.wp.com\/unser-quartier.de\/stadt-bergheim\/files\/2017\/05\/IMG_4338.jpg?fit=212%2C300&amp;ssl=1\" data-large-file=\"https:\/\/i0.wp.com\/unser-quartier.de\/stadt-bergheim\/files\/2017\/05\/IMG_4338.jpg?fit=240%2C340&amp;ssl=1\" class=\"alignnone size-medium wp-image-14686\" src=\"https:\/\/i0.wp.com\/unser-quartier.de\/stadt-bergheim\/files\/2017\/05\/IMG_4338.jpg?resize=212%2C300&#038;ssl=1\" alt=\"\" width=\"212\" height=\"300\" srcset=\"https:\/\/i0.wp.com\/unser-quartier.de\/stadt-bergheim\/files\/2017\/05\/IMG_4338.jpg?resize=212%2C300&amp;ssl=1 212w, https:\/\/i0.wp.com\/unser-quartier.de\/stadt-bergheim\/files\/2017\/05\/IMG_4338.jpg?resize=106%2C150&amp;ssl=1 106w, https:\/\/i0.wp.com\/unser-quartier.de\/stadt-bergheim\/files\/2017\/05\/IMG_4338.jpg?w=240&amp;ssl=1 240w\" sizes=\"auto, (max-width: 212px) 100vw, 212px\" \/><\/a><\/span><br \/>\n<span style=\"font-size: 12pt\">Sie sind ein Harmonie liebender Mensch? <\/span><\/p>\n<p><span style=\"font-size: 12pt\">Sie dachten bisher, dazu m\u00fcsse man sich mehr anpassen und das tun, was andere von uns erwarten?\u00a0<\/span><span style=\"font-size: 12pt\">Hier kommt die gute Nachricht:<\/span><br \/>\n<span style=\"font-size: 12pt\">Die wichtigste Voraussetzung f\u00fcr ein harmonisches Zusammenleben ist die pers\u00f6nliche Freiheit. Nur wenn es uns gelingt, uns von den Fesseln unserer \u00c4ngste und Unsicherheiten zu befreien, werden wir uns dar\u00fcber klar, was wir wollen und was nicht. Wir werden uns selbst gerecht und aus diesem pers\u00f6nlichen Wachstum heraus, sind wir dann auch in der Lage, Respekt anderen gegen\u00fcber aufzubringen. Leben und leben lassen ist die richtige Strategie. Und es ist auch tr\u00f6stlich zu wissen, dass wir uns nicht mit jedem gut verstehen m\u00fcssen. Wenn uns jemand nicht zusagt, m\u00fcssen wir uns nicht mit ihm abgeben, wir k\u00f6nnen Distanz einhalten und ihm aus dem Weg gehen. Das geht nat\u00fcrlich nicht bei Nachbarn, die wir zwar gr\u00fc\u00dfen, aber meiden, oder Arbeitskollegen, mit denen wir zusammenarbeiten m\u00fcssen oder Familienmitgliedern, die wir zwar sch\u00e4tzen, aber nicht besuchen. Bei Charakteren, mit denen wir anecken, reicht eine respektvolle Akzeptanz, um in Frieden mit ihnen auszukommen.<\/span><br \/>\n<span style=\"font-size: 12pt\">Sehr hilfreich kann auch sein, sich dar\u00fcber klar zu werden, dass eine Person, die wir ablehnen, uns eventuell eine Eigenschaft spiegelt, die wir auch bei uns selber ablehnen.<\/span><br \/>\n<span style=\"font-size: 12pt\">Der letzte Schritt, um mehr Harmonie in unser Leben zu bringen, ist sich an den kleinen Dingen zu erfreuen. Wenn wir achtsam sind auf die kleinen Gl\u00fccksmomente bringt uns dies in Frieden mit uns selbst und in Harmonie mit der Umwelt, ein Zustand der Leichtigkeit, der einfach wundersch\u00f6n ist.<\/span><br \/>\n<span style=\"font-size: 12pt\">.<\/span><br \/>\n<span style=\"font-size: 12pt\">von Helga-Agnes Cubitzki<\/span><\/p>\n","protected":false},"excerpt":{"rendered":"<p> Sie sind ein Harmonie liebender Mensch? <\/p>\n<p>Sie dachten bisher, dazu m\u00fcsse man sich mehr anpassen und das tun, was andere von uns erwarten?\u00a0Hier kommt die gute Nachricht: Die wichtigste Voraussetzung f\u00fcr ein harmonisches Zusammenleben ist die pers\u00f6nliche Freiheit. Nur wenn es uns gelingt, uns von den Fesseln unserer \u00c4ngste und Unsicherheiten zu befreien, &hellip; <\/p>\n<p><a class=\"more-link btn\" href=\"https:\/\/unser-quartier.de\/stadt-bergheim\/2017\/05\/mehr-harmonie-ins-leben-bringen\/\">Weiterlesen<\/a><\/p>\n","protected":false},"author":48,"featured_media":0,"comment_status":"open","ping_status":"open","sticky":false,"template":"","format":"standard","meta":{"_bbp_topic_count":0,"_bbp_reply_count":0,"_bbp_total_topic_count":0,"_bbp_total_reply_count":0,"_bbp_voice_count":0,"_bbp_anonymous_reply_count":0,"_bbp_topic_count_hidden":0,"_bbp_reply_count_hidden":0,"_bbp_forum_subforum_count":0,"jetpack_post_was_ever_published":false,"_jetpack_newsletter_access":"","_jetpack_dont_email_post_to_subs":false,"_jetpack_newsletter_tier_id":0,"_jetpack_memberships_contains_paywalled_content":false,"_jetpack_memberships_contains_paid_content":false,"footnotes":""},"categories":[1],"tags":[],"class_list":["post-14685","post","type-post","status-publish","format-standard","hentry","category-allgemein","item-wrap"],"jetpack_sharing_enabled":true,"jetpack_featured_media_url":"","jetpack_shortlink":"https:\/\/wp.me\/p3vhfJ-3OR","jetpack_likes_enabled":true,"_links":{"self":[{"href":"https:\/\/unser-quartier.de\/stadt-bergheim\/wp-json\/wp\/v2\/posts\/14685","targetHints":{"allow":["GET"]}}],"collection":[{"href":"https:\/\/unser-quartier.de\/stadt-bergheim\/wp-json\/wp\/v2\/posts"}],"about":[{"href":"https:\/\/unser-quartier.de\/stadt-bergheim\/wp-json\/wp\/v2\/types\/post"}],"author":[{"embeddable":true,"href":"https:\/\/unser-quartier.de\/stadt-bergheim\/wp-json\/wp\/v2\/users\/48"}],"replies":[{"embeddable":true,"href":"https:\/\/unser-quartier.de\/stadt-bergheim\/wp-json\/wp\/v2\/comments?post=14685"}],"version-history":[{"count":0,"href":"https:\/\/unser-quartier.de\/stadt-bergheim\/wp-json\/wp\/v2\/posts\/14685\/revisions"}],"wp:attachment":[{"href":"https:\/\/unser-quartier.de\/stadt-bergheim\/wp-json\/wp\/v2\/media?parent=14685"}],"wp:term":[{"taxonomy":"category","embeddable":true,"href":"https:\/\/unser-quartier.de\/stadt-bergheim\/wp-json\/wp\/v2\/categories?post=14685"},{"taxonomy":"post_tag","embeddable":true,"href":"https:\/\/unser-quartier.de\/stadt-bergheim\/wp-json\/wp\/v2\/tags?post=14685"}],"curies":[{"name":"wp","href":"https:\/\/api.w.org\/{rel}","templated":true}]}}