{"id":14694,"date":"2017-05-08T10:24:49","date_gmt":"2017-05-08T08:24:49","guid":{"rendered":"https:\/\/unser-quartier.de\/stadt-bergheim\/?p=14694"},"modified":"2017-05-08T10:25:24","modified_gmt":"2017-05-08T08:25:24","slug":"spendenaktion-gesund-macht-stark-zum-muttertag","status":"publish","type":"post","link":"https:\/\/unser-quartier.de\/stadt-bergheim\/2017\/05\/spendenaktion-gesund-macht-stark-zum-muttertag\/","title":{"rendered":"Spendenaktion &#8220;Gesund macht stark&#8221; zum Muttertag"},"content":{"rendered":"<p><strong>Glessener kfd-Frauen sammeln f\u00fcr M\u00fcttergenesungswerk<\/strong><\/p>\n<p><img data-recalc-dims=\"1\" loading=\"lazy\" decoding=\"async\" data-attachment-id=\"14695\" data-permalink=\"https:\/\/unser-quartier.de\/stadt-bergheim\/2017\/05\/spendenaktion-gesund-macht-stark-zum-muttertag\/dsc07875\/\" data-orig-file=\"https:\/\/i0.wp.com\/unser-quartier.de\/stadt-bergheim\/files\/2017\/05\/DSC07875.jpg?fit=680%2C1024&amp;ssl=1\" data-orig-size=\"680,1024\" data-comments-opened=\"0\" data-image-meta=\"{&quot;aperture&quot;:&quot;0&quot;,&quot;credit&quot;:&quot;&quot;,&quot;camera&quot;:&quot;&quot;,&quot;caption&quot;:&quot;&quot;,&quot;created_timestamp&quot;:&quot;0&quot;,&quot;copyright&quot;:&quot;&quot;,&quot;focal_length&quot;:&quot;0&quot;,&quot;iso&quot;:&quot;0&quot;,&quot;shutter_speed&quot;:&quot;0&quot;,&quot;title&quot;:&quot;&quot;,&quot;orientation&quot;:&quot;0&quot;}\" data-image-title=\"DSC07875\" data-image-description=\"\" data-image-caption=\"\" data-medium-file=\"https:\/\/i0.wp.com\/unser-quartier.de\/stadt-bergheim\/files\/2017\/05\/DSC07875.jpg?fit=199%2C300&amp;ssl=1\" data-large-file=\"https:\/\/i0.wp.com\/unser-quartier.de\/stadt-bergheim\/files\/2017\/05\/DSC07875.jpg?fit=680%2C1024&amp;ssl=1\" class=\"alignleft wp-image-14695 size-medium\" src=\"https:\/\/i0.wp.com\/unser-quartier.de\/stadt-bergheim\/files\/2017\/05\/DSC07875.jpg?resize=199%2C300&#038;ssl=1\" alt=\"\" width=\"199\" height=\"300\" srcset=\"https:\/\/i0.wp.com\/unser-quartier.de\/stadt-bergheim\/files\/2017\/05\/DSC07875.jpg?resize=199%2C300&amp;ssl=1 199w, https:\/\/i0.wp.com\/unser-quartier.de\/stadt-bergheim\/files\/2017\/05\/DSC07875.jpg?resize=100%2C150&amp;ssl=1 100w, https:\/\/i0.wp.com\/unser-quartier.de\/stadt-bergheim\/files\/2017\/05\/DSC07875.jpg?w=680&amp;ssl=1 680w\" sizes=\"auto, (max-width: 199px) 100vw, 199px\" \/>Viele M\u00fctter kennen das \u2013 Tag f\u00fcr Tag zerrei\u00dfen sie sich zwischen Familie und Beruf, halten alles zusammen, opfern sich auf und bleiben dabei selbst auf der Strecke. Seit 67 Jahren setzt sich das M\u00fcttergenesungswerk f\u00fcr die Gesundheit von M\u00fcttern ein und f\u00f6rdert Mutter-und-Kind-Kuren f\u00fcr ersch\u00f6pfte und kranke Frauen. Unter dem Motto \u201eGesund macht stark\u201c starten jetzt zum Muttertag in ganz Deutschland wieder Haussammlungen f\u00fcr diesen guten Zweck. Auch die kfd-Frauen in Glessen unterst\u00fctzen die Aktion und sammeln Spenden.<\/p>\n<p>\u201eDass eine Ma\u00dfnahme am gesetzlichen Eigenanteil, den Fahrtkosten oder gar fehlender Kinderbekleidung zu scheitern droht, darf nicht sein\u201c, sagt Ingrid Franz (1.v.r). Das M\u00fcttergenesungswerk hilft sozial benachteiligten M\u00fcttern mit einem direkten Zuschuss und unterh\u00e4lt im Rhein-Erft-Kreis zwei Beratungsstellen in Pulheim und Bergheim.<\/p>\n<p>Im letzten Jahr konnte die Glessener kfd 2300 Euro an die Elly Heuss-Knapp-Stiftung \u00fcberweisen. \u201eDieser Erfolg liegt vor allen daran, dass die Leute uns kennen\u201c, glaubt die Vorsitzende Sigrid Hintzen (2.v.l). \u201eDie Spenden kommen heute nicht mehr nur M\u00fcttern, sondern auch V\u00e4tern und ihren Kindern zugute sowie Frauen und M\u00e4nnern, die im Alltag einen Angeh\u00f6rigen zu Hause pflegen\u201c, freut sich Marlies Gemein (2.v.r), Gesch\u00e4ftsf\u00fchrerin der Katholischen Arbeitsgemeinschaft M\u00fcttergenesung im Erzbistum K\u00f6ln (KAG) \u00fcber die Unterst\u00fctzung der engagierten katholischen Frauen aus Glessen.<\/p>\n<p><strong>Neue Stra\u00dfe tr\u00e4gt Namen der Gr\u00fcnderin<\/strong><\/p>\n<p>Die w\u00e4re ganz im Sinne von Elly Heuss-Knapp gewesen, der Gr\u00fcnderin des Deutschen M\u00fcttergenesungswerks. Als ihr Mann, Theodor Heuss, 1949 zum ersten Pr\u00e4sidenten der Bundesrepublik Deutschland gew\u00e4hlt wurde, blieb Elly Heuss-Knapp nicht in seinem Schatten, sondern rief 1950 ihre Stiftung mit dem Zweck ins Leben, Kuren f\u00fcr die Kriegswitwen zu erm\u00f6glichen. Auch sonst war die baden-w\u00fcrttembergische Landtagsabgeordnete ihrer Zeit weit voraus und k\u00e4mpfte unter anderem daf\u00fcr, dass schulpflichtige Kinder jeden Tag wenigstens eine Mahlzeit bekamen und Schulklassen weniger als 60 Sch\u00fcler hatten.<\/p>\n<p>Ortsb\u00fcrgermeisterin Anne Keller (3.v.l), die mit den kfd-Frauen von T\u00fcr zu T\u00fcr gehen wird, hat sich daf\u00fcr eingesetzt, dass jetzt auch eine Stra\u00dfe im Glessener Neubaugebiet den Namen von Elly Heuss tr\u00e4gt. \u201eEs wird Zeit, dass wir in Bergheim weitere Stra\u00dfen nach Frauen benennen, die Ideen und Ziele haben und Gro\u00dfes geleistet haben\u201c, findet sie. Richtig!<\/p>\n<p>Von Andrea Flo\u00df<\/p>\n<p><strong>www.muettergenesungswerk.de<\/strong><\/p>\n","protected":false},"excerpt":{"rendered":"<p><strong>Glessener kfd-Frauen sammeln f\u00fcr M\u00fcttergenesungswerk<\/strong><\/p>\n<p>Viele M\u00fctter kennen das \u2013 Tag f\u00fcr Tag zerrei\u00dfen sie sich zwischen Familie und Beruf, halten alles zusammen, opfern sich auf und bleiben dabei selbst auf der Strecke. Seit 67 Jahren setzt sich das M\u00fcttergenesungswerk f\u00fcr die Gesundheit von M\u00fcttern ein und f\u00f6rdert Mutter-und-Kind-Kuren f\u00fcr ersch\u00f6pfte und kranke Frauen. Unter &hellip; <\/p>\n<p><a class=\"more-link btn\" href=\"https:\/\/unser-quartier.de\/stadt-bergheim\/2017\/05\/spendenaktion-gesund-macht-stark-zum-muttertag\/\">Weiterlesen<\/a><\/p>\n","protected":false},"author":133,"featured_media":0,"comment_status":"open","ping_status":"open","sticky":false,"template":"","format":"standard","meta":{"_bbp_topic_count":0,"_bbp_reply_count":0,"_bbp_total_topic_count":0,"_bbp_total_reply_count":0,"_bbp_voice_count":0,"_bbp_anonymous_reply_count":0,"_bbp_topic_count_hidden":0,"_bbp_reply_count_hidden":0,"_bbp_forum_subforum_count":0,"jetpack_post_was_ever_published":false,"_jetpack_newsletter_access":"","_jetpack_dont_email_post_to_subs":false,"_jetpack_newsletter_tier_id":0,"_jetpack_memberships_contains_paywalled_content":false,"_jetpack_memberships_contains_paid_content":false,"footnotes":""},"categories":[1],"tags":[],"class_list":["post-14694","post","type-post","status-publish","format-standard","hentry","category-allgemein","item-wrap"],"jetpack_sharing_enabled":true,"jetpack_featured_media_url":"","jetpack_shortlink":"https:\/\/wp.me\/p3vhfJ-3P0","jetpack_likes_enabled":true,"_links":{"self":[{"href":"https:\/\/unser-quartier.de\/stadt-bergheim\/wp-json\/wp\/v2\/posts\/14694","targetHints":{"allow":["GET"]}}],"collection":[{"href":"https:\/\/unser-quartier.de\/stadt-bergheim\/wp-json\/wp\/v2\/posts"}],"about":[{"href":"https:\/\/unser-quartier.de\/stadt-bergheim\/wp-json\/wp\/v2\/types\/post"}],"author":[{"embeddable":true,"href":"https:\/\/unser-quartier.de\/stadt-bergheim\/wp-json\/wp\/v2\/users\/133"}],"replies":[{"embeddable":true,"href":"https:\/\/unser-quartier.de\/stadt-bergheim\/wp-json\/wp\/v2\/comments?post=14694"}],"version-history":[{"count":0,"href":"https:\/\/unser-quartier.de\/stadt-bergheim\/wp-json\/wp\/v2\/posts\/14694\/revisions"}],"wp:attachment":[{"href":"https:\/\/unser-quartier.de\/stadt-bergheim\/wp-json\/wp\/v2\/media?parent=14694"}],"wp:term":[{"taxonomy":"category","embeddable":true,"href":"https:\/\/unser-quartier.de\/stadt-bergheim\/wp-json\/wp\/v2\/categories?post=14694"},{"taxonomy":"post_tag","embeddable":true,"href":"https:\/\/unser-quartier.de\/stadt-bergheim\/wp-json\/wp\/v2\/tags?post=14694"}],"curies":[{"name":"wp","href":"https:\/\/api.w.org\/{rel}","templated":true}]}}