{"id":15084,"date":"2017-05-12T06:37:35","date_gmt":"2017-05-12T04:37:35","guid":{"rendered":"https:\/\/unser-quartier.de\/stadt-bergheim\/?p=15084"},"modified":"2017-05-12T06:37:42","modified_gmt":"2017-05-12T04:37:42","slug":"warum-nicht-mal-vegetarisch-kochen","status":"publish","type":"post","link":"https:\/\/unser-quartier.de\/stadt-bergheim\/2017\/05\/warum-nicht-mal-vegetarisch-kochen\/","title":{"rendered":"Warum nicht mal vegetarisch kochen?"},"content":{"rendered":"<p><span style=\"font-size: 18pt\"><strong>Chinakohl-Gratin<\/strong><\/span><br \/>\n<span style=\"font-size: 12pt\">.<\/span><br \/>\n<span style=\"font-size: 12pt\">ZUTATEN f\u00fcr 4 Personen:<\/span><br \/>\n<span style=\"font-size: 12pt\">.<\/span><br \/>\n<span style=\"font-size: 12pt\">1 Zwiebel<\/span><br \/>\n<span style=\"font-size: 12pt\">1 EL \u00d6l<\/span><br \/>\n<span style=\"font-size: 12pt\">150 g Langkornreis<\/span><br \/>\n<span style=\"font-size: 12pt\">625 ml Gem\u00fcsebr\u00fche<\/span><br \/>\n<span style=\"font-size: 12pt\">500 g Tomatenst\u00fccke (Dose)<\/span><br \/>\n<span style=\"font-size: 12pt\">125 g kleine Champions<\/span><br \/>\n<span style=\"font-size: 12pt\">30 g Butter<\/span><br \/>\n<span style=\"font-size: 12pt\">250 ml Milch<\/span><br \/>\n<span style=\"font-size: 12pt\">75 g geriebener mittelalter Gouda<\/span><br \/>\n<span style=\"font-size: 12pt\">Salz, Pfeffer, Majoran<\/span><br \/>\n<span style=\"font-size: 12pt\">.<\/span><br \/>\n<span style=\"font-size: 12pt\">ZUBEREITUNG<\/span><br \/>\n<span style=\"font-size: 12pt\">.<\/span><br \/>\n<span style=\"font-size: 12pt\">Zwiebel sch\u00e4len und fein w\u00fcrfeln.<\/span><br \/>\n<span style=\"font-size: 12pt\">\u00d6l in einem Topf erhitzen und Zwiebel und Reis kurz darin and\u00fcnsten.<\/span><br \/>\n<span style=\"font-size: 12pt\">Mit 375 ml Br\u00fche und Tomaten abl\u00f6schen, ca 20 Minuten garen, ab und zu umr\u00fchren.<\/span><br \/>\n<span style=\"font-size: 12pt\">.<\/span><br \/>\n<span style=\"font-size: 12pt\">Mit Salz, Pfeffer und Majoran abschmecken. <\/span><br \/>\n<span style=\"font-size: 12pt\">Champions putzen und in Scheiben schneiden, dann in hei\u00dfem Fett anbraten, mit Mehl best\u00e4uben und mit 250 ml Br\u00fche und Milch abl\u00f6schen. Die H\u00e4lfte des K\u00e4ses unterr\u00fchren.<\/span><br \/>\n<span style=\"font-size: 12pt\">.<\/span><br \/>\n<a href=\"https:\/\/unser-quartier.de\/stadt-bergheim\/2017\/05\/warum-nicht-mal-vegetarisch-kochen\/img_4376\/\" rel=\"attachment wp-att-15085\"><img data-recalc-dims=\"1\" loading=\"lazy\" decoding=\"async\" data-attachment-id=\"15085\" data-permalink=\"https:\/\/unser-quartier.de\/stadt-bergheim\/2017\/05\/warum-nicht-mal-vegetarisch-kochen\/img_4376\/\" data-orig-file=\"https:\/\/i0.wp.com\/unser-quartier.de\/stadt-bergheim\/files\/2017\/05\/IMG_4376.jpg?fit=251%2C340&amp;ssl=1\" data-orig-size=\"251,340\" data-comments-opened=\"0\" data-image-meta=\"{&quot;aperture&quot;:&quot;0&quot;,&quot;credit&quot;:&quot;&quot;,&quot;camera&quot;:&quot;&quot;,&quot;caption&quot;:&quot;&quot;,&quot;created_timestamp&quot;:&quot;0&quot;,&quot;copyright&quot;:&quot;&quot;,&quot;focal_length&quot;:&quot;0&quot;,&quot;iso&quot;:&quot;0&quot;,&quot;shutter_speed&quot;:&quot;0&quot;,&quot;title&quot;:&quot;&quot;,&quot;orientation&quot;:&quot;0&quot;}\" data-image-title=\"IMG_4376\" data-image-description=\"\" data-image-caption=\"\" data-medium-file=\"https:\/\/i0.wp.com\/unser-quartier.de\/stadt-bergheim\/files\/2017\/05\/IMG_4376.jpg?fit=221%2C300&amp;ssl=1\" data-large-file=\"https:\/\/i0.wp.com\/unser-quartier.de\/stadt-bergheim\/files\/2017\/05\/IMG_4376.jpg?fit=251%2C340&amp;ssl=1\" class=\"alignnone size-medium wp-image-15085\" src=\"https:\/\/i0.wp.com\/unser-quartier.de\/stadt-bergheim\/files\/2017\/05\/IMG_4376.jpg?resize=221%2C300&#038;ssl=1\" alt=\"\" width=\"221\" height=\"300\" srcset=\"https:\/\/i0.wp.com\/unser-quartier.de\/stadt-bergheim\/files\/2017\/05\/IMG_4376.jpg?resize=221%2C300&amp;ssl=1 221w, https:\/\/i0.wp.com\/unser-quartier.de\/stadt-bergheim\/files\/2017\/05\/IMG_4376.jpg?resize=111%2C150&amp;ssl=1 111w, https:\/\/i0.wp.com\/unser-quartier.de\/stadt-bergheim\/files\/2017\/05\/IMG_4376.jpg?w=251&amp;ssl=1 251w\" sizes=\"auto, (max-width: 221px) 100vw, 221px\" \/><\/a><\/p>\n<p><span style=\"font-size: 12pt\">Kohl putzen und 12 gro\u00dfe Bl\u00e4tter abnehmen, Mittelrippe herausschneiden.<\/span><br \/>\n<span style=\"font-size: 12pt\">Die Kohlbl\u00e4tter kurz blanchieren in kochendem Wasser, dann abtropfen lassen.<\/span><br \/>\n<span style=\"font-size: 12pt\">.<\/span><br \/>\n<span style=\"font-size: 12pt\">Reis auf die Kohlbl\u00e4tter verteilen und die Bl\u00e4tter aufrollen. R\u00f6llchen in eine Auflaufform legen, So\u00dfe dar\u00fcber gie\u00dfen und mit restlichem K\u00e4se bestreuen.<\/span><\/p>\n<p><a href=\"https:\/\/unser-quartier.de\/stadt-bergheim\/2017\/05\/warum-nicht-mal-vegetarisch-kochen\/img_4375\/\" rel=\"attachment wp-att-15086\"><img data-recalc-dims=\"1\" loading=\"lazy\" decoding=\"async\" data-attachment-id=\"15086\" data-permalink=\"https:\/\/unser-quartier.de\/stadt-bergheim\/2017\/05\/warum-nicht-mal-vegetarisch-kochen\/img_4375\/\" data-orig-file=\"https:\/\/i0.wp.com\/unser-quartier.de\/stadt-bergheim\/files\/2017\/05\/IMG_4375.jpg?fit=453%2C340&amp;ssl=1\" data-orig-size=\"453,340\" data-comments-opened=\"0\" data-image-meta=\"{&quot;aperture&quot;:&quot;0&quot;,&quot;credit&quot;:&quot;&quot;,&quot;camera&quot;:&quot;&quot;,&quot;caption&quot;:&quot;&quot;,&quot;created_timestamp&quot;:&quot;0&quot;,&quot;copyright&quot;:&quot;&quot;,&quot;focal_length&quot;:&quot;0&quot;,&quot;iso&quot;:&quot;0&quot;,&quot;shutter_speed&quot;:&quot;0&quot;,&quot;title&quot;:&quot;&quot;,&quot;orientation&quot;:&quot;0&quot;}\" data-image-title=\"IMG_4375\" data-image-description=\"\" data-image-caption=\"\" data-medium-file=\"https:\/\/i0.wp.com\/unser-quartier.de\/stadt-bergheim\/files\/2017\/05\/IMG_4375.jpg?fit=300%2C225&amp;ssl=1\" data-large-file=\"https:\/\/i0.wp.com\/unser-quartier.de\/stadt-bergheim\/files\/2017\/05\/IMG_4375.jpg?fit=453%2C340&amp;ssl=1\" class=\"alignnone size-medium wp-image-15086\" src=\"https:\/\/i0.wp.com\/unser-quartier.de\/stadt-bergheim\/files\/2017\/05\/IMG_4375.jpg?resize=300%2C225&#038;ssl=1\" alt=\"\" width=\"300\" height=\"225\" srcset=\"https:\/\/i0.wp.com\/unser-quartier.de\/stadt-bergheim\/files\/2017\/05\/IMG_4375.jpg?resize=300%2C225&amp;ssl=1 300w, https:\/\/i0.wp.com\/unser-quartier.de\/stadt-bergheim\/files\/2017\/05\/IMG_4375.jpg?resize=150%2C113&amp;ssl=1 150w, https:\/\/i0.wp.com\/unser-quartier.de\/stadt-bergheim\/files\/2017\/05\/IMG_4375.jpg?w=453&amp;ssl=1 453w\" sizes=\"auto, (max-width: 300px) 100vw, 300px\" \/><\/a><br \/>\n<span style=\"font-size: 12pt\">Im vorgeheizten Backofen (Umluft 175 Grad) ca 10 Minuten \u00fcberbacken.<\/span><br \/>\n<span style=\"font-size: 12pt\">Mit Majoran dekoriert servieren.<\/span><br \/>\n<span style=\"font-size: 12pt\">.<\/span><br \/>\n<span style=\"font-size: 12pt\">Guten Appetit!<\/span><\/p>\n","protected":false},"excerpt":{"rendered":"<p><strong>Chinakohl-Gratin<\/strong> . ZUTATEN f\u00fcr 4 Personen: . 1 Zwiebel 1 EL \u00d6l 150 g Langkornreis 625 ml Gem\u00fcsebr\u00fche 500 g Tomatenst\u00fccke (Dose) 125 g kleine Champions 30 g Butter 250 ml Milch 75 g geriebener mittelalter Gouda Salz, Pfeffer, Majoran . ZUBEREITUNG . Zwiebel sch\u00e4len und fein w\u00fcrfeln. \u00d6l in einem Topf erhitzen und Zwiebel &hellip; <\/p>\n<p><a class=\"more-link btn\" href=\"https:\/\/unser-quartier.de\/stadt-bergheim\/2017\/05\/warum-nicht-mal-vegetarisch-kochen\/\">Weiterlesen<\/a><\/p>\n","protected":false},"author":48,"featured_media":0,"comment_status":"open","ping_status":"open","sticky":false,"template":"","format":"standard","meta":{"_bbp_topic_count":0,"_bbp_reply_count":0,"_bbp_total_topic_count":0,"_bbp_total_reply_count":0,"_bbp_voice_count":0,"_bbp_anonymous_reply_count":0,"_bbp_topic_count_hidden":0,"_bbp_reply_count_hidden":0,"_bbp_forum_subforum_count":0,"jetpack_post_was_ever_published":false,"_jetpack_newsletter_access":"","_jetpack_dont_email_post_to_subs":false,"_jetpack_newsletter_tier_id":0,"_jetpack_memberships_contains_paywalled_content":false,"_jetpack_memberships_contains_paid_content":false,"footnotes":""},"categories":[1],"tags":[],"class_list":["post-15084","post","type-post","status-publish","format-standard","hentry","category-allgemein","item-wrap"],"jetpack_sharing_enabled":true,"jetpack_featured_media_url":"","jetpack_shortlink":"https:\/\/wp.me\/p3vhfJ-3Vi","jetpack_likes_enabled":true,"_links":{"self":[{"href":"https:\/\/unser-quartier.de\/stadt-bergheim\/wp-json\/wp\/v2\/posts\/15084","targetHints":{"allow":["GET"]}}],"collection":[{"href":"https:\/\/unser-quartier.de\/stadt-bergheim\/wp-json\/wp\/v2\/posts"}],"about":[{"href":"https:\/\/unser-quartier.de\/stadt-bergheim\/wp-json\/wp\/v2\/types\/post"}],"author":[{"embeddable":true,"href":"https:\/\/unser-quartier.de\/stadt-bergheim\/wp-json\/wp\/v2\/users\/48"}],"replies":[{"embeddable":true,"href":"https:\/\/unser-quartier.de\/stadt-bergheim\/wp-json\/wp\/v2\/comments?post=15084"}],"version-history":[{"count":0,"href":"https:\/\/unser-quartier.de\/stadt-bergheim\/wp-json\/wp\/v2\/posts\/15084\/revisions"}],"wp:attachment":[{"href":"https:\/\/unser-quartier.de\/stadt-bergheim\/wp-json\/wp\/v2\/media?parent=15084"}],"wp:term":[{"taxonomy":"category","embeddable":true,"href":"https:\/\/unser-quartier.de\/stadt-bergheim\/wp-json\/wp\/v2\/categories?post=15084"},{"taxonomy":"post_tag","embeddable":true,"href":"https:\/\/unser-quartier.de\/stadt-bergheim\/wp-json\/wp\/v2\/tags?post=15084"}],"curies":[{"name":"wp","href":"https:\/\/api.w.org\/{rel}","templated":true}]}}