{"id":15165,"date":"2017-05-19T20:03:50","date_gmt":"2017-05-19T18:03:50","guid":{"rendered":"https:\/\/unser-quartier.de\/stadt-bergheim\/?p=15165"},"modified":"2017-05-19T20:03:54","modified_gmt":"2017-05-19T18:03:54","slug":"bedeutung-der-mahlzeiten","status":"publish","type":"post","link":"https:\/\/unser-quartier.de\/stadt-bergheim\/2017\/05\/bedeutung-der-mahlzeiten\/","title":{"rendered":"Bedeutung der Mahlzeiten &#8230;"},"content":{"rendered":"<p><span style=\"font-size: 12pt\">Die Mahlzeiten geben unseren Tagen eine Grundstruktur, die uns gut tut. Fr\u00fcher war es selbstverst\u00e4ndlich, dass Mutter oder Vater das Fr\u00fchst\u00fcck, das Mittagessen und das Abendessen p\u00fcnktlich auf dem Tisch hatten. Dies hat uns als Kinder Sicherheit und Vertrauen geschenkt. <\/span><br \/>\n<span style=\"font-size: 12pt\">Heutzutage ist es zunehmend schwierig, diese Tradition beizubehalten. Berufst\u00e4tige Eltern und Ganztagesschule verhindern dies. Umso wichtiger ist es, sich die Bedeutung des Essens klarzumachen, die weit dar\u00fcber hinaus geht, den K\u00f6rper mit lebensnotwendigen N\u00e4hrstoffen zu versorgen. Bei gemeinsamen Mahlzeiten mit der Familie handelt es sich n\u00e4mlich um eine wichtige soziale Handlung, die Bindungen vertieft und Werte vermittelt. Sie bieten Raum f\u00fcr Gespr\u00e4che, dienen der F\u00fcrsorge und k\u00f6nnen sogar Defizite in anderen Lebensbereichen ausgleichen. Der Genuss der Mahlzeiten ist viel gr\u00f6\u00dfer, wenn wir diese mit anderen Menschen einnehmen. Also sollten wir versuchen, wenigstens einmal am Tag gemeinsam zu essen. Das kann kein &#8220;Coffee to go&#8221; und kein Tankstellenshop ersetzen.<\/span><br \/>\n<span style=\"font-size: 12pt\">Auch f\u00fcr allein lebende, ist es wichtig, die Mahlzeiten zu zelebrieren. Sich selbst etwas Gutes tun, sich Genuss zu verschaffen. Dem K\u00f6rper und der Seele etwas schenken, indem wir das Leben feiern durch taktgebende Rituale. Mal den Fr\u00fchst\u00fcckstisch auf dem Balkon decken, zum Mittagessen einen Bl\u00fcmchen dazu stellen, zum Abendessen eine Kerze anz\u00fcnden. Sich selbst so wertzusch\u00e4tzen, dass wir uns verw\u00f6hnen und uns Sch\u00f6nes g\u00f6nnen. <\/span><\/p>\n<p>&nbsp;<\/p>\n<p><a href=\"https:\/\/unser-quartier.de\/stadt-bergheim\/2017\/05\/bedeutung-der-mahlzeiten\/img_4467\/\" rel=\"attachment wp-att-15166\"><img data-recalc-dims=\"1\" loading=\"lazy\" decoding=\"async\" data-attachment-id=\"15166\" data-permalink=\"https:\/\/unser-quartier.de\/stadt-bergheim\/2017\/05\/bedeutung-der-mahlzeiten\/img_4467\/\" data-orig-file=\"https:\/\/i0.wp.com\/unser-quartier.de\/stadt-bergheim\/files\/2017\/05\/IMG_4467.jpg?fit=509%2C340&amp;ssl=1\" data-orig-size=\"509,340\" data-comments-opened=\"0\" data-image-meta=\"{&quot;aperture&quot;:&quot;5&quot;,&quot;credit&quot;:&quot;&quot;,&quot;camera&quot;:&quot;Canon EOS 600D&quot;,&quot;caption&quot;:&quot;&quot;,&quot;created_timestamp&quot;:&quot;0&quot;,&quot;copyright&quot;:&quot;&quot;,&quot;focal_length&quot;:&quot;59&quot;,&quot;iso&quot;:&quot;100&quot;,&quot;shutter_speed&quot;:&quot;0.0125&quot;,&quot;title&quot;:&quot;&quot;,&quot;orientation&quot;:&quot;0&quot;}\" data-image-title=\"IMG_4467\" data-image-description=\"\" data-image-caption=\"\" data-medium-file=\"https:\/\/i0.wp.com\/unser-quartier.de\/stadt-bergheim\/files\/2017\/05\/IMG_4467.jpg?fit=300%2C200&amp;ssl=1\" data-large-file=\"https:\/\/i0.wp.com\/unser-quartier.de\/stadt-bergheim\/files\/2017\/05\/IMG_4467.jpg?fit=509%2C340&amp;ssl=1\" class=\"alignnone size-full wp-image-15166\" src=\"https:\/\/i0.wp.com\/unser-quartier.de\/stadt-bergheim\/files\/2017\/05\/IMG_4467.jpg?resize=509%2C340&#038;ssl=1\" alt=\"\" width=\"509\" height=\"340\" srcset=\"https:\/\/i0.wp.com\/unser-quartier.de\/stadt-bergheim\/files\/2017\/05\/IMG_4467.jpg?w=509&amp;ssl=1 509w, https:\/\/i0.wp.com\/unser-quartier.de\/stadt-bergheim\/files\/2017\/05\/IMG_4467.jpg?resize=150%2C100&amp;ssl=1 150w, https:\/\/i0.wp.com\/unser-quartier.de\/stadt-bergheim\/files\/2017\/05\/IMG_4467.jpg?resize=300%2C200&amp;ssl=1 300w\" sizes=\"auto, (max-width: 509px) 100vw, 509px\" \/><\/a><em><\/em><br \/>\n<span style=\"font-size: 12pt\">.<\/span><br \/>\n<span style=\"font-size: 12pt\">von Helga-Agnes Cubitzki<\/span><\/p>\n","protected":false},"excerpt":{"rendered":"<p>Die Mahlzeiten geben unseren Tagen eine Grundstruktur, die uns gut tut. Fr\u00fcher war es selbstverst\u00e4ndlich, dass Mutter oder Vater das Fr\u00fchst\u00fcck, das Mittagessen und das Abendessen p\u00fcnktlich auf dem Tisch hatten. Dies hat uns als Kinder Sicherheit und Vertrauen geschenkt. Heutzutage ist es zunehmend schwierig, diese Tradition beizubehalten. Berufst\u00e4tige Eltern und Ganztagesschule verhindern dies. Umso &hellip; <\/p>\n<p><a class=\"more-link btn\" href=\"https:\/\/unser-quartier.de\/stadt-bergheim\/2017\/05\/bedeutung-der-mahlzeiten\/\">Weiterlesen<\/a><\/p>\n","protected":false},"author":48,"featured_media":0,"comment_status":"open","ping_status":"open","sticky":false,"template":"","format":"standard","meta":{"_bbp_topic_count":0,"_bbp_reply_count":0,"_bbp_total_topic_count":0,"_bbp_total_reply_count":0,"_bbp_voice_count":0,"_bbp_anonymous_reply_count":0,"_bbp_topic_count_hidden":0,"_bbp_reply_count_hidden":0,"_bbp_forum_subforum_count":0,"jetpack_post_was_ever_published":false,"_jetpack_newsletter_access":"","_jetpack_dont_email_post_to_subs":false,"_jetpack_newsletter_tier_id":0,"_jetpack_memberships_contains_paywalled_content":false,"_jetpack_memberships_contains_paid_content":false,"footnotes":""},"categories":[1,58,75,71,72],"tags":[],"class_list":["post-15165","post","type-post","status-publish","format-standard","hentry","category-allgemein","category-alltagshilfen","category-buntes-brett","category-freizeit","category-tipps","item-wrap"],"jetpack_sharing_enabled":true,"jetpack_featured_media_url":"","jetpack_shortlink":"https:\/\/wp.me\/p3vhfJ-3WB","jetpack_likes_enabled":true,"_links":{"self":[{"href":"https:\/\/unser-quartier.de\/stadt-bergheim\/wp-json\/wp\/v2\/posts\/15165","targetHints":{"allow":["GET"]}}],"collection":[{"href":"https:\/\/unser-quartier.de\/stadt-bergheim\/wp-json\/wp\/v2\/posts"}],"about":[{"href":"https:\/\/unser-quartier.de\/stadt-bergheim\/wp-json\/wp\/v2\/types\/post"}],"author":[{"embeddable":true,"href":"https:\/\/unser-quartier.de\/stadt-bergheim\/wp-json\/wp\/v2\/users\/48"}],"replies":[{"embeddable":true,"href":"https:\/\/unser-quartier.de\/stadt-bergheim\/wp-json\/wp\/v2\/comments?post=15165"}],"version-history":[{"count":0,"href":"https:\/\/unser-quartier.de\/stadt-bergheim\/wp-json\/wp\/v2\/posts\/15165\/revisions"}],"wp:attachment":[{"href":"https:\/\/unser-quartier.de\/stadt-bergheim\/wp-json\/wp\/v2\/media?parent=15165"}],"wp:term":[{"taxonomy":"category","embeddable":true,"href":"https:\/\/unser-quartier.de\/stadt-bergheim\/wp-json\/wp\/v2\/categories?post=15165"},{"taxonomy":"post_tag","embeddable":true,"href":"https:\/\/unser-quartier.de\/stadt-bergheim\/wp-json\/wp\/v2\/tags?post=15165"}],"curies":[{"name":"wp","href":"https:\/\/api.w.org\/{rel}","templated":true}]}}