{"id":15214,"date":"2017-05-21T19:15:12","date_gmt":"2017-05-21T17:15:12","guid":{"rendered":"https:\/\/unser-quartier.de\/stadt-bergheim\/?p=15214"},"modified":"2017-05-21T19:21:15","modified_gmt":"2017-05-21T17:21:15","slug":"wir-waren-an-der-ahr","status":"publish","type":"post","link":"https:\/\/unser-quartier.de\/stadt-bergheim\/2017\/05\/wir-waren-an-der-ahr\/","title":{"rendered":"Wir waren an der Ahr&#8230;"},"content":{"rendered":"<div class=\"gmail_default\"><span style=\"font-size: 12pt\">Ein paar Bergheimer Senioren nutzten heute das sch\u00f6ne Wetter f\u00fcr einen Ausflug nach Bad Neuenahr. In dem malerischen St\u00e4dtchen war heute ein Handwerker- und Kleinkunst-Markt, der noch mehr die gute Laune steigerte.\u00a0<\/span><\/div>\n<div class=\"gmail_default\"><span style=\"font-size: 12pt\">Nach einem kleinen Mittags-Imbiss spazierten wir im wundersch\u00f6nen Kurpark an der Ahr. Seltene B\u00e4ume, vielf\u00e4ltige Blumenbeete, Wasserspiele&#8230; und \u00a0\u00fcberall kostenlose Liegen und St\u00fchle um das Ambiente und die gute Luft zu genie\u00dfen.<\/span><\/div>\n<div class=\"gmail_default\"><span style=\"font-size: 12pt\">Im Park entspringt die Apollinaris Quelle und man kann kostenlos das Heilwasser trinken. Nachmittags fand ein Kur-Konzert mit beschwingten Melodien aus bekannten\u00a0<\/span><span style=\"font-size: 12pt\">klassischen St\u00fccken statt &#8211; ebenfalls kostenlos. Man konnte im Freien unter alten B\u00e4umen sitzen und der Musik lauschen. <\/span><span style=\"font-size: 12pt\">Ein wirklich gelungener Ausflug, den ich nur zur Nachahmung empfehlen kann&#8230;<\/span><\/div>\n<div class=\"gmail_default\"><span style=\"font-size: 12pt\">.<\/span><\/div>\n<div class=\"gmail_default\"><span style=\"font-size: 12pt\">Gertrud Breuer<\/span><\/div>\n<div class=\"gmail_default\">.<\/div>\n<div class=\"gmail_default\">.<\/div>\n<div class=\"gmail_default\"><span style=\"color: #3366ff;font-size: 12pt\"><strong>Das Seniorenportal Bergheim sagt Danke f\u00fcr diesen sch\u00f6nen Beitrag.<\/strong><\/span><\/div>\n<div class=\"gmail_default\">.<\/div>\n<div class=\"gmail_default\"><\/div>\n<div class=\"gmail_default\"><\/div>\n<p class=\"jetpack-slideshow-noscript robots-nocontent\">Diese Diashow ben\u00f6tigt JavaScript.<\/p><div id=\"gallery-15214-1-slideshow\" class=\"jetpack-slideshow-window jetpack-slideshow jetpack-slideshow-black\" data-trans=\"fade\" data-autostart=\"1\" data-gallery=\"[{&quot;src&quot;:&quot;https:\\\/\\\/i0.wp.com\\\/unser-quartier.de\\\/stadt-bergheim\\\/files\\\/2017\\\/05\\\/IMG_4485-1.jpg?fit=765%2C1024\\u0026ssl=1&quot;,&quot;id&quot;:&quot;15218&quot;,&quot;title&quot;:&quot;IMG_4485&quot;,&quot;alt&quot;:&quot;&quot;,&quot;caption&quot;:&quot;Ahr \\u0026#8230;&quot;,&quot;itemprop&quot;:&quot;image&quot;},{&quot;src&quot;:&quot;https:\\\/\\\/i0.wp.com\\\/unser-quartier.de\\\/stadt-bergheim\\\/files\\\/2017\\\/05\\\/IMG_4483.jpg?fit=1024%2C765\\u0026ssl=1&quot;,&quot;id&quot;:&quot;15215&quot;,&quot;title&quot;:&quot;IMG_4483&quot;,&quot;alt&quot;:&quot;&quot;,&quot;caption&quot;:&quot;Ahr \\u0026#8230;&quot;,&quot;itemprop&quot;:&quot;image&quot;},{&quot;src&quot;:&quot;https:\\\/\\\/i0.wp.com\\\/unser-quartier.de\\\/stadt-bergheim\\\/files\\\/2017\\\/05\\\/IMG_4508.jpg?fit=1024%2C765\\u0026ssl=1&quot;,&quot;id&quot;:&quot;15239&quot;,&quot;title&quot;:&quot;IMG_4508&quot;,&quot;alt&quot;:&quot;&quot;,&quot;caption&quot;:&quot;Ahr \\u0026#8230;&quot;,&quot;itemprop&quot;:&quot;image&quot;},{&quot;src&quot;:&quot;https:\\\/\\\/i0.wp.com\\\/unser-quartier.de\\\/stadt-bergheim\\\/files\\\/2017\\\/05\\\/IMG_4484.jpg?fit=765%2C1024\\u0026ssl=1&quot;,&quot;id&quot;:&quot;15216&quot;,&quot;title&quot;:&quot;IMG_4484&quot;,&quot;alt&quot;:&quot;&quot;,&quot;caption&quot;:&quot;Ahr \\u0026#8230;&quot;,&quot;itemprop&quot;:&quot;image&quot;},{&quot;src&quot;:&quot;https:\\\/\\\/i0.wp.com\\\/unser-quartier.de\\\/stadt-bergheim\\\/files\\\/2017\\\/05\\\/IMG_4509.jpg?fit=1024%2C765\\u0026ssl=1&quot;,&quot;id&quot;:&quot;15240&quot;,&quot;title&quot;:&quot;IMG_4509&quot;,&quot;alt&quot;:&quot;&quot;,&quot;caption&quot;:&quot;Ahr \\u0026#8230;&quot;,&quot;itemprop&quot;:&quot;image&quot;},{&quot;src&quot;:&quot;https:\\\/\\\/i0.wp.com\\\/unser-quartier.de\\\/stadt-bergheim\\\/files\\\/2017\\\/05\\\/IMG_4511.jpg?fit=765%2C1024\\u0026ssl=1&quot;,&quot;id&quot;:&quot;15236&quot;,&quot;title&quot;:&quot;IMG_4511&quot;,&quot;alt&quot;:&quot;&quot;,&quot;caption&quot;:&quot;Ahr \\u0026#8230;&quot;,&quot;itemprop&quot;:&quot;image&quot;},{&quot;src&quot;:&quot;https:\\\/\\\/i0.wp.com\\\/unser-quartier.de\\\/stadt-bergheim\\\/files\\\/2017\\\/05\\\/IMG_4486-1.jpg?fit=1024%2C765\\u0026ssl=1&quot;,&quot;id&quot;:&quot;15217&quot;,&quot;title&quot;:&quot;IMG_4486&quot;,&quot;alt&quot;:&quot;&quot;,&quot;caption&quot;:&quot;Ahr \\u0026#8230;&quot;,&quot;itemprop&quot;:&quot;image&quot;},{&quot;src&quot;:&quot;https:\\\/\\\/i0.wp.com\\\/unser-quartier.de\\\/stadt-bergheim\\\/files\\\/2017\\\/05\\\/IMG_4487.jpg?fit=765%2C1024\\u0026ssl=1&quot;,&quot;id&quot;:&quot;15219&quot;,&quot;title&quot;:&quot;IMG_4487&quot;,&quot;alt&quot;:&quot;&quot;,&quot;caption&quot;:&quot;Ahr \\u0026#8230;&quot;,&quot;itemprop&quot;:&quot;image&quot;},{&quot;src&quot;:&quot;https:\\\/\\\/i0.wp.com\\\/unser-quartier.de\\\/stadt-bergheim\\\/files\\\/2017\\\/05\\\/IMG_4488.jpg?fit=1024%2C765\\u0026ssl=1&quot;,&quot;id&quot;:&quot;15220&quot;,&quot;title&quot;:&quot;IMG_4488&quot;,&quot;alt&quot;:&quot;&quot;,&quot;caption&quot;:&quot;Ahr \\u0026#8230;&quot;,&quot;itemprop&quot;:&quot;image&quot;},{&quot;src&quot;:&quot;https:\\\/\\\/i0.wp.com\\\/unser-quartier.de\\\/stadt-bergheim\\\/files\\\/2017\\\/05\\\/IMG_4489.jpg?fit=765%2C1024\\u0026ssl=1&quot;,&quot;id&quot;:&quot;15221&quot;,&quot;title&quot;:&quot;IMG_4489&quot;,&quot;alt&quot;:&quot;&quot;,&quot;caption&quot;:&quot;Ahr \\u0026#8230;&quot;,&quot;itemprop&quot;:&quot;image&quot;},{&quot;src&quot;:&quot;https:\\\/\\\/i0.wp.com\\\/unser-quartier.de\\\/stadt-bergheim\\\/files\\\/2017\\\/05\\\/IMG_4490.jpg?fit=1024%2C765\\u0026ssl=1&quot;,&quot;id&quot;:&quot;15222&quot;,&quot;title&quot;:&quot;IMG_4490&quot;,&quot;alt&quot;:&quot;&quot;,&quot;caption&quot;:&quot;Ahr \\u0026#8230;&quot;,&quot;itemprop&quot;:&quot;image&quot;},{&quot;src&quot;:&quot;https:\\\/\\\/i0.wp.com\\\/unser-quartier.de\\\/stadt-bergheim\\\/files\\\/2017\\\/05\\\/IMG_4493.jpg?fit=765%2C1024\\u0026ssl=1&quot;,&quot;id&quot;:&quot;15225&quot;,&quot;title&quot;:&quot;IMG_4493&quot;,&quot;alt&quot;:&quot;&quot;,&quot;caption&quot;:&quot;Ahr \\u0026#8230;&quot;,&quot;itemprop&quot;:&quot;image&quot;},{&quot;src&quot;:&quot;https:\\\/\\\/i0.wp.com\\\/unser-quartier.de\\\/stadt-bergheim\\\/files\\\/2017\\\/05\\\/IMG_4491.jpg?fit=1024%2C765\\u0026ssl=1&quot;,&quot;id&quot;:&quot;15223&quot;,&quot;title&quot;:&quot;IMG_4491&quot;,&quot;alt&quot;:&quot;&quot;,&quot;caption&quot;:&quot;Ahr \\u0026#8230;&quot;,&quot;itemprop&quot;:&quot;image&quot;},{&quot;src&quot;:&quot;https:\\\/\\\/i0.wp.com\\\/unser-quartier.de\\\/stadt-bergheim\\\/files\\\/2017\\\/05\\\/IMG_4497.jpg?fit=1024%2C765\\u0026ssl=1&quot;,&quot;id&quot;:&quot;15228&quot;,&quot;title&quot;:&quot;IMG_4497&quot;,&quot;alt&quot;:&quot;&quot;,&quot;caption&quot;:&quot;Ahr \\u0026#8230;&quot;,&quot;itemprop&quot;:&quot;image&quot;},{&quot;src&quot;:&quot;https:\\\/\\\/i0.wp.com\\\/unser-quartier.de\\\/stadt-bergheim\\\/files\\\/2017\\\/05\\\/IMG_4494.jpg?fit=1024%2C765\\u0026ssl=1&quot;,&quot;id&quot;:&quot;15226&quot;,&quot;title&quot;:&quot;IMG_4494&quot;,&quot;alt&quot;:&quot;&quot;,&quot;caption&quot;:&quot;Ahr \\u0026#8230;&quot;,&quot;itemprop&quot;:&quot;image&quot;},{&quot;src&quot;:&quot;https:\\\/\\\/i0.wp.com\\\/unser-quartier.de\\\/stadt-bergheim\\\/files\\\/2017\\\/05\\\/IMG_4495.jpg?fit=765%2C1024\\u0026ssl=1&quot;,&quot;id&quot;:&quot;15227&quot;,&quot;title&quot;:&quot;IMG_4495&quot;,&quot;alt&quot;:&quot;&quot;,&quot;caption&quot;:&quot;Ahr \\u0026#8230;&quot;,&quot;itemprop&quot;:&quot;image&quot;},{&quot;src&quot;:&quot;https:\\\/\\\/i0.wp.com\\\/unser-quartier.de\\\/stadt-bergheim\\\/files\\\/2017\\\/05\\\/IMG_4498.jpg?fit=765%2C1024\\u0026ssl=1&quot;,&quot;id&quot;:&quot;15229&quot;,&quot;title&quot;:&quot;IMG_4498&quot;,&quot;alt&quot;:&quot;&quot;,&quot;caption&quot;:&quot;Ahr \\u0026#8230;&quot;,&quot;itemprop&quot;:&quot;image&quot;},{&quot;src&quot;:&quot;https:\\\/\\\/i0.wp.com\\\/unser-quartier.de\\\/stadt-bergheim\\\/files\\\/2017\\\/05\\\/IMG_4499.jpg?fit=765%2C1024\\u0026ssl=1&quot;,&quot;id&quot;:&quot;15230&quot;,&quot;title&quot;:&quot;IMG_4499&quot;,&quot;alt&quot;:&quot;&quot;,&quot;caption&quot;:&quot;Ahr \\u0026#8230;&quot;,&quot;itemprop&quot;:&quot;image&quot;},{&quot;src&quot;:&quot;https:\\\/\\\/i0.wp.com\\\/unser-quartier.de\\\/stadt-bergheim\\\/files\\\/2017\\\/05\\\/IMG_4500.jpg?fit=1024%2C765\\u0026ssl=1&quot;,&quot;id&quot;:&quot;15231&quot;,&quot;title&quot;:&quot;IMG_4500&quot;,&quot;alt&quot;:&quot;&quot;,&quot;caption&quot;:&quot;Ahr \\u0026#8230;&quot;,&quot;itemprop&quot;:&quot;image&quot;},{&quot;src&quot;:&quot;https:\\\/\\\/i0.wp.com\\\/unser-quartier.de\\\/stadt-bergheim\\\/files\\\/2017\\\/05\\\/IMG_4503.jpg?fit=765%2C1024\\u0026ssl=1&quot;,&quot;id&quot;:&quot;15233&quot;,&quot;title&quot;:&quot;IMG_4503&quot;,&quot;alt&quot;:&quot;&quot;,&quot;caption&quot;:&quot;Ahr \\u0026#8230;&quot;,&quot;itemprop&quot;:&quot;image&quot;},{&quot;src&quot;:&quot;https:\\\/\\\/i0.wp.com\\\/unser-quartier.de\\\/stadt-bergheim\\\/files\\\/2017\\\/05\\\/IMG_4502.jpg?fit=1024%2C765\\u0026ssl=1&quot;,&quot;id&quot;:&quot;15232&quot;,&quot;title&quot;:&quot;IMG_4502&quot;,&quot;alt&quot;:&quot;&quot;,&quot;caption&quot;:&quot;Ahr \\u0026#8230;&quot;,&quot;itemprop&quot;:&quot;image&quot;},{&quot;src&quot;:&quot;https:\\\/\\\/i0.wp.com\\\/unser-quartier.de\\\/stadt-bergheim\\\/files\\\/2017\\\/05\\\/IMG_4506.jpg?fit=765%2C1024\\u0026ssl=1&quot;,&quot;id&quot;:&quot;15234&quot;,&quot;title&quot;:&quot;IMG_4506&quot;,&quot;alt&quot;:&quot;&quot;,&quot;caption&quot;:&quot;Ahr \\u0026#8230;&quot;,&quot;itemprop&quot;:&quot;image&quot;},{&quot;src&quot;:&quot;https:\\\/\\\/i0.wp.com\\\/unser-quartier.de\\\/stadt-bergheim\\\/files\\\/2017\\\/05\\\/IMG_4505.jpg?fit=1024%2C765\\u0026ssl=1&quot;,&quot;id&quot;:&quot;15235&quot;,&quot;title&quot;:&quot;IMG_4505&quot;,&quot;alt&quot;:&quot;&quot;,&quot;caption&quot;:&quot;Ahr \\u0026#8230;&quot;,&quot;itemprop&quot;:&quot;image&quot;},{&quot;src&quot;:&quot;https:\\\/\\\/i0.wp.com\\\/unser-quartier.de\\\/stadt-bergheim\\\/files\\\/2017\\\/05\\\/IMG_4510.jpg?fit=765%2C1024\\u0026ssl=1&quot;,&quot;id&quot;:&quot;15237&quot;,&quot;title&quot;:&quot;IMG_4510&quot;,&quot;alt&quot;:&quot;&quot;,&quot;caption&quot;:&quot;Ahr \\u0026#8230;&quot;,&quot;itemprop&quot;:&quot;image&quot;},{&quot;src&quot;:&quot;https:\\\/\\\/i0.wp.com\\\/unser-quartier.de\\\/stadt-bergheim\\\/files\\\/2017\\\/05\\\/IMG_4507.jpg?fit=1024%2C765\\u0026ssl=1&quot;,&quot;id&quot;:&quot;15238&quot;,&quot;title&quot;:&quot;IMG_4507&quot;,&quot;alt&quot;:&quot;&quot;,&quot;caption&quot;:&quot;Ahr \\u0026#8230;&quot;,&quot;itemprop&quot;:&quot;image&quot;}]\" itemscope itemtype=\"https:\/\/schema.org\/ImageGallery\"><\/div>\n","protected":false},"excerpt":{"rendered":"<p>Ein paar Bergheimer Senioren nutzten heute das sch\u00f6ne Wetter f\u00fcr einen Ausflug nach Bad Neuenahr. In dem malerischen St\u00e4dtchen war heute ein Handwerker- und Kleinkunst-Markt, der noch mehr die gute Laune steigerte.\u00a0 Nach einem kleinen Mittags-Imbiss spazierten wir im wundersch\u00f6nen Kurpark an der Ahr. Seltene B\u00e4ume, vielf\u00e4ltige Blumenbeete, Wasserspiele&#8230; und \u00a0\u00fcberall kostenlose Liegen und St\u00fchle &hellip; <\/p>\n<p><a class=\"more-link btn\" href=\"https:\/\/unser-quartier.de\/stadt-bergheim\/2017\/05\/wir-waren-an-der-ahr\/\">Weiterlesen<\/a><\/p>\n","protected":false},"author":48,"featured_media":15218,"comment_status":"open","ping_status":"open","sticky":false,"template":"","format":"standard","meta":{"_bbp_topic_count":0,"_bbp_reply_count":0,"_bbp_total_topic_count":0,"_bbp_total_reply_count":0,"_bbp_voice_count":0,"_bbp_anonymous_reply_count":0,"_bbp_topic_count_hidden":0,"_bbp_reply_count_hidden":0,"_bbp_forum_subforum_count":0,"jetpack_post_was_ever_published":false,"_jetpack_newsletter_access":"","_jetpack_dont_email_post_to_subs":false,"_jetpack_newsletter_tier_id":0,"_jetpack_memberships_contains_paywalled_content":false,"_jetpack_memberships_contains_paid_content":false,"footnotes":""},"categories":[1,75,71],"tags":[],"class_list":["post-15214","post","type-post","status-publish","format-standard","has-post-thumbnail","hentry","category-allgemein","category-buntes-brett","category-freizeit","item-wrap"],"jetpack_sharing_enabled":true,"jetpack_featured_media_url":"https:\/\/i0.wp.com\/unser-quartier.de\/stadt-bergheim\/files\/2017\/05\/IMG_4485-1.jpg?fit=765%2C1024&ssl=1","jetpack_shortlink":"https:\/\/wp.me\/p3vhfJ-3Xo","jetpack_likes_enabled":true,"_links":{"self":[{"href":"https:\/\/unser-quartier.de\/stadt-bergheim\/wp-json\/wp\/v2\/posts\/15214","targetHints":{"allow":["GET"]}}],"collection":[{"href":"https:\/\/unser-quartier.de\/stadt-bergheim\/wp-json\/wp\/v2\/posts"}],"about":[{"href":"https:\/\/unser-quartier.de\/stadt-bergheim\/wp-json\/wp\/v2\/types\/post"}],"author":[{"embeddable":true,"href":"https:\/\/unser-quartier.de\/stadt-bergheim\/wp-json\/wp\/v2\/users\/48"}],"replies":[{"embeddable":true,"href":"https:\/\/unser-quartier.de\/stadt-bergheim\/wp-json\/wp\/v2\/comments?post=15214"}],"version-history":[{"count":0,"href":"https:\/\/unser-quartier.de\/stadt-bergheim\/wp-json\/wp\/v2\/posts\/15214\/revisions"}],"wp:featuredmedia":[{"embeddable":true,"href":"https:\/\/unser-quartier.de\/stadt-bergheim\/wp-json\/wp\/v2\/media\/15218"}],"wp:attachment":[{"href":"https:\/\/unser-quartier.de\/stadt-bergheim\/wp-json\/wp\/v2\/media?parent=15214"}],"wp:term":[{"taxonomy":"category","embeddable":true,"href":"https:\/\/unser-quartier.de\/stadt-bergheim\/wp-json\/wp\/v2\/categories?post=15214"},{"taxonomy":"post_tag","embeddable":true,"href":"https:\/\/unser-quartier.de\/stadt-bergheim\/wp-json\/wp\/v2\/tags?post=15214"}],"curies":[{"name":"wp","href":"https:\/\/api.w.org\/{rel}","templated":true}]}}