{"id":15250,"date":"2017-05-22T17:24:57","date_gmt":"2017-05-22T15:24:57","guid":{"rendered":"https:\/\/unser-quartier.de\/stadt-bergheim\/?p=15250"},"modified":"2017-05-22T17:24:57","modified_gmt":"2017-05-22T15:24:57","slug":"leben-mit-demenzkranken","status":"publish","type":"post","link":"https:\/\/unser-quartier.de\/stadt-bergheim\/2017\/05\/leben-mit-demenzkranken\/","title":{"rendered":"Leben mit Demenzkranken"},"content":{"rendered":"<p><strong>Brosch\u00fcre der Deutschen Alzheimer Gesellschaft\u00a0neu aufgelegt<\/strong><\/p>\n<p>Menschen, die an einer Demenz erkranken, entwickeln im Laufe der Krankheit h\u00e4ufig Verhaltensweisen, die von Angeh\u00f6rigen und anderen Betreuenden als schwierig, ungew\u00f6hnlich oder st\u00f6rend empfunden werden und oft eine starke Belastung darstellen.<\/p>\n<p>Die Brosch\u00fcre Gesellschaft \u201eLeben mit Demenzkranken. Hilfen f\u00fcr schwierige Verhaltensweisen und Situationen im Alltag\u201c, die nun schon in 8. Auflage erscheint, zeigt Strategien und gibt Anregungen f\u00fcr den Umgang mit den Verhaltensweisen, die von Angeh\u00f6rigen am h\u00e4ufigsten als belastend beschrieben werden, etwa aggressives Verhalten, Probleme mit dem Autofahren, mit Essen und Trinken. Im abschlie\u00dfenden Kapitel geht es um Hilfen und Entlastungsm\u00f6glichkeiten f\u00fcr Angeh\u00f6rige, wie\u00a0 Beratung, Gespr\u00e4chsgruppen, Entspannungs\u00fcbungen sowie Betreuungs- und Pflegeangebote.<\/p>\n<p>Die Brosch\u00fcre umfasst 56 Seiten und kann f\u00fcr 4 \u20ac (inkl. Versand) bestellt werden im<\/p>\n<p><a href=\"https:\/\/shop.deutsche-alzheimer.de\/broschueren\/33\/leben-mit-demenzkranken\" target=\"_blank\" rel=\"noopener noreferrer\">Online-Shop der Deutschen Alzheimer Gesellschaft<\/a><\/p>\n","protected":false},"excerpt":{"rendered":"<p><strong>Brosch\u00fcre der Deutschen Alzheimer Gesellschaft\u00a0neu aufgelegt<\/strong><\/p>\n<p>Menschen, die an einer Demenz erkranken, entwickeln im Laufe der Krankheit h\u00e4ufig Verhaltensweisen, die von Angeh\u00f6rigen und anderen Betreuenden als schwierig, ungew\u00f6hnlich oder st\u00f6rend empfunden werden und oft eine starke Belastung darstellen.<\/p>\n<p>Die Brosch\u00fcre Gesellschaft \u201eLeben mit Demenzkranken. Hilfen f\u00fcr schwierige Verhaltensweisen und Situationen im Alltag\u201c, die nun schon &hellip; <\/p>\n<p><a class=\"more-link btn\" href=\"https:\/\/unser-quartier.de\/stadt-bergheim\/2017\/05\/leben-mit-demenzkranken\/\">Weiterlesen<\/a><\/p>\n","protected":false},"author":133,"featured_media":0,"comment_status":"open","ping_status":"open","sticky":false,"template":"","format":"standard","meta":{"_bbp_topic_count":0,"_bbp_reply_count":0,"_bbp_total_topic_count":0,"_bbp_total_reply_count":0,"_bbp_voice_count":0,"_bbp_anonymous_reply_count":0,"_bbp_topic_count_hidden":0,"_bbp_reply_count_hidden":0,"_bbp_forum_subforum_count":0,"jetpack_post_was_ever_published":false,"_jetpack_newsletter_access":"","_jetpack_dont_email_post_to_subs":false,"_jetpack_newsletter_tier_id":0,"_jetpack_memberships_contains_paywalled_content":false,"_jetpack_memberships_contains_paid_content":false,"footnotes":""},"categories":[65],"tags":[],"class_list":["post-15250","post","type-post","status-publish","format-standard","hentry","category-demenz","item-wrap"],"jetpack_sharing_enabled":true,"jetpack_featured_media_url":"","jetpack_shortlink":"https:\/\/wp.me\/p3vhfJ-3XY","jetpack_likes_enabled":true,"_links":{"self":[{"href":"https:\/\/unser-quartier.de\/stadt-bergheim\/wp-json\/wp\/v2\/posts\/15250","targetHints":{"allow":["GET"]}}],"collection":[{"href":"https:\/\/unser-quartier.de\/stadt-bergheim\/wp-json\/wp\/v2\/posts"}],"about":[{"href":"https:\/\/unser-quartier.de\/stadt-bergheim\/wp-json\/wp\/v2\/types\/post"}],"author":[{"embeddable":true,"href":"https:\/\/unser-quartier.de\/stadt-bergheim\/wp-json\/wp\/v2\/users\/133"}],"replies":[{"embeddable":true,"href":"https:\/\/unser-quartier.de\/stadt-bergheim\/wp-json\/wp\/v2\/comments?post=15250"}],"version-history":[{"count":0,"href":"https:\/\/unser-quartier.de\/stadt-bergheim\/wp-json\/wp\/v2\/posts\/15250\/revisions"}],"wp:attachment":[{"href":"https:\/\/unser-quartier.de\/stadt-bergheim\/wp-json\/wp\/v2\/media?parent=15250"}],"wp:term":[{"taxonomy":"category","embeddable":true,"href":"https:\/\/unser-quartier.de\/stadt-bergheim\/wp-json\/wp\/v2\/categories?post=15250"},{"taxonomy":"post_tag","embeddable":true,"href":"https:\/\/unser-quartier.de\/stadt-bergheim\/wp-json\/wp\/v2\/tags?post=15250"}],"curies":[{"name":"wp","href":"https:\/\/api.w.org\/{rel}","templated":true}]}}