{"id":15254,"date":"2017-05-22T18:08:02","date_gmt":"2017-05-22T16:08:02","guid":{"rendered":"https:\/\/unser-quartier.de\/stadt-bergheim\/?p=15254"},"modified":"2017-05-22T18:09:00","modified_gmt":"2017-05-22T16:09:00","slug":"benefiz-hunde-spaziergang","status":"publish","type":"post","link":"https:\/\/unser-quartier.de\/stadt-bergheim\/2017\/05\/benefiz-hunde-spaziergang\/","title":{"rendered":"Benefiz-(Hunde)-Spaziergang"},"content":{"rendered":"<p><strong>F\u00fcr Menschen mit und ohne Demenz<\/strong><\/p>\n<div class=\"page\" title=\"Page 2\">\n<div class=\"layoutArea\">\n<div class=\"column\">Sie lieben Bewegung in Feld und Flur, Spiel und Spa\u00df? Sie achten Flora und Fauna? Dann sind Sie bei den Tierfreunden Rhein-Erft richtig. Was gibt es Sch\u00f6neres f\u00fcr Kind und Kegel an einem ganz besonderen Sonntag im Juni als den traditionellen Benefiz-(Hunde)-Spaziergang. Diesmal geht es entlang der Erft von Zieverich bis Glesch. Starts sind in Paffendorf,\u00a0Glesch und Zieverich m\u00f6glich<br \/>\n<strong><br \/>\nTermin:\u00a0Sonntag, 11. Juni 2017 14.00 Uhr bis 18.00 Uhr<\/strong>Die ausgew\u00e4hlten Routen entlang der Erft sind f\u00fcr Menschen und Vierbeiner mit und ohne Demenz bzw. Behinderung geeignet. Mit 0,5 km oder 3,5 km oder 4,0 km oder 8,0 km ist mit Sicherheit f\u00fcr jeden die richtige Streckenl\u00e4nge dabei. Mindestens 1.000 km gilt es zu erreichen. Dank der avisierten gro\u00dfz\u00fcgigen Spenden der REWE-Group und Zoo21 winken 1.000 kg Tierfutter als Lohn.<\/p>\n<p>Die Strecken sind f\u00fcr Rollator, Rollstuhl oder Kinderwagen geeignet. Inliner, Rollbretter u. \u00e4. haben aufgrund der \u00f6rtlichen Gegebenheiten leider keine Chance.\u00a0<strong>Zum Schutz von Flora und Fauna im Landschaftsschutzgebiet besteht f\u00fcr alle Vierbeiner Leinenpflicht. Das Verlassen der Wege ist nicht gestattet.<\/strong><\/p>\n<p>Start und Ziel des Spaziergangs sind flexibel an verschiedenen Punkten m\u00f6glich:<\/p>\n<div class=\"page\" title=\"Page 1\">\n<div class=\"section\">\n<div class=\"section\">\n<div class=\"layoutArea\">\n<div class=\"column\"><strong>Strecken &amp; Checkpoints<\/strong><\/div>\n<\/div>\n<\/div>\n<div class=\"section\">\n<div class=\"layoutArea\">\n<div class=\"column\">\n<ol>\n<li>Bergheim-Paffendorf, Kastanienallee, vor der Erftbr\u00fccke<\/li>\n<li>Bergheim-Glesch,\u00a0Zum Erftufer, Gr\u00fcnfl\u00e4che an der Erft<\/li>\n<li>Bergheim-Zieverich, Zievericher M\u00fchle (Angelpark), an der Erftbr\u00fccke<\/li>\n<li>Checkpoint 4\u00a0(ab Checkpoint 1 bis zur ausgewiesenen Rastm\u00f6glichkeit -Bank-; nur f\u00fcr \u00e4ltere und behinderte Personen\/Vierbeiner)<\/li>\n<\/ol>\n<p>&nbsp;<\/p>\n<p><strong>Start und Ziel sind w\u00e4hlbar an den Checkpoints 1, 2 und 3<\/strong><\/p>\n<\/div>\n<div class=\"column\"><\/div>\n<\/div>\n<div class=\"layoutArea\">\n<div class=\"column\"><\/div>\n<div class=\"column\">\n<p>\u2022 zum Checkpoint 1:\u00a0Bergheim-Paffendorf, Kastanienallee, vor der Erftbr\u00fccke, gegen\u00fcber Zu-\/Ausgang Schlosspark Paffendorf (N\u00e4he Minigolfplatz)<\/p>\n<p>\u2022 zum Checkpoint 2: Bergheim-Glesch, Zum Erftufer, Gr\u00fcnfl\u00e4che an der Erft<\/p>\n<p>\u2022 zum Checkpoint 3: Bergheim-Zieverich, Zievericher M\u00fchle (Angelpark), an der Erftbr\u00fccke.<\/p>\n<p>&nbsp;<\/p>\n<p><strong>Mitmachen und Gutes tun: JEDER KILOMETER Z\u00c4HLT!<\/strong><\/p>\n<\/div>\n<\/div>\n<\/div>\n<\/div>\n<\/div>\n<p>Helfen kann so gesund und einfach sein.<\/p>\n<p>Beg\u00fcnstigt werden in diesem Jahr das Tierheim Bergheim (BMT e.V.) und der Katzenschutzbund K\u00f6ln e.V.<\/p>\n<\/div>\n<div class=\"column\"><\/div>\n<p><strong><strong>Ablauf:<\/strong><\/strong><\/p>\n<\/div>\n<div class=\"layoutArea\"><\/div>\n<div class=\"layoutArea\">\n<p>Ab 13.30 Uhr: Ausgabe der Teilnehmerkarten<\/p>\n<div class=\"layoutArea\">\n<div class=\"column\">14 h: Startsignal des (Hunde) &#8211; Spaziergangs an Checkpoint 1 durch die stellvertretende B\u00fcrgermeisterin Elisabeth H\u00fclsewig16.30 Uhr:\u00a0Letzter Start<\/p>\n<\/div>\n<\/div>\n<div class=\"layoutArea\">\n<div class=\"column\">18.00 Uhr: Ende der Veranstaltung<\/div>\n<\/div>\n<div class=\"layoutArea\">\n<div class=\"column\">\n<p>&nbsp;<\/p>\n<p>F\u00fcr Hunde besteht Leinen- und Haftpflichtversicherungspflicht.\u00a0Die Teilnahme an der Veranstaltung erfolgt auf eigenes Risiko und eigene Gefahr.<\/p>\n<p>Der Arbeitskreis (AK) Tierfreunde Rhein-Erft ist ein lockerer Zusammenschluss von Tierfreunden, der sich der Tierschutzarbeit in unterschiedlichen Bereichen widmet, u.a. Hunde, Katzen, Igel, V\u00f6gel, Meerschweinchen. Das Engagement ist ausschlie\u00dflich ehrenamtlich, die Spenden kommen den Tieren zugute.<\/p>\n<\/div>\n<\/div>\n<div class=\"column\"><\/div>\n<div class=\"column\">\n<p><strong>Kontakt<\/strong>: <a href=\"mailto:info@tierfreunde-rhein-erft.de\">info@tierfreunde-rhein-erft.de<\/a><\/p>\n<p>w<a href=\"http:\/\/www.tierfreunde-rhein-erft.de\">ww.tierfreunde-rhein-erft.de<\/a><\/p>\n<p><a href=\"https:\/\/unser-quartier.de\/stadt-bergheim\/files\/2017\/05\/Flyer.pdf\">Flyer<\/a>\u00a0zum Download<\/p>\n<p><img data-recalc-dims=\"1\" loading=\"lazy\" decoding=\"async\" data-attachment-id=\"15255\" data-permalink=\"https:\/\/unser-quartier.de\/stadt-bergheim\/2017\/05\/benefiz-hunde-spaziergang\/flyer-2\/\" data-orig-file=\"https:\/\/i0.wp.com\/unser-quartier.de\/stadt-bergheim\/files\/2017\/05\/Flyer.jpg?fit=1024%2C726&amp;ssl=1\" data-orig-size=\"1024,726\" data-comments-opened=\"0\" data-image-meta=\"{&quot;aperture&quot;:&quot;0&quot;,&quot;credit&quot;:&quot;&quot;,&quot;camera&quot;:&quot;&quot;,&quot;caption&quot;:&quot;&quot;,&quot;created_timestamp&quot;:&quot;0&quot;,&quot;copyright&quot;:&quot;&quot;,&quot;focal_length&quot;:&quot;0&quot;,&quot;iso&quot;:&quot;0&quot;,&quot;shutter_speed&quot;:&quot;0&quot;,&quot;title&quot;:&quot;&quot;,&quot;orientation&quot;:&quot;0&quot;}\" data-image-title=\"Flyer\" data-image-description=\"\" data-image-caption=\"\" data-medium-file=\"https:\/\/i0.wp.com\/unser-quartier.de\/stadt-bergheim\/files\/2017\/05\/Flyer.jpg?fit=300%2C213&amp;ssl=1\" data-large-file=\"https:\/\/i0.wp.com\/unser-quartier.de\/stadt-bergheim\/files\/2017\/05\/Flyer.jpg?fit=770%2C546&amp;ssl=1\" class=\"alignnone size-medium wp-image-15255\" src=\"https:\/\/i0.wp.com\/unser-quartier.de\/stadt-bergheim\/files\/2017\/05\/Flyer.jpg?resize=300%2C213&#038;ssl=1\" alt=\"\" width=\"300\" height=\"213\" srcset=\"https:\/\/i0.wp.com\/unser-quartier.de\/stadt-bergheim\/files\/2017\/05\/Flyer.jpg?resize=300%2C213&amp;ssl=1 300w, https:\/\/i0.wp.com\/unser-quartier.de\/stadt-bergheim\/files\/2017\/05\/Flyer.jpg?resize=150%2C106&amp;ssl=1 150w, https:\/\/i0.wp.com\/unser-quartier.de\/stadt-bergheim\/files\/2017\/05\/Flyer.jpg?resize=768%2C545&amp;ssl=1 768w, https:\/\/i0.wp.com\/unser-quartier.de\/stadt-bergheim\/files\/2017\/05\/Flyer.jpg?w=1024&amp;ssl=1 1024w\" sizes=\"auto, (max-width: 300px) 100vw, 300px\" \/><\/p>\n<\/div>\n<\/div>\n<div class=\"layoutArea\"><\/div>\n<div class=\"layoutArea\">\u00a0<img data-recalc-dims=\"1\" loading=\"lazy\" decoding=\"async\" data-attachment-id=\"15256\" data-permalink=\"https:\/\/unser-quartier.de\/stadt-bergheim\/2017\/05\/benefiz-hunde-spaziergang\/flyer2\/\" data-orig-file=\"https:\/\/i0.wp.com\/unser-quartier.de\/stadt-bergheim\/files\/2017\/05\/Flyer2.jpg?fit=1024%2C726&amp;ssl=1\" data-orig-size=\"1024,726\" data-comments-opened=\"0\" data-image-meta=\"{&quot;aperture&quot;:&quot;0&quot;,&quot;credit&quot;:&quot;&quot;,&quot;camera&quot;:&quot;&quot;,&quot;caption&quot;:&quot;&quot;,&quot;created_timestamp&quot;:&quot;0&quot;,&quot;copyright&quot;:&quot;&quot;,&quot;focal_length&quot;:&quot;0&quot;,&quot;iso&quot;:&quot;0&quot;,&quot;shutter_speed&quot;:&quot;0&quot;,&quot;title&quot;:&quot;&quot;,&quot;orientation&quot;:&quot;0&quot;}\" data-image-title=\"Flyer2\" data-image-description=\"\" data-image-caption=\"\" data-medium-file=\"https:\/\/i0.wp.com\/unser-quartier.de\/stadt-bergheim\/files\/2017\/05\/Flyer2.jpg?fit=300%2C213&amp;ssl=1\" data-large-file=\"https:\/\/i0.wp.com\/unser-quartier.de\/stadt-bergheim\/files\/2017\/05\/Flyer2.jpg?fit=770%2C546&amp;ssl=1\" class=\"alignnone size-medium wp-image-15256\" src=\"https:\/\/i0.wp.com\/unser-quartier.de\/stadt-bergheim\/files\/2017\/05\/Flyer2.jpg?resize=300%2C213&#038;ssl=1\" alt=\"\" width=\"300\" height=\"213\" srcset=\"https:\/\/i0.wp.com\/unser-quartier.de\/stadt-bergheim\/files\/2017\/05\/Flyer2.jpg?resize=300%2C213&amp;ssl=1 300w, https:\/\/i0.wp.com\/unser-quartier.de\/stadt-bergheim\/files\/2017\/05\/Flyer2.jpg?resize=150%2C106&amp;ssl=1 150w, https:\/\/i0.wp.com\/unser-quartier.de\/stadt-bergheim\/files\/2017\/05\/Flyer2.jpg?resize=768%2C545&amp;ssl=1 768w, https:\/\/i0.wp.com\/unser-quartier.de\/stadt-bergheim\/files\/2017\/05\/Flyer2.jpg?w=1024&amp;ssl=1 1024w\" sizes=\"auto, (max-width: 300px) 100vw, 300px\" \/><\/div>\n<div class=\"layoutArea\">\n<div class=\"column\">\n<p>&nbsp;<\/p>\n<\/div>\n<\/div>\n<\/div>\n","protected":false},"excerpt":{"rendered":"<p><strong>F\u00fcr Menschen mit und ohne Demenz<\/strong><\/p>\n<p> Sie lieben Bewegung in Feld und Flur, Spiel und Spa\u00df? Sie achten Flora und Fauna? Dann sind Sie bei den Tierfreunden Rhein-Erft richtig. Was gibt es Sch\u00f6neres f\u00fcr Kind und Kegel an einem ganz besonderen Sonntag im Juni als den traditionellen Benefiz-(Hunde)-Spaziergang. Diesmal geht es entlang der Erft von &hellip; <\/p>\n<p><a class=\"more-link btn\" href=\"https:\/\/unser-quartier.de\/stadt-bergheim\/2017\/05\/benefiz-hunde-spaziergang\/\">Weiterlesen<\/a><\/p>\n","protected":false},"author":133,"featured_media":0,"comment_status":"open","ping_status":"open","sticky":false,"template":"","format":"standard","meta":{"_bbp_topic_count":0,"_bbp_reply_count":0,"_bbp_total_topic_count":0,"_bbp_total_reply_count":0,"_bbp_voice_count":0,"_bbp_anonymous_reply_count":0,"_bbp_topic_count_hidden":0,"_bbp_reply_count_hidden":0,"_bbp_forum_subforum_count":0,"jetpack_post_was_ever_published":false,"_jetpack_newsletter_access":"","_jetpack_dont_email_post_to_subs":false,"_jetpack_newsletter_tier_id":0,"_jetpack_memberships_contains_paywalled_content":false,"_jetpack_memberships_contains_paid_content":false,"footnotes":""},"categories":[1,65],"tags":[],"class_list":["post-15254","post","type-post","status-publish","format-standard","hentry","category-allgemein","category-demenz","item-wrap"],"jetpack_sharing_enabled":true,"jetpack_featured_media_url":"","jetpack_shortlink":"https:\/\/wp.me\/p3vhfJ-3Y2","jetpack_likes_enabled":true,"_links":{"self":[{"href":"https:\/\/unser-quartier.de\/stadt-bergheim\/wp-json\/wp\/v2\/posts\/15254","targetHints":{"allow":["GET"]}}],"collection":[{"href":"https:\/\/unser-quartier.de\/stadt-bergheim\/wp-json\/wp\/v2\/posts"}],"about":[{"href":"https:\/\/unser-quartier.de\/stadt-bergheim\/wp-json\/wp\/v2\/types\/post"}],"author":[{"embeddable":true,"href":"https:\/\/unser-quartier.de\/stadt-bergheim\/wp-json\/wp\/v2\/users\/133"}],"replies":[{"embeddable":true,"href":"https:\/\/unser-quartier.de\/stadt-bergheim\/wp-json\/wp\/v2\/comments?post=15254"}],"version-history":[{"count":0,"href":"https:\/\/unser-quartier.de\/stadt-bergheim\/wp-json\/wp\/v2\/posts\/15254\/revisions"}],"wp:attachment":[{"href":"https:\/\/unser-quartier.de\/stadt-bergheim\/wp-json\/wp\/v2\/media?parent=15254"}],"wp:term":[{"taxonomy":"category","embeddable":true,"href":"https:\/\/unser-quartier.de\/stadt-bergheim\/wp-json\/wp\/v2\/categories?post=15254"},{"taxonomy":"post_tag","embeddable":true,"href":"https:\/\/unser-quartier.de\/stadt-bergheim\/wp-json\/wp\/v2\/tags?post=15254"}],"curies":[{"name":"wp","href":"https:\/\/api.w.org\/{rel}","templated":true}]}}