{"id":15294,"date":"2017-05-25T00:01:49","date_gmt":"2017-05-24T22:01:49","guid":{"rendered":"https:\/\/unser-quartier.de\/stadt-bergheim\/?p=15294"},"modified":"2017-05-25T00:01:28","modified_gmt":"2017-05-24T22:01:28","slug":"ein-vater-spricht-zu-seinem-kleinen-sohn","status":"publish","type":"post","link":"https:\/\/unser-quartier.de\/stadt-bergheim\/2017\/05\/ein-vater-spricht-zu-seinem-kleinen-sohn\/","title":{"rendered":"Ein Vater spricht zu seinem kleinen Sohn:"},"content":{"rendered":"<p><span style=\"font-size: 12pt\"><a href=\"https:\/\/unser-quartier.de\/stadt-bergheim\/2017\/05\/ein-vater-spricht-zu-seinem-kleinen-sohn\/img_4573\/\" rel=\"attachment wp-att-15295\"><img data-recalc-dims=\"1\" loading=\"lazy\" decoding=\"async\" data-attachment-id=\"15295\" data-permalink=\"https:\/\/unser-quartier.de\/stadt-bergheim\/2017\/05\/ein-vater-spricht-zu-seinem-kleinen-sohn\/img_4573\/\" data-orig-file=\"https:\/\/i0.wp.com\/unser-quartier.de\/stadt-bergheim\/files\/2017\/05\/IMG_4573.jpg?fit=510%2C340&amp;ssl=1\" data-orig-size=\"510,340\" data-comments-opened=\"0\" data-image-meta=\"{&quot;aperture&quot;:&quot;0&quot;,&quot;credit&quot;:&quot;&quot;,&quot;camera&quot;:&quot;&quot;,&quot;caption&quot;:&quot;&quot;,&quot;created_timestamp&quot;:&quot;0&quot;,&quot;copyright&quot;:&quot;&quot;,&quot;focal_length&quot;:&quot;0&quot;,&quot;iso&quot;:&quot;0&quot;,&quot;shutter_speed&quot;:&quot;0&quot;,&quot;title&quot;:&quot;&quot;,&quot;orientation&quot;:&quot;0&quot;}\" data-image-title=\"IMG_4573\" data-image-description=\"\" data-image-caption=\"\" data-medium-file=\"https:\/\/i0.wp.com\/unser-quartier.de\/stadt-bergheim\/files\/2017\/05\/IMG_4573.jpg?fit=300%2C200&amp;ssl=1\" data-large-file=\"https:\/\/i0.wp.com\/unser-quartier.de\/stadt-bergheim\/files\/2017\/05\/IMG_4573.jpg?fit=510%2C340&amp;ssl=1\" class=\"alignnone size-full wp-image-15295\" src=\"https:\/\/i0.wp.com\/unser-quartier.de\/stadt-bergheim\/files\/2017\/05\/IMG_4573.jpg?resize=510%2C340&#038;ssl=1\" alt=\"\" width=\"510\" height=\"340\" srcset=\"https:\/\/i0.wp.com\/unser-quartier.de\/stadt-bergheim\/files\/2017\/05\/IMG_4573.jpg?w=510&amp;ssl=1 510w, https:\/\/i0.wp.com\/unser-quartier.de\/stadt-bergheim\/files\/2017\/05\/IMG_4573.jpg?resize=150%2C100&amp;ssl=1 150w, https:\/\/i0.wp.com\/unser-quartier.de\/stadt-bergheim\/files\/2017\/05\/IMG_4573.jpg?resize=300%2C200&amp;ssl=1 300w\" sizes=\"auto, (max-width: 510px) 100vw, 510px\" \/><\/a><\/span><\/p>\n<p><span style=\"font-size: 12pt\">Ein Vater spricht zu seinem kleinen Sohn:<\/span><br \/>\n<span style=\"font-size: 12pt\">.<\/span><br \/>\n<span style=\"font-size: 12pt\">&#8220;H\u00f6r zu, mein Sohn, ich spreche zu dir, w\u00e4hrend du schl\u00e4fst, die kleine Faust unter der Wange geballt, die blonden L\u00f6ckchen auf der feuchten Stirn verklebt. Ich habe mich ganz leise in dein Zimmer geschlichen. Vor einigen Minuten, w\u00e4hrend ich vor dem Fernseher sa\u00df, erfasste mich ein schlechtes Gewissen. Reum\u00fctig stehe ich nun vor deinem Bett.<\/span><br \/>\n<span style=\"font-size: 12pt\">Ich musste daran denken, wie oft ich heute b\u00f6se war auf dich. Ich habe mit dir geschimpft, weil du heute Morgen nur Katzenw\u00e4sche gemacht hast. Beim Fr\u00fchst\u00fcck wolltest du lieber ein Nutellabrot essen, statt des M\u00fcslis, das ich dir bereit gestellt hatte. Ich war sauer, als du die Milch versch\u00fcttet hattest. Ich stellte dich zur Rede, weil du mit schmutzigen Schuhen zum Kindergarten gehen wolltest. Als ich dich dort abgeliefert hatte, hast du dich umgedreht, gewinkt und gerufen: &#8220;Auf Wiedersehen Daddy.&#8221; Doch ich runzelte die Stirn und sagte: &#8220;Halte dich gerade und mach nicht so einen Buckel.&#8221;<\/span><br \/>\n<span style=\"font-size: 12pt\">Am Nachmittag machte ich meinem \u00c4rger Luft, weil dein Kinderzimmer nicht aufger\u00e4umt war. Und wei\u00dft du noch, sp\u00e4ter als ich meine Zeitung las, da kamst du ins Wohnzimmer, ganz sch\u00fcchtern&#8230; in deinen Augen eine Spur von Traurigkeit.<\/span>\u00a0<span style=\"font-size: 12pt\">&#8220;Was willst du?&#8221; schnauzte ich dich an, weil ich nicht gest\u00f6rt sein wollte.<\/span>\u00a0<span style=\"font-size: 12pt\">Du sagtest nichts, st\u00fcrmtest durchs Zimmer und warfst deine kleinen Arme um meinen Hals und k\u00fcsstest mich.<\/span>\u00a0<span style=\"font-size: 12pt\">Kurz nachdem du weggegangen warst, mein Sohn, glitt mir die Zeitung aus den H\u00e4nden und mein Herz zog sich zusammen. Was war nur aus mir geworden? Vorw\u00fcrfe und Tadel ohne Ende&#8230; Und du bist noch ein kleines Kind. Nicht, dass ich dich nicht liebe &#8211; ich habe nur zuviel von dir erwartet und dich nach dem Ma\u00dfstab meiner eigenen Jahre beurteilt, als ob du schon erwachsen w\u00e4rst. Dabei ist doch an dir alles gut und sch\u00f6n und echt. Dein kleines Herz ist voller Liebe und das ist alles, was z\u00e4hlt. Ich bin besch\u00e4mt, mein Sohn und ich werde ab morgen ein besserer Daddy sein. Wir werden Freunde sein und wenn du traurig bist, werde ich mit dir traurig sein und wenn du fr\u00f6hlich bist, werde ich mit dir lachen. Eher werde ich mir die Zunge abbei\u00dfen, als dir nochmal Vorw\u00fcrfe zu machen. Ich schaue dich an, wie du m\u00fcde in deinem Bettchen liegst und sehe, dass du noch ein kleines Kind bist.&#8221;<\/span><\/p>\n<p><span style=\"font-size: 12pt\">von Gertrud Breuer<\/span><\/p>\n","protected":false},"excerpt":{"rendered":"<\/p>\n<p>Ein Vater spricht zu seinem kleinen Sohn: . &#8220;H\u00f6r zu, mein Sohn, ich spreche zu dir, w\u00e4hrend du schl\u00e4fst, die kleine Faust unter der Wange geballt, die blonden L\u00f6ckchen auf der feuchten Stirn verklebt. Ich habe mich ganz leise in dein Zimmer geschlichen. Vor einigen Minuten, w\u00e4hrend ich vor dem Fernseher sa\u00df, erfasste mich &hellip; <\/p>\n<p><a class=\"more-link btn\" href=\"https:\/\/unser-quartier.de\/stadt-bergheim\/2017\/05\/ein-vater-spricht-zu-seinem-kleinen-sohn\/\">Weiterlesen<\/a><\/p>\n","protected":false},"author":48,"featured_media":0,"comment_status":"open","ping_status":"open","sticky":false,"template":"","format":"standard","meta":{"_bbp_topic_count":0,"_bbp_reply_count":0,"_bbp_total_topic_count":0,"_bbp_total_reply_count":0,"_bbp_voice_count":0,"_bbp_anonymous_reply_count":0,"_bbp_topic_count_hidden":0,"_bbp_reply_count_hidden":0,"_bbp_forum_subforum_count":0,"jetpack_post_was_ever_published":false,"_jetpack_newsletter_access":"","_jetpack_dont_email_post_to_subs":false,"_jetpack_newsletter_tier_id":0,"_jetpack_memberships_contains_paywalled_content":false,"_jetpack_memberships_contains_paid_content":false,"footnotes":""},"categories":[1,58,75,72],"tags":[],"class_list":["post-15294","post","type-post","status-publish","format-standard","hentry","category-allgemein","category-alltagshilfen","category-buntes-brett","category-tipps","item-wrap"],"jetpack_sharing_enabled":true,"jetpack_featured_media_url":"","jetpack_shortlink":"https:\/\/wp.me\/p3vhfJ-3YG","jetpack_likes_enabled":true,"_links":{"self":[{"href":"https:\/\/unser-quartier.de\/stadt-bergheim\/wp-json\/wp\/v2\/posts\/15294","targetHints":{"allow":["GET"]}}],"collection":[{"href":"https:\/\/unser-quartier.de\/stadt-bergheim\/wp-json\/wp\/v2\/posts"}],"about":[{"href":"https:\/\/unser-quartier.de\/stadt-bergheim\/wp-json\/wp\/v2\/types\/post"}],"author":[{"embeddable":true,"href":"https:\/\/unser-quartier.de\/stadt-bergheim\/wp-json\/wp\/v2\/users\/48"}],"replies":[{"embeddable":true,"href":"https:\/\/unser-quartier.de\/stadt-bergheim\/wp-json\/wp\/v2\/comments?post=15294"}],"version-history":[{"count":0,"href":"https:\/\/unser-quartier.de\/stadt-bergheim\/wp-json\/wp\/v2\/posts\/15294\/revisions"}],"wp:attachment":[{"href":"https:\/\/unser-quartier.de\/stadt-bergheim\/wp-json\/wp\/v2\/media?parent=15294"}],"wp:term":[{"taxonomy":"category","embeddable":true,"href":"https:\/\/unser-quartier.de\/stadt-bergheim\/wp-json\/wp\/v2\/categories?post=15294"},{"taxonomy":"post_tag","embeddable":true,"href":"https:\/\/unser-quartier.de\/stadt-bergheim\/wp-json\/wp\/v2\/tags?post=15294"}],"curies":[{"name":"wp","href":"https:\/\/api.w.org\/{rel}","templated":true}]}}