{"id":15308,"date":"2017-05-26T11:00:35","date_gmt":"2017-05-26T09:00:35","guid":{"rendered":"https:\/\/unser-quartier.de\/stadt-bergheim\/?p=15308"},"modified":"2017-05-26T08:02:59","modified_gmt":"2017-05-26T06:02:59","slug":"500-jahre-reformation","status":"publish","type":"post","link":"https:\/\/unser-quartier.de\/stadt-bergheim\/2017\/05\/500-jahre-reformation\/","title":{"rendered":"500 Jahre Reformation &#8230;"},"content":{"rendered":"<p><a href=\"https:\/\/unser-quartier.de\/stadt-bergheim\/?attachment_id=15309\" rel=\"attachment wp-att-15309\"><img data-recalc-dims=\"1\" loading=\"lazy\" decoding=\"async\" data-attachment-id=\"15309\" data-permalink=\"https:\/\/unser-quartier.de\/stadt-bergheim\/2017\/05\/500-jahre-reformation\/img_4590\/\" data-orig-file=\"https:\/\/i0.wp.com\/unser-quartier.de\/stadt-bergheim\/files\/2017\/05\/IMG_4590.jpg?fit=510%2C340&amp;ssl=1\" data-orig-size=\"510,340\" data-comments-opened=\"0\" data-image-meta=\"{&quot;aperture&quot;:&quot;0&quot;,&quot;credit&quot;:&quot;&quot;,&quot;camera&quot;:&quot;&quot;,&quot;caption&quot;:&quot;&quot;,&quot;created_timestamp&quot;:&quot;0&quot;,&quot;copyright&quot;:&quot;&quot;,&quot;focal_length&quot;:&quot;0&quot;,&quot;iso&quot;:&quot;0&quot;,&quot;shutter_speed&quot;:&quot;0&quot;,&quot;title&quot;:&quot;&quot;,&quot;orientation&quot;:&quot;0&quot;}\" data-image-title=\"IMG_4590\" data-image-description=\"\" data-image-caption=\"\" data-medium-file=\"https:\/\/i0.wp.com\/unser-quartier.de\/stadt-bergheim\/files\/2017\/05\/IMG_4590.jpg?fit=300%2C200&amp;ssl=1\" data-large-file=\"https:\/\/i0.wp.com\/unser-quartier.de\/stadt-bergheim\/files\/2017\/05\/IMG_4590.jpg?fit=510%2C340&amp;ssl=1\" class=\"alignnone size-full wp-image-15309\" src=\"https:\/\/i0.wp.com\/unser-quartier.de\/stadt-bergheim\/files\/2017\/05\/IMG_4590.jpg?resize=510%2C340&#038;ssl=1\" alt=\"\" width=\"510\" height=\"340\" srcset=\"https:\/\/i0.wp.com\/unser-quartier.de\/stadt-bergheim\/files\/2017\/05\/IMG_4590.jpg?w=510&amp;ssl=1 510w, https:\/\/i0.wp.com\/unser-quartier.de\/stadt-bergheim\/files\/2017\/05\/IMG_4590.jpg?resize=150%2C100&amp;ssl=1 150w, https:\/\/i0.wp.com\/unser-quartier.de\/stadt-bergheim\/files\/2017\/05\/IMG_4590.jpg?resize=300%2C200&amp;ssl=1 300w\" sizes=\"auto, (max-width: 510px) 100vw, 510px\" \/><\/a><\/p>\n<p><span style=\"font-size: 12pt\">500 Jahre Reformation<\/span><br \/>\n<span style=\"font-size: 12pt\">.<\/span><br \/>\n<span style=\"font-size: 12pt\">Im Jahr 1517 ver\u00f6ffentlichte Martin Luther seine Thesen gegen den Missbrauch des Ablasses. Das war der Auftakt zur Reformation, einem sehr bedeutendem Ereignis der europ\u00e4ischen Geschichte. Die Auswirkungen auf Religion, Gesellschaft, Politik und Kultur waren immens und erlangten weltgeschichtliche Bedeutung. Die Reformation bef\u00fcrwortete ein Menschenbild, welches auf einem neuen christlichen Freiheitsbegriff beruhte. Eigenverantwortlichkeit und Gewissensentscheidung des Einzelnen wurde in den Mittelpunkt ger\u00fcckt und die Aufkl\u00e4rung und die Menschenrechte wurden entscheidend beeinflusst. Die \u00dcbersetzung der Bibel ins Deutsche durch Luther, war wesentlich f\u00fcr die Entwicklung einer einheitlichen Schriftsprache und erm\u00f6glichte weiten Teilen der Bev\u00f6lkerung erst den Zugang zu Bildung.<\/span><span>\u00a0<\/span><span style=\"font-size: 12pt\">Eine dunkle Seite des Reformators war seine judenfeindliche Haltung und seine Meinung zu den Bauernkriegen.<\/span><br \/>\n<span style=\"font-size: 12pt\">Die evangelische Kirche feiert dieses Jubil\u00e4umsjahr mit einen Kirchentag in Berlin und Wittenberg und und hat alle Konfessionen zum Mitfeiern eingeladen. In den letzten Jahrzehnten haben sich die katholische und die evangelische Kirche so weit angen\u00e4hert, dass es mehr Verbindendes gibt, als Trennendes. Ein Trend, der sehr zu begr\u00fc\u00dfen ist.<\/span><br \/>\n<span style=\"font-size: 12pt\">.<\/span><br \/>\n<span style=\"font-size: 12pt\">von Gertrud Breuer<\/span><\/p>\n","protected":false},"excerpt":{"rendered":"<\/p>\n<p>500 Jahre Reformation . Im Jahr 1517 ver\u00f6ffentlichte Martin Luther seine Thesen gegen den Missbrauch des Ablasses. Das war der Auftakt zur Reformation, einem sehr bedeutendem Ereignis der europ\u00e4ischen Geschichte. Die Auswirkungen auf Religion, Gesellschaft, Politik und Kultur waren immens und erlangten weltgeschichtliche Bedeutung. Die Reformation bef\u00fcrwortete ein Menschenbild, welches auf einem neuen christlichen &hellip; <\/p>\n<p><a class=\"more-link btn\" href=\"https:\/\/unser-quartier.de\/stadt-bergheim\/2017\/05\/500-jahre-reformation\/\">Weiterlesen<\/a><\/p>\n","protected":false},"author":48,"featured_media":0,"comment_status":"open","ping_status":"open","sticky":false,"template":"","format":"standard","meta":{"_bbp_topic_count":0,"_bbp_reply_count":0,"_bbp_total_topic_count":0,"_bbp_total_reply_count":0,"_bbp_voice_count":0,"_bbp_anonymous_reply_count":0,"_bbp_topic_count_hidden":0,"_bbp_reply_count_hidden":0,"_bbp_forum_subforum_count":0,"jetpack_post_was_ever_published":false,"_jetpack_newsletter_access":"","_jetpack_dont_email_post_to_subs":false,"_jetpack_newsletter_tier_id":0,"_jetpack_memberships_contains_paywalled_content":false,"_jetpack_memberships_contains_paid_content":false,"footnotes":""},"categories":[1,58,75],"tags":[],"class_list":["post-15308","post","type-post","status-publish","format-standard","hentry","category-allgemein","category-alltagshilfen","category-buntes-brett","item-wrap"],"jetpack_sharing_enabled":true,"jetpack_featured_media_url":"","jetpack_shortlink":"https:\/\/wp.me\/p3vhfJ-3YU","jetpack_likes_enabled":true,"_links":{"self":[{"href":"https:\/\/unser-quartier.de\/stadt-bergheim\/wp-json\/wp\/v2\/posts\/15308","targetHints":{"allow":["GET"]}}],"collection":[{"href":"https:\/\/unser-quartier.de\/stadt-bergheim\/wp-json\/wp\/v2\/posts"}],"about":[{"href":"https:\/\/unser-quartier.de\/stadt-bergheim\/wp-json\/wp\/v2\/types\/post"}],"author":[{"embeddable":true,"href":"https:\/\/unser-quartier.de\/stadt-bergheim\/wp-json\/wp\/v2\/users\/48"}],"replies":[{"embeddable":true,"href":"https:\/\/unser-quartier.de\/stadt-bergheim\/wp-json\/wp\/v2\/comments?post=15308"}],"version-history":[{"count":0,"href":"https:\/\/unser-quartier.de\/stadt-bergheim\/wp-json\/wp\/v2\/posts\/15308\/revisions"}],"wp:attachment":[{"href":"https:\/\/unser-quartier.de\/stadt-bergheim\/wp-json\/wp\/v2\/media?parent=15308"}],"wp:term":[{"taxonomy":"category","embeddable":true,"href":"https:\/\/unser-quartier.de\/stadt-bergheim\/wp-json\/wp\/v2\/categories?post=15308"},{"taxonomy":"post_tag","embeddable":true,"href":"https:\/\/unser-quartier.de\/stadt-bergheim\/wp-json\/wp\/v2\/tags?post=15308"}],"curies":[{"name":"wp","href":"https:\/\/api.w.org\/{rel}","templated":true}]}}