{"id":15836,"date":"2017-06-19T12:26:03","date_gmt":"2017-06-19T10:26:03","guid":{"rendered":"https:\/\/unser-quartier.de\/stadt-bergheim\/?p=15836"},"modified":"2017-06-19T22:25:42","modified_gmt":"2017-06-19T20:25:42","slug":"kindermund-4","status":"publish","type":"post","link":"https:\/\/unser-quartier.de\/stadt-bergheim\/2017\/06\/kindermund-4\/","title":{"rendered":"Kindermund &#8230;"},"content":{"rendered":"<p><span style=\"font-size: 12pt\">Logisch!?<\/span><\/p>\n<p>Vor einigen Tagen klingelte die kleine Tochter einer Nachbarin bei mir. \u201eSpielst Du mit mir?\u201c, fragte sie mich, als ich die T\u00fcr \u00f6ffnete. \u201eIch habe trockene W\u00e4sche abgeh\u00e4ngt und muss noch ein paar Teile falten.\u201c, erkl\u00e4rte ich ihr. \u201eWenn ich damit fertig bin, habe ich Zeit f\u00fcr Dich.\u201c \u201eOkay, dann helfe ich Dir\u201c, kam die prompte Antwort.<\/p>\n<p>Gemeinsam gingen wir ins Schlafzimmer. Drei Handt\u00fccher und ein Pulli mussten noch zusammengelegt werden. Sie griff zu einem der Handt\u00fccher und versuchte, dieses in ein handliches P\u00e4ckchen zu verwandeln. Inzwischen faltete ich den Pulli, der unterhalb des Ausschnitts ein mit glitzernden Steinchen versehenes Motiv zeigte. Als ich ihn zur Seite legen wollte, fiel der Kleinen das Funkeln der Steinchen auf. Sie zeigte darauf und erkl\u00e4rte: \u201eTante Christa, den Pullover musst Du verwahren. Wenn ich gro\u00df bin, will ich den auch anziehen.\u201c Ich war verbl\u00fcfft. \u201eWenn Du gro\u00df bist, willst Du doch sicher nicht den Pulli von einer alten Tante anziehen.\u201c, meinte ich. \u201eDu kaufst Dir dann doch bestimmt lieber einen neuen Pullover.\u201c<\/p>\n<p>Entr\u00fcstet schaute die Kleine mich an und wies mich mit ernster Miene zurecht: \u201eDu bist doch nicht alt, Du kannst doch noch richtig sprechen!\u201c<\/p>\n<p>von Christa Commer<\/p>\n","protected":false},"excerpt":{"rendered":"<p>Logisch!?<\/p>\n<p>Vor einigen Tagen klingelte die kleine Tochter einer Nachbarin bei mir. \u201eSpielst Du mit mir?\u201c, fragte sie mich, als ich die T\u00fcr \u00f6ffnete. \u201eIch habe trockene W\u00e4sche abgeh\u00e4ngt und muss noch ein paar Teile falten.\u201c, erkl\u00e4rte ich ihr. \u201eWenn ich damit fertig bin, habe ich Zeit f\u00fcr Dich.\u201c \u201eOkay, dann helfe ich Dir\u201c, kam &hellip; <\/p>\n<p><a class=\"more-link btn\" href=\"https:\/\/unser-quartier.de\/stadt-bergheim\/2017\/06\/kindermund-4\/\">Weiterlesen<\/a><\/p>\n","protected":false},"author":48,"featured_media":0,"comment_status":"open","ping_status":"open","sticky":false,"template":"","format":"standard","meta":{"_bbp_topic_count":0,"_bbp_reply_count":0,"_bbp_total_topic_count":0,"_bbp_total_reply_count":0,"_bbp_voice_count":0,"_bbp_anonymous_reply_count":0,"_bbp_topic_count_hidden":0,"_bbp_reply_count_hidden":0,"_bbp_forum_subforum_count":0,"jetpack_post_was_ever_published":false,"_jetpack_newsletter_access":"","_jetpack_dont_email_post_to_subs":false,"_jetpack_newsletter_tier_id":0,"_jetpack_memberships_contains_paywalled_content":false,"_jetpack_memberships_contains_paid_content":false,"footnotes":""},"categories":[1,58,75,80],"tags":[],"class_list":["post-15836","post","type-post","status-publish","format-standard","hentry","category-allgemein","category-alltagshilfen","category-buntes-brett","category-humor","item-wrap"],"jetpack_sharing_enabled":true,"jetpack_featured_media_url":"","jetpack_shortlink":"https:\/\/wp.me\/p3vhfJ-47q","jetpack_likes_enabled":true,"_links":{"self":[{"href":"https:\/\/unser-quartier.de\/stadt-bergheim\/wp-json\/wp\/v2\/posts\/15836","targetHints":{"allow":["GET"]}}],"collection":[{"href":"https:\/\/unser-quartier.de\/stadt-bergheim\/wp-json\/wp\/v2\/posts"}],"about":[{"href":"https:\/\/unser-quartier.de\/stadt-bergheim\/wp-json\/wp\/v2\/types\/post"}],"author":[{"embeddable":true,"href":"https:\/\/unser-quartier.de\/stadt-bergheim\/wp-json\/wp\/v2\/users\/48"}],"replies":[{"embeddable":true,"href":"https:\/\/unser-quartier.de\/stadt-bergheim\/wp-json\/wp\/v2\/comments?post=15836"}],"version-history":[{"count":0,"href":"https:\/\/unser-quartier.de\/stadt-bergheim\/wp-json\/wp\/v2\/posts\/15836\/revisions"}],"wp:attachment":[{"href":"https:\/\/unser-quartier.de\/stadt-bergheim\/wp-json\/wp\/v2\/media?parent=15836"}],"wp:term":[{"taxonomy":"category","embeddable":true,"href":"https:\/\/unser-quartier.de\/stadt-bergheim\/wp-json\/wp\/v2\/categories?post=15836"},{"taxonomy":"post_tag","embeddable":true,"href":"https:\/\/unser-quartier.de\/stadt-bergheim\/wp-json\/wp\/v2\/tags?post=15836"}],"curies":[{"name":"wp","href":"https:\/\/api.w.org\/{rel}","templated":true}]}}