{"id":15928,"date":"2017-06-22T12:12:09","date_gmt":"2017-06-22T10:12:09","guid":{"rendered":"https:\/\/unser-quartier.de\/stadt-bergheim\/?p=15928"},"modified":"2017-06-22T09:42:01","modified_gmt":"2017-06-22T07:42:01","slug":"sommersonnenwende-2","status":"publish","type":"post","link":"https:\/\/unser-quartier.de\/stadt-bergheim\/2017\/06\/sommersonnenwende-2\/","title":{"rendered":"Sommersonnenwende"},"content":{"rendered":"<p>SOMMERSONNENWENDE<br \/>\n.<br \/>\nGestern war der l\u00e4ngste Tag in diesem Jahr und am liebsten m\u00f6chte ich rufen: &#8220;Halt, Stop! Ich will nicht, dass die Tage wieder k\u00fcrzer werden&#8230; ich will dass es sommerlich bleibt&#8230;&#8221;<br \/>\nUnd dann halte ich inne. Ja, die Tage werden nun wieder k\u00fcrzer, ob es mit gef\u00e4llt oder nicht. Das spielt keine Rolle und deswegen macht es auch keinen Sinn, dar\u00fcber zu klagen. Genauso wie \u00fcber \u00e4lter werden, oder Chancen verpasst zu haben oder falsche Entscheidungen getroffen zu haben und so weiter&#8230;<br \/>\n.<br \/>\nHadern hei\u00dft immer gegen die Wirklichkeit zu k\u00e4mpfen. Aber Zufriedenheit kommt nur aus der Einsicht: Annehmen, was ist. Also umarme ich diesen Tag heute und freue mich dar\u00fcber, dass er der zweitl\u00e4ngste des Jahres ist. Ich werde ihn bewusst genie\u00dfen, denn egal ob lang oder kurz, er ist ein Tag meines Lebens und darauf allein kommt es an.<br \/>\n.<\/p>\n<p><a href=\"https:\/\/unser-quartier.de\/stadt-bergheim\/?attachment_id=15929\" rel=\"attachment wp-att-15929\"><img data-recalc-dims=\"1\" loading=\"lazy\" decoding=\"async\" data-attachment-id=\"15929\" data-permalink=\"https:\/\/unser-quartier.de\/stadt-bergheim\/2017\/06\/sommersonnenwende-2\/img_5514\/\" data-orig-file=\"https:\/\/i0.wp.com\/unser-quartier.de\/stadt-bergheim\/files\/2017\/06\/IMG_5514.jpg?fit=680%2C340&amp;ssl=1\" data-orig-size=\"680,340\" data-comments-opened=\"0\" data-image-meta=\"{&quot;aperture&quot;:&quot;0&quot;,&quot;credit&quot;:&quot;&quot;,&quot;camera&quot;:&quot;&quot;,&quot;caption&quot;:&quot;&quot;,&quot;created_timestamp&quot;:&quot;0&quot;,&quot;copyright&quot;:&quot;&quot;,&quot;focal_length&quot;:&quot;0&quot;,&quot;iso&quot;:&quot;0&quot;,&quot;shutter_speed&quot;:&quot;0&quot;,&quot;title&quot;:&quot;&quot;,&quot;orientation&quot;:&quot;0&quot;}\" data-image-title=\"IMG_5514\" data-image-description=\"\" data-image-caption=\"\" data-medium-file=\"https:\/\/i0.wp.com\/unser-quartier.de\/stadt-bergheim\/files\/2017\/06\/IMG_5514.jpg?fit=300%2C150&amp;ssl=1\" data-large-file=\"https:\/\/i0.wp.com\/unser-quartier.de\/stadt-bergheim\/files\/2017\/06\/IMG_5514.jpg?fit=680%2C340&amp;ssl=1\" class=\"alignnone size-full wp-image-15929\" src=\"https:\/\/i0.wp.com\/unser-quartier.de\/stadt-bergheim\/files\/2017\/06\/IMG_5514.jpg?resize=680%2C340&#038;ssl=1\" alt=\"\" width=\"680\" height=\"340\" srcset=\"https:\/\/i0.wp.com\/unser-quartier.de\/stadt-bergheim\/files\/2017\/06\/IMG_5514.jpg?w=680&amp;ssl=1 680w, https:\/\/i0.wp.com\/unser-quartier.de\/stadt-bergheim\/files\/2017\/06\/IMG_5514.jpg?resize=150%2C75&amp;ssl=1 150w, https:\/\/i0.wp.com\/unser-quartier.de\/stadt-bergheim\/files\/2017\/06\/IMG_5514.jpg?resize=300%2C150&amp;ssl=1 300w, https:\/\/i0.wp.com\/unser-quartier.de\/stadt-bergheim\/files\/2017\/06\/IMG_5514.jpg?resize=340%2C170&amp;ssl=1 340w\" sizes=\"auto, (max-width: 680px) 100vw, 680px\" \/><\/a><br \/>\nvon Helga-Agnes Cubitzki<\/p>\n","protected":false},"excerpt":{"rendered":"<p>SOMMERSONNENWENDE . Gestern war der l\u00e4ngste Tag in diesem Jahr und am liebsten m\u00f6chte ich rufen: &#8220;Halt, Stop! Ich will nicht, dass die Tage wieder k\u00fcrzer werden&#8230; ich will dass es sommerlich bleibt&#8230;&#8221; Und dann halte ich inne. Ja, die Tage werden nun wieder k\u00fcrzer, ob es mit gef\u00e4llt oder nicht. Das spielt keine Rolle &hellip; <\/p>\n<p><a class=\"more-link btn\" href=\"https:\/\/unser-quartier.de\/stadt-bergheim\/2017\/06\/sommersonnenwende-2\/\">Weiterlesen<\/a><\/p>\n","protected":false},"author":48,"featured_media":0,"comment_status":"open","ping_status":"open","sticky":false,"template":"","format":"standard","meta":{"_bbp_topic_count":0,"_bbp_reply_count":0,"_bbp_total_topic_count":0,"_bbp_total_reply_count":0,"_bbp_voice_count":0,"_bbp_anonymous_reply_count":0,"_bbp_topic_count_hidden":0,"_bbp_reply_count_hidden":0,"_bbp_forum_subforum_count":0,"jetpack_post_was_ever_published":false,"_jetpack_newsletter_access":"","_jetpack_dont_email_post_to_subs":false,"_jetpack_newsletter_tier_id":0,"_jetpack_memberships_contains_paywalled_content":false,"_jetpack_memberships_contains_paid_content":false,"footnotes":""},"categories":[1,75,72],"tags":[],"class_list":["post-15928","post","type-post","status-publish","format-standard","hentry","category-allgemein","category-buntes-brett","category-tipps","item-wrap"],"jetpack_sharing_enabled":true,"jetpack_featured_media_url":"","jetpack_shortlink":"https:\/\/wp.me\/p3vhfJ-48U","jetpack_likes_enabled":true,"_links":{"self":[{"href":"https:\/\/unser-quartier.de\/stadt-bergheim\/wp-json\/wp\/v2\/posts\/15928","targetHints":{"allow":["GET"]}}],"collection":[{"href":"https:\/\/unser-quartier.de\/stadt-bergheim\/wp-json\/wp\/v2\/posts"}],"about":[{"href":"https:\/\/unser-quartier.de\/stadt-bergheim\/wp-json\/wp\/v2\/types\/post"}],"author":[{"embeddable":true,"href":"https:\/\/unser-quartier.de\/stadt-bergheim\/wp-json\/wp\/v2\/users\/48"}],"replies":[{"embeddable":true,"href":"https:\/\/unser-quartier.de\/stadt-bergheim\/wp-json\/wp\/v2\/comments?post=15928"}],"version-history":[{"count":0,"href":"https:\/\/unser-quartier.de\/stadt-bergheim\/wp-json\/wp\/v2\/posts\/15928\/revisions"}],"wp:attachment":[{"href":"https:\/\/unser-quartier.de\/stadt-bergheim\/wp-json\/wp\/v2\/media?parent=15928"}],"wp:term":[{"taxonomy":"category","embeddable":true,"href":"https:\/\/unser-quartier.de\/stadt-bergheim\/wp-json\/wp\/v2\/categories?post=15928"},{"taxonomy":"post_tag","embeddable":true,"href":"https:\/\/unser-quartier.de\/stadt-bergheim\/wp-json\/wp\/v2\/tags?post=15928"}],"curies":[{"name":"wp","href":"https:\/\/api.w.org\/{rel}","templated":true}]}}