{"id":15932,"date":"2017-06-23T00:01:20","date_gmt":"2017-06-22T22:01:20","guid":{"rendered":"https:\/\/unser-quartier.de\/stadt-bergheim\/?p=15932"},"modified":"2017-06-23T00:07:14","modified_gmt":"2017-06-22T22:07:14","slug":"hast-du-den-mut-dich-verletzlich-zu-zeigen","status":"publish","type":"post","link":"https:\/\/unser-quartier.de\/stadt-bergheim\/2017\/06\/hast-du-den-mut-dich-verletzlich-zu-zeigen\/","title":{"rendered":"Hast du den Mut, dich verletzlich zu zeigen?"},"content":{"rendered":"<p><span style=\"font-size: 16px\">Da sind wir doch alle gleich. Wenn es um Intimit\u00e4t und Beziehungen geht, haben wir gewisse \u00c4ngste. Wir sind \u00a0unsicher, haben Komplexe und Minderwertigkeitsgef\u00fchle.\u00a0Es klingt paradox &#8211; aber wenn wir uns verletzlich zeigen, macht uns das st\u00e4rker und sicherer. Wenn wir zu unseren Unzul\u00e4nglichkeiten stehen, f\u00fcrchten wir uns weniger davor, von anderen daf\u00fcr verurteilt zu werden. Ja, es kann auch passieren, wenn wir uns in Situationen begeben haben, wo wir uns verletzlich gezeigt haben, dass wir verurteilt oder abgewiesen wurden. Aber in der Regel st\u00f6\u00dft die Unvollkommenheit beim Gegen\u00fcber auf viel Verst\u00e4ndnis. &#8220;Wer ohne Fehler ist, werfe den ersten Stein.&#8221; \u00a0Und oft f\u00fchrt der Mut, das Visier herunterzulassen dazu, dass eine tiefe emotionale Verbindung aufgebaut wird.<\/span><br \/>\n<span style=\"font-size: 16px\"> <a href=\"https:\/\/unser-quartier.de\/stadt-bergheim\/2017\/06\/hast-du-den-mut-dich-verletzlich-zu-zeigen\/img_5515\/\" rel=\"attachment wp-att-15933\"><img data-recalc-dims=\"1\" loading=\"lazy\" decoding=\"async\" data-attachment-id=\"15933\" data-permalink=\"https:\/\/unser-quartier.de\/stadt-bergheim\/2017\/06\/hast-du-den-mut-dich-verletzlich-zu-zeigen\/img_5515\/\" data-orig-file=\"https:\/\/i0.wp.com\/unser-quartier.de\/stadt-bergheim\/files\/2017\/06\/IMG_5515.jpg?fit=540%2C720&amp;ssl=1\" data-orig-size=\"540,720\" data-comments-opened=\"0\" data-image-meta=\"{&quot;aperture&quot;:&quot;0&quot;,&quot;credit&quot;:&quot;&quot;,&quot;camera&quot;:&quot;&quot;,&quot;caption&quot;:&quot;&quot;,&quot;created_timestamp&quot;:&quot;0&quot;,&quot;copyright&quot;:&quot;&quot;,&quot;focal_length&quot;:&quot;0&quot;,&quot;iso&quot;:&quot;0&quot;,&quot;shutter_speed&quot;:&quot;0&quot;,&quot;title&quot;:&quot;&quot;,&quot;orientation&quot;:&quot;0&quot;}\" data-image-title=\"IMG_5515\" data-image-description=\"\" data-image-caption=\"\" data-medium-file=\"https:\/\/i0.wp.com\/unser-quartier.de\/stadt-bergheim\/files\/2017\/06\/IMG_5515.jpg?fit=225%2C300&amp;ssl=1\" data-large-file=\"https:\/\/i0.wp.com\/unser-quartier.de\/stadt-bergheim\/files\/2017\/06\/IMG_5515.jpg?fit=540%2C720&amp;ssl=1\" class=\"alignnone size-full wp-image-15933\" src=\"https:\/\/i0.wp.com\/unser-quartier.de\/stadt-bergheim\/files\/2017\/06\/IMG_5515.jpg?resize=540%2C720&#038;ssl=1\" alt=\"\" width=\"540\" height=\"720\" srcset=\"https:\/\/i0.wp.com\/unser-quartier.de\/stadt-bergheim\/files\/2017\/06\/IMG_5515.jpg?w=540&amp;ssl=1 540w, https:\/\/i0.wp.com\/unser-quartier.de\/stadt-bergheim\/files\/2017\/06\/IMG_5515.jpg?resize=113%2C150&amp;ssl=1 113w, https:\/\/i0.wp.com\/unser-quartier.de\/stadt-bergheim\/files\/2017\/06\/IMG_5515.jpg?resize=225%2C300&amp;ssl=1 225w\" sizes=\"auto, (max-width: 540px) 100vw, 540px\" \/><\/a><\/span><br \/>\n<span style=\"font-size: 16px\"> von Helga-Agnes Cubitzki<\/span><\/p>\n","protected":false},"excerpt":{"rendered":"<p>Da sind wir doch alle gleich. Wenn es um Intimit\u00e4t und Beziehungen geht, haben wir gewisse \u00c4ngste. Wir sind \u00a0unsicher, haben Komplexe und Minderwertigkeitsgef\u00fchle.\u00a0Es klingt paradox &#8211; aber wenn wir uns verletzlich zeigen, macht uns das st\u00e4rker und sicherer. Wenn wir zu unseren Unzul\u00e4nglichkeiten stehen, f\u00fcrchten wir uns weniger davor, von anderen daf\u00fcr verurteilt zu &hellip; <\/p>\n<p><a class=\"more-link btn\" href=\"https:\/\/unser-quartier.de\/stadt-bergheim\/2017\/06\/hast-du-den-mut-dich-verletzlich-zu-zeigen\/\">Weiterlesen<\/a><\/p>\n","protected":false},"author":48,"featured_media":0,"comment_status":"open","ping_status":"open","sticky":false,"template":"","format":"standard","meta":{"_bbp_topic_count":0,"_bbp_reply_count":0,"_bbp_total_topic_count":0,"_bbp_total_reply_count":0,"_bbp_voice_count":0,"_bbp_anonymous_reply_count":0,"_bbp_topic_count_hidden":0,"_bbp_reply_count_hidden":0,"_bbp_forum_subforum_count":0,"jetpack_post_was_ever_published":false,"_jetpack_newsletter_access":"","_jetpack_dont_email_post_to_subs":false,"_jetpack_newsletter_tier_id":0,"_jetpack_memberships_contains_paywalled_content":false,"_jetpack_memberships_contains_paid_content":false,"footnotes":""},"categories":[1,58,72],"tags":[],"class_list":["post-15932","post","type-post","status-publish","format-standard","hentry","category-allgemein","category-alltagshilfen","category-tipps","item-wrap"],"jetpack_sharing_enabled":true,"jetpack_featured_media_url":"","jetpack_shortlink":"https:\/\/wp.me\/p3vhfJ-48Y","jetpack_likes_enabled":true,"_links":{"self":[{"href":"https:\/\/unser-quartier.de\/stadt-bergheim\/wp-json\/wp\/v2\/posts\/15932","targetHints":{"allow":["GET"]}}],"collection":[{"href":"https:\/\/unser-quartier.de\/stadt-bergheim\/wp-json\/wp\/v2\/posts"}],"about":[{"href":"https:\/\/unser-quartier.de\/stadt-bergheim\/wp-json\/wp\/v2\/types\/post"}],"author":[{"embeddable":true,"href":"https:\/\/unser-quartier.de\/stadt-bergheim\/wp-json\/wp\/v2\/users\/48"}],"replies":[{"embeddable":true,"href":"https:\/\/unser-quartier.de\/stadt-bergheim\/wp-json\/wp\/v2\/comments?post=15932"}],"version-history":[{"count":0,"href":"https:\/\/unser-quartier.de\/stadt-bergheim\/wp-json\/wp\/v2\/posts\/15932\/revisions"}],"wp:attachment":[{"href":"https:\/\/unser-quartier.de\/stadt-bergheim\/wp-json\/wp\/v2\/media?parent=15932"}],"wp:term":[{"taxonomy":"category","embeddable":true,"href":"https:\/\/unser-quartier.de\/stadt-bergheim\/wp-json\/wp\/v2\/categories?post=15932"},{"taxonomy":"post_tag","embeddable":true,"href":"https:\/\/unser-quartier.de\/stadt-bergheim\/wp-json\/wp\/v2\/tags?post=15932"}],"curies":[{"name":"wp","href":"https:\/\/api.w.org\/{rel}","templated":true}]}}