{"id":15977,"date":"2017-06-26T07:50:05","date_gmt":"2017-06-26T05:50:05","guid":{"rendered":"https:\/\/unser-quartier.de\/stadt-bergheim\/?p=15977"},"modified":"2017-06-26T11:25:42","modified_gmt":"2017-06-26T09:25:42","slug":"ein-angeknackstes-selbstwertgefuehl-tut-weh","status":"publish","type":"post","link":"https:\/\/unser-quartier.de\/stadt-bergheim\/2017\/06\/ein-angeknackstes-selbstwertgefuehl-tut-weh\/","title":{"rendered":"Ein angeknackstes Selbstwertgef\u00fchl tut weh."},"content":{"rendered":"<p><a href=\"https:\/\/unser-quartier.de\/stadt-bergheim\/2017\/06\/ein-angeknackstes-selbstwertgefuehl-tut-weh\/img_5554\/\" rel=\"attachment wp-att-15978\"><img data-recalc-dims=\"1\" loading=\"lazy\" decoding=\"async\" data-attachment-id=\"15978\" data-permalink=\"https:\/\/unser-quartier.de\/stadt-bergheim\/2017\/06\/ein-angeknackstes-selbstwertgefuehl-tut-weh\/img_5554\/\" data-orig-file=\"https:\/\/i0.wp.com\/unser-quartier.de\/stadt-bergheim\/files\/2017\/06\/IMG_5554.jpg?fit=450%2C399&amp;ssl=1\" data-orig-size=\"450,399\" data-comments-opened=\"0\" data-image-meta=\"{&quot;aperture&quot;:&quot;0&quot;,&quot;credit&quot;:&quot;&quot;,&quot;camera&quot;:&quot;&quot;,&quot;caption&quot;:&quot;&quot;,&quot;created_timestamp&quot;:&quot;0&quot;,&quot;copyright&quot;:&quot;&quot;,&quot;focal_length&quot;:&quot;0&quot;,&quot;iso&quot;:&quot;0&quot;,&quot;shutter_speed&quot;:&quot;0&quot;,&quot;title&quot;:&quot;&quot;,&quot;orientation&quot;:&quot;0&quot;}\" data-image-title=\"IMG_5554\" data-image-description=\"\" data-image-caption=\"\" data-medium-file=\"https:\/\/i0.wp.com\/unser-quartier.de\/stadt-bergheim\/files\/2017\/06\/IMG_5554.jpg?fit=300%2C266&amp;ssl=1\" data-large-file=\"https:\/\/i0.wp.com\/unser-quartier.de\/stadt-bergheim\/files\/2017\/06\/IMG_5554.jpg?fit=450%2C399&amp;ssl=1\" class=\"alignnone size-full wp-image-15978\" src=\"https:\/\/i0.wp.com\/unser-quartier.de\/stadt-bergheim\/files\/2017\/06\/IMG_5554.jpg?resize=450%2C399&#038;ssl=1\" alt=\"\" width=\"450\" height=\"399\" srcset=\"https:\/\/i0.wp.com\/unser-quartier.de\/stadt-bergheim\/files\/2017\/06\/IMG_5554.jpg?w=450&amp;ssl=1 450w, https:\/\/i0.wp.com\/unser-quartier.de\/stadt-bergheim\/files\/2017\/06\/IMG_5554.jpg?resize=150%2C133&amp;ssl=1 150w, https:\/\/i0.wp.com\/unser-quartier.de\/stadt-bergheim\/files\/2017\/06\/IMG_5554.jpg?resize=300%2C266&amp;ssl=1 300w\" sizes=\"auto, (max-width: 450px) 100vw, 450px\" \/><\/a><br \/>\n<span style=\"font-size: 14px\">.<\/span><br \/>\n<span style=\"font-size: 14px\">Du kannst aussehen wie ein Model, du kannst dich aufopfern f\u00fcr deine Familie, du kannst super-intelligent sein, viel Geld verdienen&#8230; <\/span><br \/>\n<span style=\"font-size: 14px\">Aber wenn dein innerer Kritiker dich runterzieht, wirst du immer einen Grund finden, warum du nicht gut genug bist.<\/span>\u00a0<span style=\"font-size: 14px\">Das Dumme daran ist, es ist nur ein Gef\u00fchlt&#8230; es hat nichts zu tun mit der Realit\u00e4t.<\/span><br \/>\n<span style=\"font-size: 14px\">Und so ein Gef\u00fchl ist f\u00fcr vern\u00fcnftige Argumente nicht zug\u00e4nglich. Tief in der Seele tut es einfach nur weh. Und das macht einem das Leben schwer.<\/span><br \/>\n<span style=\"font-size: 14px\">Oft sind diese Menschen f\u00fcr ihre Umwelt keine reine Freude. Denn sie versuchen sich selbst zu erh\u00f6hen, indem sie auf anderen herum hacken. Sie reden schlecht \u00fcber andere, um sich selbst in besserem Licht darzustellen.<\/span>\u00a0<span style=\"font-size: 14px\">Auch das Gegenteil ist nicht selten: Das Fishing for compliments. Man macht sich vor anderen schlecht, um zu h\u00f6ren, wie gut man doch ist.<\/span><br \/>\n<span style=\"font-size: 14px\">Auch f\u00fcr Menschen, die schnell aggressiv werden und sich leicht angegriffen f\u00fchlen, gilt es das Thema Selbstwertgef\u00fchl zu beleuchten.<\/span><br \/>\n<span style=\"font-size: 14px\">.<\/span><br \/>\n<span style=\"font-size: 14px\">Also h\u00f6r auf, dir das Leben selbst schwer zu machen. Steh zu dir und erkenne, dass du ein wunderbares Wesen bist, einzigartig und gro\u00dfartig. Ziehe keine Vergleiche mit anderen, du bist ein Unikat und darum so wertvoll.<\/span><br \/>\n<span style=\"font-size: 14px\">.<\/span><br \/>\n<span style=\"font-size: 14px\">von Helga-Agnes Cubitzki<\/span><\/p>\n","protected":false},"excerpt":{"rendered":"<p> . Du kannst aussehen wie ein Model, du kannst dich aufopfern f\u00fcr deine Familie, du kannst super-intelligent sein, viel Geld verdienen&#8230; Aber wenn dein innerer Kritiker dich runterzieht, wirst du immer einen Grund finden, warum du nicht gut genug bist.\u00a0Das Dumme daran ist, es ist nur ein Gef\u00fchlt&#8230; es hat nichts zu tun mit &hellip; <\/p>\n<p><a class=\"more-link btn\" href=\"https:\/\/unser-quartier.de\/stadt-bergheim\/2017\/06\/ein-angeknackstes-selbstwertgefuehl-tut-weh\/\">Weiterlesen<\/a><\/p>\n","protected":false},"author":48,"featured_media":15978,"comment_status":"open","ping_status":"open","sticky":false,"template":"","format":"standard","meta":{"_bbp_topic_count":0,"_bbp_reply_count":0,"_bbp_total_topic_count":0,"_bbp_total_reply_count":0,"_bbp_voice_count":0,"_bbp_anonymous_reply_count":0,"_bbp_topic_count_hidden":0,"_bbp_reply_count_hidden":0,"_bbp_forum_subforum_count":0,"jetpack_post_was_ever_published":false,"_jetpack_newsletter_access":"","_jetpack_dont_email_post_to_subs":false,"_jetpack_newsletter_tier_id":0,"_jetpack_memberships_contains_paywalled_content":false,"_jetpack_memberships_contains_paid_content":false,"footnotes":""},"categories":[1,75,66,72],"tags":[],"class_list":["post-15977","post","type-post","status-publish","format-standard","has-post-thumbnail","hentry","category-allgemein","category-buntes-brett","category-gesundheit","category-tipps","item-wrap"],"jetpack_sharing_enabled":true,"jetpack_featured_media_url":"https:\/\/i0.wp.com\/unser-quartier.de\/stadt-bergheim\/files\/2017\/06\/IMG_5554.jpg?fit=450%2C399&ssl=1","jetpack_shortlink":"https:\/\/wp.me\/p3vhfJ-49H","jetpack_likes_enabled":true,"_links":{"self":[{"href":"https:\/\/unser-quartier.de\/stadt-bergheim\/wp-json\/wp\/v2\/posts\/15977","targetHints":{"allow":["GET"]}}],"collection":[{"href":"https:\/\/unser-quartier.de\/stadt-bergheim\/wp-json\/wp\/v2\/posts"}],"about":[{"href":"https:\/\/unser-quartier.de\/stadt-bergheim\/wp-json\/wp\/v2\/types\/post"}],"author":[{"embeddable":true,"href":"https:\/\/unser-quartier.de\/stadt-bergheim\/wp-json\/wp\/v2\/users\/48"}],"replies":[{"embeddable":true,"href":"https:\/\/unser-quartier.de\/stadt-bergheim\/wp-json\/wp\/v2\/comments?post=15977"}],"version-history":[{"count":0,"href":"https:\/\/unser-quartier.de\/stadt-bergheim\/wp-json\/wp\/v2\/posts\/15977\/revisions"}],"wp:featuredmedia":[{"embeddable":true,"href":"https:\/\/unser-quartier.de\/stadt-bergheim\/wp-json\/wp\/v2\/media\/15978"}],"wp:attachment":[{"href":"https:\/\/unser-quartier.de\/stadt-bergheim\/wp-json\/wp\/v2\/media?parent=15977"}],"wp:term":[{"taxonomy":"category","embeddable":true,"href":"https:\/\/unser-quartier.de\/stadt-bergheim\/wp-json\/wp\/v2\/categories?post=15977"},{"taxonomy":"post_tag","embeddable":true,"href":"https:\/\/unser-quartier.de\/stadt-bergheim\/wp-json\/wp\/v2\/tags?post=15977"}],"curies":[{"name":"wp","href":"https:\/\/api.w.org\/{rel}","templated":true}]}}