{"id":16020,"date":"2017-11-21T20:45:58","date_gmt":"2017-11-21T19:45:58","guid":{"rendered":"https:\/\/unser-quartier.de\/stadt-bergheim\/?p=16020"},"modified":"2017-11-21T20:52:33","modified_gmt":"2017-11-21T19:52:33","slug":"vom-traeumen-zum-handeln","status":"publish","type":"post","link":"https:\/\/unser-quartier.de\/stadt-bergheim\/2017\/11\/vom-traeumen-zum-handeln\/","title":{"rendered":"Vom Tr\u00e4umen zum Handeln&#8230;"},"content":{"rendered":"<p><span style=\"font-size: 14px\">Zitat von Josephine Baker: &#8220;Unsere Tr\u00e4ume k\u00f6nnen wir erst dann verwirklichen, wenn wir uns entschlie\u00dfen, einmal daraus zu erwachen.&#8221;\u00a0Sicher kennst du auch Menschen, die immer tolle Ideen haben, es aber nicht schaffen, diese auch umzusetzen. Es ist halt anstrengend und tausend Mal angenehmer, nur zu tr\u00e4umen. Der Geist ist willig, aber das Fleisch ist schwach&#8230; so k\u00f6nnte man es auf den Punkt bringen. Tr\u00e4umen ist sicher &#8211; du erlebst nie, dass deine Ideen sich als Unsinn erweisen. Tr\u00e4umen ist bequem- du brauchst dich nie vom Sofa runter bewegen. Tr\u00e4umen ist angenehm- du stellst dir nur die guten Seiten vor.Aber nur zu tr\u00e4umen hat einen Nachteil: Du entwickelst dich nicht weiter, erlebst weder Erfolge noch Scheitern. Du bleibst also genau da, wo du bist&#8230; ein Tr\u00e4umer.\u00a0Zum Tr\u00e4umen geh\u00f6rt Schaffenskraft und Mut. Von beiden w\u00fcnsche ich dir gen\u00fcgend und eine wunderbare Zeit auf dem Weg.<\/span><\/p>\n<p><span style=\"font-size: 14px\"><a href=\"https:\/\/unser-quartier.de\/stadt-bergheim\/2017\/06\/vom-traeumen-zum-handeln\/img_5567\/\" rel=\"attachment wp-att-16021\"><img data-recalc-dims=\"1\" loading=\"lazy\" decoding=\"async\" data-attachment-id=\"16021\" data-permalink=\"https:\/\/unser-quartier.de\/stadt-bergheim\/2017\/11\/vom-traeumen-zum-handeln\/img_5567\/\" data-orig-file=\"https:\/\/i0.wp.com\/unser-quartier.de\/stadt-bergheim\/files\/2017\/06\/IMG_5567.jpg?fit=509%2C340&amp;ssl=1\" data-orig-size=\"509,340\" data-comments-opened=\"0\" data-image-meta=\"{&quot;aperture&quot;:&quot;0&quot;,&quot;credit&quot;:&quot;&quot;,&quot;camera&quot;:&quot;&quot;,&quot;caption&quot;:&quot;&quot;,&quot;created_timestamp&quot;:&quot;0&quot;,&quot;copyright&quot;:&quot;&quot;,&quot;focal_length&quot;:&quot;0&quot;,&quot;iso&quot;:&quot;0&quot;,&quot;shutter_speed&quot;:&quot;0&quot;,&quot;title&quot;:&quot;&quot;,&quot;orientation&quot;:&quot;0&quot;}\" data-image-title=\"IMG_5567\" data-image-description=\"\" data-image-caption=\"\" data-medium-file=\"https:\/\/i0.wp.com\/unser-quartier.de\/stadt-bergheim\/files\/2017\/06\/IMG_5567.jpg?fit=300%2C200&amp;ssl=1\" data-large-file=\"https:\/\/i0.wp.com\/unser-quartier.de\/stadt-bergheim\/files\/2017\/06\/IMG_5567.jpg?fit=509%2C340&amp;ssl=1\" class=\"alignnone size-full wp-image-16021\" src=\"https:\/\/i0.wp.com\/unser-quartier.de\/stadt-bergheim\/files\/2017\/06\/IMG_5567.jpg?resize=509%2C340&#038;ssl=1\" alt=\"\" width=\"509\" height=\"340\" srcset=\"https:\/\/i0.wp.com\/unser-quartier.de\/stadt-bergheim\/files\/2017\/06\/IMG_5567.jpg?w=509&amp;ssl=1 509w, https:\/\/i0.wp.com\/unser-quartier.de\/stadt-bergheim\/files\/2017\/06\/IMG_5567.jpg?resize=150%2C100&amp;ssl=1 150w, https:\/\/i0.wp.com\/unser-quartier.de\/stadt-bergheim\/files\/2017\/06\/IMG_5567.jpg?resize=300%2C200&amp;ssl=1 300w\" sizes=\"auto, (max-width: 509px) 100vw, 509px\" \/><\/a><br \/>\nvon Helga-Agnes Cubitzki<\/span><\/p>\n","protected":false},"excerpt":{"rendered":"<p>Zitat von Josephine Baker: &#8220;Unsere Tr\u00e4ume k\u00f6nnen wir erst dann verwirklichen, wenn wir uns entschlie\u00dfen, einmal daraus zu erwachen.&#8221;\u00a0Sicher kennst du auch Menschen, die immer tolle Ideen haben, es aber nicht schaffen, diese auch umzusetzen. Es ist halt anstrengend und tausend Mal angenehmer, nur zu tr\u00e4umen. Der Geist ist willig, aber das Fleisch ist schwach&#8230; &hellip; <\/p>\n<p><a class=\"more-link btn\" href=\"https:\/\/unser-quartier.de\/stadt-bergheim\/2017\/11\/vom-traeumen-zum-handeln\/\">Weiterlesen<\/a><\/p>\n","protected":false},"author":48,"featured_media":0,"comment_status":"open","ping_status":"open","sticky":false,"template":"","format":"standard","meta":{"_bbp_topic_count":0,"_bbp_reply_count":0,"_bbp_total_topic_count":0,"_bbp_total_reply_count":0,"_bbp_voice_count":0,"_bbp_anonymous_reply_count":0,"_bbp_topic_count_hidden":0,"_bbp_reply_count_hidden":0,"_bbp_forum_subforum_count":0,"jetpack_post_was_ever_published":false,"_jetpack_newsletter_access":"","_jetpack_dont_email_post_to_subs":false,"_jetpack_newsletter_tier_id":0,"_jetpack_memberships_contains_paywalled_content":false,"_jetpack_memberships_contains_paid_content":false,"footnotes":""},"categories":[1,58,75,72],"tags":[],"class_list":["post-16020","post","type-post","status-publish","format-standard","hentry","category-allgemein","category-alltagshilfen","category-buntes-brett","category-tipps","item-wrap"],"jetpack_sharing_enabled":true,"jetpack_featured_media_url":"","jetpack_shortlink":"https:\/\/wp.me\/p3vhfJ-4ao","jetpack_likes_enabled":true,"_links":{"self":[{"href":"https:\/\/unser-quartier.de\/stadt-bergheim\/wp-json\/wp\/v2\/posts\/16020","targetHints":{"allow":["GET"]}}],"collection":[{"href":"https:\/\/unser-quartier.de\/stadt-bergheim\/wp-json\/wp\/v2\/posts"}],"about":[{"href":"https:\/\/unser-quartier.de\/stadt-bergheim\/wp-json\/wp\/v2\/types\/post"}],"author":[{"embeddable":true,"href":"https:\/\/unser-quartier.de\/stadt-bergheim\/wp-json\/wp\/v2\/users\/48"}],"replies":[{"embeddable":true,"href":"https:\/\/unser-quartier.de\/stadt-bergheim\/wp-json\/wp\/v2\/comments?post=16020"}],"version-history":[{"count":0,"href":"https:\/\/unser-quartier.de\/stadt-bergheim\/wp-json\/wp\/v2\/posts\/16020\/revisions"}],"wp:attachment":[{"href":"https:\/\/unser-quartier.de\/stadt-bergheim\/wp-json\/wp\/v2\/media?parent=16020"}],"wp:term":[{"taxonomy":"category","embeddable":true,"href":"https:\/\/unser-quartier.de\/stadt-bergheim\/wp-json\/wp\/v2\/categories?post=16020"},{"taxonomy":"post_tag","embeddable":true,"href":"https:\/\/unser-quartier.de\/stadt-bergheim\/wp-json\/wp\/v2\/tags?post=16020"}],"curies":[{"name":"wp","href":"https:\/\/api.w.org\/{rel}","templated":true}]}}