{"id":16087,"date":"2017-07-02T20:39:53","date_gmt":"2017-07-02T18:39:53","guid":{"rendered":"https:\/\/unser-quartier.de\/stadt-bergheim\/?p=16087"},"modified":"2017-07-02T20:39:54","modified_gmt":"2017-07-02T18:39:54","slug":"ein-held-des-alltags","status":"publish","type":"post","link":"https:\/\/unser-quartier.de\/stadt-bergheim\/2017\/07\/ein-held-des-alltags\/","title":{"rendered":"Ein Held des Alltags:"},"content":{"rendered":"<p><span style=\"font-size: 16px\"><br \/>\nIch sa\u00df letztens bei meinem Lieblingsitaliener und wartete auf mein bestelltes Essen.\u00a0An einem anderen Tisch sa\u00dfen Eltern mit einem kleinen Jungen mit Down-Syndrom.\u00a0Der Junge, er mochte wohl so 5 Jahre alt sein, machte eine Menge L\u00e4rm und gab seltsame Ger\u00e4usche von sich.\u00a0Das ging offensichtlich einem P\u00e4rchen, das in der N\u00e4he sa\u00df, auf die Nerven und sie fragten den Kellner um einen anderen Tisch. Das organisierte der Kellner auch prompt und hoffte, dass nun alles in Ordnung w\u00e4re.\u00a0Aber der Mann schimpfte laut, dass behinderte Kinder mit in ein Restaurant zu nehmen, eine Zumutung sei&#8230;<br \/>\nAn diesem Punkt wurde es dem Kellner zu viel. Solche \u00c4u\u00dferungen wollte er nicht dulden. Obwohl er seinen Arbeitsplatz gef\u00e4hrdete, entschied er sich daf\u00fcr, das P\u00e4rchen nicht zu bedienen und sie aus dem Restaurant zu weisen.<br \/>\nIch war sehr beeindruckt von so viel Civilcourage.<br \/>\n<\/span><\/p>\n<p><span style=\"font-size: 16px\"><a href=\"https:\/\/unser-quartier.de\/stadt-bergheim\/2017\/07\/ein-held-des-alltags\/img_5601\/\" rel=\"attachment wp-att-16088\"><img data-recalc-dims=\"1\" loading=\"lazy\" decoding=\"async\" data-attachment-id=\"16088\" data-permalink=\"https:\/\/unser-quartier.de\/stadt-bergheim\/2017\/07\/ein-held-des-alltags\/img_5601\/\" data-orig-file=\"https:\/\/i0.wp.com\/unser-quartier.de\/stadt-bergheim\/files\/2017\/07\/IMG_5601.jpg?fit=513%2C340&amp;ssl=1\" data-orig-size=\"513,340\" data-comments-opened=\"0\" data-image-meta=\"{&quot;aperture&quot;:&quot;0&quot;,&quot;credit&quot;:&quot;&quot;,&quot;camera&quot;:&quot;&quot;,&quot;caption&quot;:&quot;&quot;,&quot;created_timestamp&quot;:&quot;0&quot;,&quot;copyright&quot;:&quot;&quot;,&quot;focal_length&quot;:&quot;0&quot;,&quot;iso&quot;:&quot;0&quot;,&quot;shutter_speed&quot;:&quot;0&quot;,&quot;title&quot;:&quot;&quot;,&quot;orientation&quot;:&quot;0&quot;}\" data-image-title=\"IMG_5601\" data-image-description=\"\" data-image-caption=\"\" data-medium-file=\"https:\/\/i0.wp.com\/unser-quartier.de\/stadt-bergheim\/files\/2017\/07\/IMG_5601.jpg?fit=300%2C199&amp;ssl=1\" data-large-file=\"https:\/\/i0.wp.com\/unser-quartier.de\/stadt-bergheim\/files\/2017\/07\/IMG_5601.jpg?fit=513%2C340&amp;ssl=1\" class=\"alignnone size-full wp-image-16088\" src=\"https:\/\/i0.wp.com\/unser-quartier.de\/stadt-bergheim\/files\/2017\/07\/IMG_5601.jpg?resize=513%2C340&#038;ssl=1\" alt=\"\" width=\"513\" height=\"340\" srcset=\"https:\/\/i0.wp.com\/unser-quartier.de\/stadt-bergheim\/files\/2017\/07\/IMG_5601.jpg?w=513&amp;ssl=1 513w, https:\/\/i0.wp.com\/unser-quartier.de\/stadt-bergheim\/files\/2017\/07\/IMG_5601.jpg?resize=150%2C99&amp;ssl=1 150w, https:\/\/i0.wp.com\/unser-quartier.de\/stadt-bergheim\/files\/2017\/07\/IMG_5601.jpg?resize=300%2C199&amp;ssl=1 300w\" sizes=\"auto, (max-width: 513px) 100vw, 513px\" \/><\/a><br \/>\nHaben Sie auch schon mal etwas \u00c4hnliches erlebt? Dann schreiben Sie uns dar\u00fcber.<br \/>\n.<br \/>\nvon Gertrud Breuer<\/span><\/p>\n","protected":false},"excerpt":{"rendered":"<p> Ich sa\u00df letztens bei meinem Lieblingsitaliener und wartete auf mein bestelltes Essen.\u00a0An einem anderen Tisch sa\u00dfen Eltern mit einem kleinen Jungen mit Down-Syndrom.\u00a0Der Junge, er mochte wohl so 5 Jahre alt sein, machte eine Menge L\u00e4rm und gab seltsame Ger\u00e4usche von sich.\u00a0Das ging offensichtlich einem P\u00e4rchen, das in der N\u00e4he sa\u00df, auf die Nerven &hellip; <\/p>\n<p><a class=\"more-link btn\" href=\"https:\/\/unser-quartier.de\/stadt-bergheim\/2017\/07\/ein-held-des-alltags\/\">Weiterlesen<\/a><\/p>\n","protected":false},"author":48,"featured_media":0,"comment_status":"open","ping_status":"open","sticky":false,"template":"","format":"standard","meta":{"_bbp_topic_count":0,"_bbp_reply_count":0,"_bbp_total_topic_count":0,"_bbp_total_reply_count":0,"_bbp_voice_count":0,"_bbp_anonymous_reply_count":0,"_bbp_topic_count_hidden":0,"_bbp_reply_count_hidden":0,"_bbp_forum_subforum_count":0,"jetpack_post_was_ever_published":false,"_jetpack_newsletter_access":"","_jetpack_dont_email_post_to_subs":false,"_jetpack_newsletter_tier_id":0,"_jetpack_memberships_contains_paywalled_content":false,"_jetpack_memberships_contains_paid_content":false,"footnotes":""},"categories":[1,58,75,72],"tags":[],"class_list":["post-16087","post","type-post","status-publish","format-standard","hentry","category-allgemein","category-alltagshilfen","category-buntes-brett","category-tipps","item-wrap"],"jetpack_sharing_enabled":true,"jetpack_featured_media_url":"","jetpack_shortlink":"https:\/\/wp.me\/p3vhfJ-4bt","jetpack_likes_enabled":true,"_links":{"self":[{"href":"https:\/\/unser-quartier.de\/stadt-bergheim\/wp-json\/wp\/v2\/posts\/16087","targetHints":{"allow":["GET"]}}],"collection":[{"href":"https:\/\/unser-quartier.de\/stadt-bergheim\/wp-json\/wp\/v2\/posts"}],"about":[{"href":"https:\/\/unser-quartier.de\/stadt-bergheim\/wp-json\/wp\/v2\/types\/post"}],"author":[{"embeddable":true,"href":"https:\/\/unser-quartier.de\/stadt-bergheim\/wp-json\/wp\/v2\/users\/48"}],"replies":[{"embeddable":true,"href":"https:\/\/unser-quartier.de\/stadt-bergheim\/wp-json\/wp\/v2\/comments?post=16087"}],"version-history":[{"count":0,"href":"https:\/\/unser-quartier.de\/stadt-bergheim\/wp-json\/wp\/v2\/posts\/16087\/revisions"}],"wp:attachment":[{"href":"https:\/\/unser-quartier.de\/stadt-bergheim\/wp-json\/wp\/v2\/media?parent=16087"}],"wp:term":[{"taxonomy":"category","embeddable":true,"href":"https:\/\/unser-quartier.de\/stadt-bergheim\/wp-json\/wp\/v2\/categories?post=16087"},{"taxonomy":"post_tag","embeddable":true,"href":"https:\/\/unser-quartier.de\/stadt-bergheim\/wp-json\/wp\/v2\/tags?post=16087"}],"curies":[{"name":"wp","href":"https:\/\/api.w.org\/{rel}","templated":true}]}}