{"id":16098,"date":"2017-07-03T11:50:49","date_gmt":"2017-07-03T09:50:49","guid":{"rendered":"https:\/\/unser-quartier.de\/stadt-bergheim\/?p=16098"},"modified":"2017-07-03T14:12:11","modified_gmt":"2017-07-03T12:12:11","slug":"termine-gemeinsam-gegen-einsam-zum-ausdrucken","status":"publish","type":"post","link":"https:\/\/unser-quartier.de\/stadt-bergheim\/2017\/07\/termine-gemeinsam-gegen-einsam-zum-ausdrucken\/","title":{"rendered":"Termine: Gemeinsam gegen Einsam zum Ausdrucken"},"content":{"rendered":"<p><span style=\"font-size: 14px\"><span style=\"font-size: 16px\"><strong>Druck-Button dr\u00fccken und man ist informiert<\/strong><\/span>!<\/span><\/p>\n<p><span style=\"font-size: 14px\"><strong>Soziales Netzwerk \u201eGemeinsam gegen Einsam\u201c<\/strong><\/span><\/p>\n<p><span style=\"font-size: 14px\"><strong>Veranstaltungsplan Juli, August, September 2017<\/strong><\/span><\/p>\n<p><span style=\"font-size: 14px\"><strong>Veranstaltungen im B\u00fcrgerzentrum S\u00fcdwest, Meissener Str. 7<\/strong><\/span><\/p>\n<p>Jeweils 1. und 3. Montag eines Monats<br \/>\n03.07. \/ 17.07. \/ 07.08. \/ 21.08. \/ 04.09. \/ 18.09. \u200b \u200b 9:30 Uhr gemeinsames Fr\u00fchst\u00fcck (Kostenbeitrag 3,00 \u20ac)<br \/>\nSitzgymnastik (Kostenbeitrag 2,50 \u20ac) 11:00 Uhr<br \/>\n31.07. 5. Montag kein Fr\u00fchst\u00fcck<\/p>\n<p>Jeweils 2. und 4. Montag eines Monats<br \/>\n10.7. \/ 24.07. \/ 14.08. \/ 28.08.\/ 11.09. \/ 25.09. \u200b<br \/>\ngesundes Fr\u00fchst\u00fcck (Kostenbeitrag 3,50 \u20ac) 9:30 Uhr<br \/>\nSitzgymnastik (Kostenbeitrag 2,50 \u20ac)\u200b 11:00 Uhr<\/p>\n<p>Au\u00dferdem:\u200b<br \/>\nAktions- und Spielenachmittag \u200b<br \/>\n11.07. \/ 25.07. \/ 08.08.\/ 22.08. \/ 05.09. \/ 19.09. \u200b15:00 Uhr\u200b<br \/>\nOffener Singkreis mit Akkordeonbegleitung<br \/>\n10.07. \/ 14.08. \/ 11.09. 14:30 Uhr<\/p>\n<p>Handarbeitstreff<br \/>\n13.07. \/ 27.07. \/ 10.08. \/ 24.08. \/ 14.09. \/ 28.09. 14:00-17:00 Uhr<\/p>\n<p>SONDERVERANSTALTUNGEN:<\/p>\n<p>BINGO-Nachmittag Donnerstag 20.07. \/ 17.08. \/21.09. 15:00-17:00 Uhr im FuNTASTIK<\/p>\n<p>08.07.2017 ab 12:00 Uhr Stadtteilfest rund ums FuNTASTIK alle sind herzlich eingeladen<\/p>\n<p>23.08.2017 ab 12:00 Uhr Grillfest Grillh\u00fctte Triftstr., Bergheim-Kenten<br \/>\nUnkostenbeitrag 8,&#8211; Euro<br \/>\nAnmeldung ist erforderlich bei Anni Wilbertz<br \/>\n\u200b<\/p>\n<p>Veranstaltungsplan Juli, August, September 2017<\/p>\n<p>Im Jugendzentrum, Chauny-Ring (neben Realschule)<\/p>\n<p>\u200bR\u00dcCKEN-FIT<br \/>\nfreitags\u200b<br \/>\nGymnastik mit Entspannung \u200b \u200b \u200b 10:00 Uhr<br \/>\nIn den Sommerferien 17.07.-30.08. findet keine Gymnastik statt!!!!!<\/p>\n<p>Termine der Alzheimer Gesellschaft Bergheim e.V.<br \/>\nHerzensspechstunde f\u00fcr Demenzerkrankte und Angeh\u00f6rige<br \/>\nStadtb\u00fccherei Hubert-Rheinfeld-Platz, Bergheim<br \/>\nJuli u. August keine Sprechstunde, 06.09. \u200b16:30-18:30 Uhr<\/p>\n<p>Cafe Vogelw\u00e4ldchen, AWO Seniorenzentrum Bergheim-Kenten,<br \/>\n13.07. \/ 10.08. \/ 14.09. \u200b14:30-17:30 Uhr<br \/>\nCafe-Zeit, AWO Seniorenzentrum Quadrath-Ichendorf<br \/>\n04.7. \/ 18.07. \/ 01.08. \/ 15.08. \/ 05.09. \/ 19.09.\u200b14:00-17:00 Uhr<br \/>\nGespr\u00e4chskreis f\u00fcr Angeh\u00f6rige Brauhaus \u201eZur Krone\u201c<br \/>\nBergheim, Hauptstr. 78<br \/>\n14.07. \/ 11.08. \/ 08.09.\u200b18:30 Uhr<br \/>\nBeratung und Entlastung von Angeh\u00f6rigen im h\u00e4uslichen Bereich auf Anfrage.<br \/>\nInfo unter www. alzheimer-bergheim.de<\/p>\n<p>Auskunft zur Pflegeberatung erteilt in der Stadt Bergheim\u200b<br \/>\nFrau Eva Brandt-Fischer \u200bTel.: 02271\/89525<\/p>\n<p>Informationen \u00fcber weitere Angebote im FunTASTIK erhalten Sie im Stadtteilb\u00fcro S\u00fcdwest, Meissener Str. 7 \u200bTel.:02271\/ 983 777<br \/>\nFamilienberatung: donnerstags 9:00 &#8211; 11.30 Uhr.<\/p>\n<p>Ansprechpartner f\u00fcr die einzelnen Angebote:<br \/>\nNetzwerk-Fr\u00fchst\u00fcck\u200b Anni Wilbertz \u200b \u200b T.:02271-42451<br \/>\nAlzheimer Gesellschaft \u200b \u200b Anni Wilbertz\u200b \u200b T.:02271-42451<br \/>\nR\u00fccken-Fit\u200b Anni Wilbertz \u200b \u200b T.:02271-42451<br \/>\nSingkreis\u200b Rudolf Mauer \u200b T.:02271-41967<br \/>\nSpiele- u. Aktionsnachmittag Irmgard Vetter, Edith Kasdorf<br \/>\nHandarbeitstreff \u200bHelga Kalboussi\u200b T.:02161-4775775<br \/>\nProgramm \u200b Anni Wilbertz \u200b T.:02271-42451<\/p>\n<p>\u00c4nderungen vorbehalten<br \/>\nVerantwortlich: Anni Wilbertz<\/p>\n","protected":false},"excerpt":{"rendered":"<p><strong>Druck-Button dr\u00fccken und man ist informiert<\/strong>!<\/p>\n<p><strong>Soziales Netzwerk \u201eGemeinsam gegen Einsam\u201c<\/strong><\/p>\n<p><strong>Veranstaltungsplan Juli, August, September 2017<\/strong><\/p>\n<p><strong>Veranstaltungen im B\u00fcrgerzentrum S\u00fcdwest, Meissener Str. 7<\/strong><\/p>\n<p>Jeweils 1. und 3. Montag eines Monats 03.07. \/ 17.07. \/ 07.08. \/ 21.08. \/ 04.09. \/ 18.09. \u200b \u200b 9:30 Uhr gemeinsames Fr\u00fchst\u00fcck (Kostenbeitrag 3,00 \u20ac) Sitzgymnastik (Kostenbeitrag 2,50 \u20ac) 11:00 &hellip; <\/p>\n<p><a class=\"more-link btn\" href=\"https:\/\/unser-quartier.de\/stadt-bergheim\/2017\/07\/termine-gemeinsam-gegen-einsam-zum-ausdrucken\/\">Weiterlesen<\/a><\/p>\n","protected":false},"author":48,"featured_media":0,"comment_status":"open","ping_status":"open","sticky":false,"template":"","format":"standard","meta":{"_bbp_topic_count":0,"_bbp_reply_count":0,"_bbp_total_topic_count":0,"_bbp_total_reply_count":0,"_bbp_voice_count":0,"_bbp_anonymous_reply_count":0,"_bbp_topic_count_hidden":0,"_bbp_reply_count_hidden":0,"_bbp_forum_subforum_count":0,"jetpack_post_was_ever_published":false,"_jetpack_newsletter_access":"","_jetpack_dont_email_post_to_subs":false,"_jetpack_newsletter_tier_id":0,"_jetpack_memberships_contains_paywalled_content":false,"_jetpack_memberships_contains_paid_content":false,"footnotes":""},"categories":[1],"tags":[],"class_list":["post-16098","post","type-post","status-publish","format-standard","hentry","category-allgemein","item-wrap"],"jetpack_sharing_enabled":true,"jetpack_featured_media_url":"","jetpack_shortlink":"https:\/\/wp.me\/p3vhfJ-4bE","jetpack_likes_enabled":true,"_links":{"self":[{"href":"https:\/\/unser-quartier.de\/stadt-bergheim\/wp-json\/wp\/v2\/posts\/16098","targetHints":{"allow":["GET"]}}],"collection":[{"href":"https:\/\/unser-quartier.de\/stadt-bergheim\/wp-json\/wp\/v2\/posts"}],"about":[{"href":"https:\/\/unser-quartier.de\/stadt-bergheim\/wp-json\/wp\/v2\/types\/post"}],"author":[{"embeddable":true,"href":"https:\/\/unser-quartier.de\/stadt-bergheim\/wp-json\/wp\/v2\/users\/48"}],"replies":[{"embeddable":true,"href":"https:\/\/unser-quartier.de\/stadt-bergheim\/wp-json\/wp\/v2\/comments?post=16098"}],"version-history":[{"count":0,"href":"https:\/\/unser-quartier.de\/stadt-bergheim\/wp-json\/wp\/v2\/posts\/16098\/revisions"}],"wp:attachment":[{"href":"https:\/\/unser-quartier.de\/stadt-bergheim\/wp-json\/wp\/v2\/media?parent=16098"}],"wp:term":[{"taxonomy":"category","embeddable":true,"href":"https:\/\/unser-quartier.de\/stadt-bergheim\/wp-json\/wp\/v2\/categories?post=16098"},{"taxonomy":"post_tag","embeddable":true,"href":"https:\/\/unser-quartier.de\/stadt-bergheim\/wp-json\/wp\/v2\/tags?post=16098"}],"curies":[{"name":"wp","href":"https:\/\/api.w.org\/{rel}","templated":true}]}}