{"id":16681,"date":"2017-08-04T00:01:47","date_gmt":"2017-08-03T22:01:47","guid":{"rendered":"https:\/\/unser-quartier.de\/stadt-bergheim\/?p=16681"},"modified":"2017-08-04T01:14:14","modified_gmt":"2017-08-03T23:14:14","slug":"traust-du-dir-was-zu","status":"publish","type":"post","link":"https:\/\/unser-quartier.de\/stadt-bergheim\/2017\/08\/traust-du-dir-was-zu\/","title":{"rendered":"Traust du dir was zu?"},"content":{"rendered":"<p>Traust du dir was zu?<\/p>\n<p><a href=\"https:\/\/unser-quartier.de\/stadt-bergheim\/2017\/08\/traust-du-dir-was-zu\/img_6088\/\" rel=\"attachment wp-att-16682\"><img data-recalc-dims=\"1\" loading=\"lazy\" decoding=\"async\" data-attachment-id=\"16682\" data-permalink=\"https:\/\/unser-quartier.de\/stadt-bergheim\/2017\/08\/traust-du-dir-was-zu\/img_6088\/\" data-orig-file=\"https:\/\/i0.wp.com\/unser-quartier.de\/stadt-bergheim\/files\/2017\/07\/IMG_6088.jpg?fit=552%2C340&amp;ssl=1\" data-orig-size=\"552,340\" data-comments-opened=\"0\" data-image-meta=\"{&quot;aperture&quot;:&quot;0&quot;,&quot;credit&quot;:&quot;&quot;,&quot;camera&quot;:&quot;&quot;,&quot;caption&quot;:&quot;&quot;,&quot;created_timestamp&quot;:&quot;0&quot;,&quot;copyright&quot;:&quot;&quot;,&quot;focal_length&quot;:&quot;0&quot;,&quot;iso&quot;:&quot;0&quot;,&quot;shutter_speed&quot;:&quot;0&quot;,&quot;title&quot;:&quot;&quot;,&quot;orientation&quot;:&quot;0&quot;}\" data-image-title=\"IMG_6088\" data-image-description=\"\" data-image-caption=\"\" data-medium-file=\"https:\/\/i0.wp.com\/unser-quartier.de\/stadt-bergheim\/files\/2017\/07\/IMG_6088.jpg?fit=300%2C185&amp;ssl=1\" data-large-file=\"https:\/\/i0.wp.com\/unser-quartier.de\/stadt-bergheim\/files\/2017\/07\/IMG_6088.jpg?fit=552%2C340&amp;ssl=1\" class=\"alignnone size-full wp-image-16682\" src=\"https:\/\/i0.wp.com\/unser-quartier.de\/stadt-bergheim\/files\/2017\/07\/IMG_6088.jpg?resize=552%2C340&#038;ssl=1\" alt=\"\" width=\"552\" height=\"340\" srcset=\"https:\/\/i0.wp.com\/unser-quartier.de\/stadt-bergheim\/files\/2017\/07\/IMG_6088.jpg?w=552&amp;ssl=1 552w, https:\/\/i0.wp.com\/unser-quartier.de\/stadt-bergheim\/files\/2017\/07\/IMG_6088.jpg?resize=150%2C92&amp;ssl=1 150w, https:\/\/i0.wp.com\/unser-quartier.de\/stadt-bergheim\/files\/2017\/07\/IMG_6088.jpg?resize=300%2C185&amp;ssl=1 300w\" sizes=\"auto, (max-width: 552px) 100vw, 552px\" \/><\/a><br \/>\n.<br \/>\nMeistens denken wir, dass wir unsere St\u00e4rken und Schw\u00e4chen recht gut kennen.\u00a0Fakt ist jedoch, wenn ich denke, auf diesem Gebiet bin ich inkompetent, fange ich erst gar nicht damit an. Ich nehme mir also im Vorfeld die Chance, etwas Neues zu lernen.\u00a0Oft greife ich zu Ausreden wie&#8230; das kann ich halt nicht. Besser w\u00e4re, auch Dinge anzupacken, die uns nicht so liegen. Egal, wenn es am Anfang schlecht klappt. Denn um besser zu werden, m\u00fcssen wir anfangen, um Erfahrungen zu machen, um zu lernen, um besser zu werden, um unsere Kompetenzen zu erweitern.<br \/>\n.<br \/>\nSelbstvertrauen setzt diese Erfolgsspirale in Gang. Sich etwas zutrauen, sich trauen, an sich glauben. &#8220;Lernen beim Tun.&#8221;<\/p>\n<p>Sogar ein bisschen Selbst\u00fcbersch\u00e4tzung ist dabei hilfreich. Von anf\u00e4nglichem Scheitern, \u00fcber kleine Erfolge werde ich immer f\u00e4higer und besser.Ich fange gr\u00f6\u00dfere Sachen an, weil ich mir das auch zutraue.\u00a0Freu dich und sei stolz auf jede Sache, die du nach anf\u00e4nglichen Bedenken gemacht hast und l\u00e4chle \u00fcber die anf\u00e4nglichen lausigen Ergebnisse&#8230;. wird schon!<br \/>\n.<br \/>\nvon Helga-Agnes Cubitzki<\/p>\n","protected":false},"excerpt":{"rendered":"<p>Traust du dir was zu?<\/p>\n<p> . Meistens denken wir, dass wir unsere St\u00e4rken und Schw\u00e4chen recht gut kennen.\u00a0Fakt ist jedoch, wenn ich denke, auf diesem Gebiet bin ich inkompetent, fange ich erst gar nicht damit an. Ich nehme mir also im Vorfeld die Chance, etwas Neues zu lernen.\u00a0Oft greife ich zu Ausreden wie&#8230; das &hellip; <\/p>\n<p><a class=\"more-link btn\" href=\"https:\/\/unser-quartier.de\/stadt-bergheim\/2017\/08\/traust-du-dir-was-zu\/\">Weiterlesen<\/a><\/p>\n","protected":false},"author":48,"featured_media":0,"comment_status":"open","ping_status":"open","sticky":false,"template":"","format":"standard","meta":{"_bbp_topic_count":0,"_bbp_reply_count":0,"_bbp_total_topic_count":0,"_bbp_total_reply_count":0,"_bbp_voice_count":0,"_bbp_anonymous_reply_count":0,"_bbp_topic_count_hidden":0,"_bbp_reply_count_hidden":0,"_bbp_forum_subforum_count":0,"jetpack_post_was_ever_published":false,"_jetpack_newsletter_access":"","_jetpack_dont_email_post_to_subs":false,"_jetpack_newsletter_tier_id":0,"_jetpack_memberships_contains_paywalled_content":false,"_jetpack_memberships_contains_paid_content":false,"footnotes":""},"categories":[1,75,72],"tags":[],"class_list":["post-16681","post","type-post","status-publish","format-standard","hentry","category-allgemein","category-buntes-brett","category-tipps","item-wrap"],"jetpack_sharing_enabled":true,"jetpack_featured_media_url":"","jetpack_shortlink":"https:\/\/wp.me\/p3vhfJ-4l3","jetpack_likes_enabled":true,"_links":{"self":[{"href":"https:\/\/unser-quartier.de\/stadt-bergheim\/wp-json\/wp\/v2\/posts\/16681","targetHints":{"allow":["GET"]}}],"collection":[{"href":"https:\/\/unser-quartier.de\/stadt-bergheim\/wp-json\/wp\/v2\/posts"}],"about":[{"href":"https:\/\/unser-quartier.de\/stadt-bergheim\/wp-json\/wp\/v2\/types\/post"}],"author":[{"embeddable":true,"href":"https:\/\/unser-quartier.de\/stadt-bergheim\/wp-json\/wp\/v2\/users\/48"}],"replies":[{"embeddable":true,"href":"https:\/\/unser-quartier.de\/stadt-bergheim\/wp-json\/wp\/v2\/comments?post=16681"}],"version-history":[{"count":0,"href":"https:\/\/unser-quartier.de\/stadt-bergheim\/wp-json\/wp\/v2\/posts\/16681\/revisions"}],"wp:attachment":[{"href":"https:\/\/unser-quartier.de\/stadt-bergheim\/wp-json\/wp\/v2\/media?parent=16681"}],"wp:term":[{"taxonomy":"category","embeddable":true,"href":"https:\/\/unser-quartier.de\/stadt-bergheim\/wp-json\/wp\/v2\/categories?post=16681"},{"taxonomy":"post_tag","embeddable":true,"href":"https:\/\/unser-quartier.de\/stadt-bergheim\/wp-json\/wp\/v2\/tags?post=16681"}],"curies":[{"name":"wp","href":"https:\/\/api.w.org\/{rel}","templated":true}]}}