{"id":16876,"date":"2017-08-07T00:02:38","date_gmt":"2017-08-06T22:02:38","guid":{"rendered":"https:\/\/unser-quartier.de\/stadt-bergheim\/?p=16876"},"modified":"2017-08-08T00:37:00","modified_gmt":"2017-08-07T22:37:00","slug":"hurra-es-ist-bewoelkt","status":"publish","type":"post","link":"https:\/\/unser-quartier.de\/stadt-bergheim\/2017\/08\/hurra-es-ist-bewoelkt\/","title":{"rendered":"Hurra&#8230; es ist bew\u00f6lkt"},"content":{"rendered":"<p>Hurra&#8230; es ist bew\u00f6lkt<\/p>\n<p><a href=\"https:\/\/unser-quartier.de\/stadt-bergheim\/2017\/08\/hurra-es-ist-bewoelkt\/img_6318\/\" rel=\"attachment wp-att-16877\"><img data-recalc-dims=\"1\" loading=\"lazy\" decoding=\"async\" data-attachment-id=\"16877\" data-permalink=\"https:\/\/unser-quartier.de\/stadt-bergheim\/2017\/08\/hurra-es-ist-bewoelkt\/img_6318\/\" data-orig-file=\"https:\/\/i0.wp.com\/unser-quartier.de\/stadt-bergheim\/files\/2017\/08\/IMG_6318.jpg?fit=300%2C168&amp;ssl=1\" data-orig-size=\"300,168\" data-comments-opened=\"0\" data-image-meta=\"{&quot;aperture&quot;:&quot;0&quot;,&quot;credit&quot;:&quot;&quot;,&quot;camera&quot;:&quot;&quot;,&quot;caption&quot;:&quot;&quot;,&quot;created_timestamp&quot;:&quot;0&quot;,&quot;copyright&quot;:&quot;&quot;,&quot;focal_length&quot;:&quot;0&quot;,&quot;iso&quot;:&quot;0&quot;,&quot;shutter_speed&quot;:&quot;0&quot;,&quot;title&quot;:&quot;&quot;,&quot;orientation&quot;:&quot;0&quot;}\" data-image-title=\"IMG_6318\" data-image-description=\"\" data-image-caption=\"\" data-medium-file=\"https:\/\/i0.wp.com\/unser-quartier.de\/stadt-bergheim\/files\/2017\/08\/IMG_6318.jpg?fit=300%2C168&amp;ssl=1\" data-large-file=\"https:\/\/i0.wp.com\/unser-quartier.de\/stadt-bergheim\/files\/2017\/08\/IMG_6318.jpg?fit=300%2C168&amp;ssl=1\" class=\"alignnone size-full wp-image-16877\" src=\"https:\/\/i0.wp.com\/unser-quartier.de\/stadt-bergheim\/files\/2017\/08\/IMG_6318.jpg?resize=300%2C168&#038;ssl=1\" alt=\"\" width=\"300\" height=\"168\" srcset=\"https:\/\/i0.wp.com\/unser-quartier.de\/stadt-bergheim\/files\/2017\/08\/IMG_6318.jpg?w=300&amp;ssl=1 300w, https:\/\/i0.wp.com\/unser-quartier.de\/stadt-bergheim\/files\/2017\/08\/IMG_6318.jpg?resize=150%2C84&amp;ssl=1 150w\" sizes=\"auto, (max-width: 300px) 100vw, 300px\" \/><\/a><br \/>\nSchaust du auch gerne zu den Wolken und genie\u00dft die Weite des Himmels?\u00a0Die Gedanken gehen spazieren und man kann herrlich entspannen. Auf einer Bank im Gr\u00fcnen sitzen und in den Wolken Formen suchen kann herrlich entspannend sein.\u00a0Und wer mit den Augen manchmal Luftschl\u00f6sser sieht, der ist im Alltag leichter mit beiden Beinen auf dem Boden.\u00a0Auch wenn unser Smartphone uns jederzeit das Wetter ansagt, eine lokale Wolke kann gro\u00dfe Auswirkungen haben. Die Wolke mit dem dunklen Rand bringt vielleicht kr\u00e4ftige Windb\u00f6en mit. Die graue Gardine unter der Wolke bedeutet: Schnell in die Regenjacke. Dagegen verspricht die Wolke mit dem silber-gl\u00e4nzenden Rand: Gleich kommt die Sonne wieder zum Vorschein.\u00a0\u00dcbrigens &#8211; wer Wolkenexperte werden m\u00f6chte, es gibt einen &#8220;Karlsruher Wolkenatlas&#8221; mit \u00fcber 2000 Wolkenfotos vom Meteorologe und Fotograf Bernhard M\u00fchr.<br \/>\n.<br \/>\nvon Gertrud Breuer<\/p>\n","protected":false},"excerpt":{"rendered":"<p>Hurra&#8230; es ist bew\u00f6lkt<\/p>\n<p> Schaust du auch gerne zu den Wolken und genie\u00dft die Weite des Himmels?\u00a0Die Gedanken gehen spazieren und man kann herrlich entspannen. Auf einer Bank im Gr\u00fcnen sitzen und in den Wolken Formen suchen kann herrlich entspannend sein.\u00a0Und wer mit den Augen manchmal Luftschl\u00f6sser sieht, der ist im Alltag leichter mit &hellip; <\/p>\n<p><a class=\"more-link btn\" href=\"https:\/\/unser-quartier.de\/stadt-bergheim\/2017\/08\/hurra-es-ist-bewoelkt\/\">Weiterlesen<\/a><\/p>\n","protected":false},"author":48,"featured_media":0,"comment_status":"open","ping_status":"open","sticky":false,"template":"","format":"standard","meta":{"_bbp_topic_count":0,"_bbp_reply_count":0,"_bbp_total_topic_count":0,"_bbp_total_reply_count":0,"_bbp_voice_count":0,"_bbp_anonymous_reply_count":0,"_bbp_topic_count_hidden":0,"_bbp_reply_count_hidden":0,"_bbp_forum_subforum_count":0,"jetpack_post_was_ever_published":false,"_jetpack_newsletter_access":"","_jetpack_dont_email_post_to_subs":false,"_jetpack_newsletter_tier_id":0,"_jetpack_memberships_contains_paywalled_content":false,"_jetpack_memberships_contains_paid_content":false,"footnotes":""},"categories":[1,63,75,71,72],"tags":[],"class_list":["post-16876","post","type-post","status-publish","format-standard","hentry","category-allgemein","category-beratung","category-buntes-brett","category-freizeit","category-tipps","item-wrap"],"jetpack_sharing_enabled":true,"jetpack_featured_media_url":"","jetpack_shortlink":"https:\/\/wp.me\/p3vhfJ-4oc","jetpack_likes_enabled":true,"_links":{"self":[{"href":"https:\/\/unser-quartier.de\/stadt-bergheim\/wp-json\/wp\/v2\/posts\/16876","targetHints":{"allow":["GET"]}}],"collection":[{"href":"https:\/\/unser-quartier.de\/stadt-bergheim\/wp-json\/wp\/v2\/posts"}],"about":[{"href":"https:\/\/unser-quartier.de\/stadt-bergheim\/wp-json\/wp\/v2\/types\/post"}],"author":[{"embeddable":true,"href":"https:\/\/unser-quartier.de\/stadt-bergheim\/wp-json\/wp\/v2\/users\/48"}],"replies":[{"embeddable":true,"href":"https:\/\/unser-quartier.de\/stadt-bergheim\/wp-json\/wp\/v2\/comments?post=16876"}],"version-history":[{"count":0,"href":"https:\/\/unser-quartier.de\/stadt-bergheim\/wp-json\/wp\/v2\/posts\/16876\/revisions"}],"wp:attachment":[{"href":"https:\/\/unser-quartier.de\/stadt-bergheim\/wp-json\/wp\/v2\/media?parent=16876"}],"wp:term":[{"taxonomy":"category","embeddable":true,"href":"https:\/\/unser-quartier.de\/stadt-bergheim\/wp-json\/wp\/v2\/categories?post=16876"},{"taxonomy":"post_tag","embeddable":true,"href":"https:\/\/unser-quartier.de\/stadt-bergheim\/wp-json\/wp\/v2\/tags?post=16876"}],"curies":[{"name":"wp","href":"https:\/\/api.w.org\/{rel}","templated":true}]}}