{"id":17796,"date":"2017-10-03T00:01:08","date_gmt":"2017-10-02T22:01:08","guid":{"rendered":"https:\/\/unser-quartier.de\/stadt-bergheim\/?p=17796"},"modified":"2017-10-02T16:40:50","modified_gmt":"2017-10-02T14:40:50","slug":"tag-der-deutschen-einheit-2017","status":"publish","type":"post","link":"https:\/\/unser-quartier.de\/stadt-bergheim\/2017\/10\/tag-der-deutschen-einheit-2017\/","title":{"rendered":"Tag der deutschen Einheit 2017 &#8230;"},"content":{"rendered":"<p><a href=\"https:\/\/unser-quartier.de\/stadt-bergheim\/?attachment_id=17809\" rel=\"attachment wp-att-17809\"><img data-recalc-dims=\"1\" loading=\"lazy\" decoding=\"async\" data-attachment-id=\"17809\" data-permalink=\"https:\/\/unser-quartier.de\/stadt-bergheim\/2017\/10\/tag-der-deutschen-einheit-2017\/love-2013532_960_720\/\" data-orig-file=\"https:\/\/i0.wp.com\/unser-quartier.de\/stadt-bergheim\/files\/2017\/10\/love-2013532_960_720.jpg?fit=960%2C208&amp;ssl=1\" data-orig-size=\"960,208\" data-comments-opened=\"0\" data-image-meta=\"{&quot;aperture&quot;:&quot;0&quot;,&quot;credit&quot;:&quot;&quot;,&quot;camera&quot;:&quot;&quot;,&quot;caption&quot;:&quot;&quot;,&quot;created_timestamp&quot;:&quot;0&quot;,&quot;copyright&quot;:&quot;&quot;,&quot;focal_length&quot;:&quot;0&quot;,&quot;iso&quot;:&quot;0&quot;,&quot;shutter_speed&quot;:&quot;0&quot;,&quot;title&quot;:&quot;&quot;,&quot;orientation&quot;:&quot;0&quot;}\" data-image-title=\"love-2013532_960_720\" data-image-description=\"\" data-image-caption=\"\" data-medium-file=\"https:\/\/i0.wp.com\/unser-quartier.de\/stadt-bergheim\/files\/2017\/10\/love-2013532_960_720.jpg?fit=300%2C65&amp;ssl=1\" data-large-file=\"https:\/\/i0.wp.com\/unser-quartier.de\/stadt-bergheim\/files\/2017\/10\/love-2013532_960_720.jpg?fit=770%2C167&amp;ssl=1\" class=\"alignnone size-full wp-image-17809\" src=\"https:\/\/i0.wp.com\/unser-quartier.de\/stadt-bergheim\/files\/2017\/10\/love-2013532_960_720.jpg?resize=770%2C167&#038;ssl=1\" alt=\"\" width=\"770\" height=\"167\" srcset=\"https:\/\/i0.wp.com\/unser-quartier.de\/stadt-bergheim\/files\/2017\/10\/love-2013532_960_720.jpg?w=960&amp;ssl=1 960w, https:\/\/i0.wp.com\/unser-quartier.de\/stadt-bergheim\/files\/2017\/10\/love-2013532_960_720.jpg?resize=150%2C33&amp;ssl=1 150w, https:\/\/i0.wp.com\/unser-quartier.de\/stadt-bergheim\/files\/2017\/10\/love-2013532_960_720.jpg?resize=300%2C65&amp;ssl=1 300w, https:\/\/i0.wp.com\/unser-quartier.de\/stadt-bergheim\/files\/2017\/10\/love-2013532_960_720.jpg?resize=768%2C166&amp;ssl=1 768w\" sizes=\"auto, (max-width: 770px) 100vw, 770px\" \/><\/a><\/p>\n<p>&nbsp;<\/p>\n<p>Die Entstehung des Tags der Deutschen Einheit<br \/>\nAllgemeines zum Tag der Deutschen Einheit<br \/>\nWann ist der Tag der deutschen Einheit<\/p>\n<p>Der Tag der Deutschen Einheit ist wohl einer der bekanntesten Feiertage in Deutschland. Der Tag der Deutschen Einheit f\u00e4llt dabei immer auf den 3. Oktober. 1990 wurde der Feiertag auch offiziell im Einigungsvertrag als gesetzlicher Feiertag in Deutschland verankert. Der 3. Oktober ist somit Nationalfeiertag und soll haupts\u00e4chlich an die Wiedervereinigung der Bundesrepublik Deutschland (BRD) und der Deutschen Demokratischen Republik (DDR) erinnern.<\/p>\n<p><strong>Wof\u00fcr steht der Begriff \u201eDeutsche Einheit\u201c?<\/strong><\/p>\n<p>Die Bezeichnung \u201eDeutsche Einheit\u201c hat sich bereits Anfang des 19. Jahrhunderts etabliert und beschreibt das Streben nach der Zusammenf\u00fchrung der einzelnen L\u00e4nder zu einem einheitlichen Staat. Diese Idee wurde besonders durch den 1815 gegr\u00fcndeten Deutschen Bund gepr\u00e4gt. Auch in der Nationalhymne Deutschlands wird diese Begrifflichkeit aufgegriffen.<\/p>\n<p><strong>Geschichtliche Hintergr\u00fcnde zum Tag der Deutschen Einheit<\/strong><\/p>\n<p>Ein Meilenstein in der Geschichte des Tages der Deutschen Einheit, stellt die Zeit des geteilten Deutschlands dar. Nach Ende des Zweiten Weltkrieges wurde in der Bundesrepublik Deutschland der 17. Juni zum Nationalfeiertag. Das Datum sollte an den Volksaufstand im Jahr 1953 in der DDR erinnern. Ab 1963 wurde der 17. Juni offiziell als solcher anerkannt. Im Gegensatz dazu fiel der Nationalfeiertag in der DDR auf den 7. Oktober. An diesem wurde 1949 der DDR Staat gegr\u00fcndet. Mit dem Fall der Berliner Mauer 1989 und der darauffolgenden Wiedervereinigung Deutschlands, gewann jedoch der 3. Oktober als deutschlandweiter Nationalfeiertag an immenser Bedeutung und setzte sich somit gegen jegliche vorherige Gedenktage der deutschen Geschichte durch.\u00a0Der Tag der Deutschen Einheit nach der Wiedervereinigung Deutschlands .Ginge es nach dem Datum des Mauerfalls, m\u00fcsste der Tag der Deutschen Einheit eigentlich auf den 9. November fallen. Da dieser jedoch zu sehr an die Reichsprogromnacht (9. November 1938) erinnerte, wurde das Datum als unpassend eingestuft. Folglich wurde der 3. Oktober im Einigungsvertrag als \u201eTag der Deutschen Einheit\u201c festgelegt. Dieser Feiertag ist insbesondere deshalb einzigartig, weil nur dieser nach Bundesrecht geregelt wird. S\u00e4mtliche anderen Feiertage, die in Deutschland gefeiert werden, werden auf Landesebene geregelt.<\/p>\n<p>Dass der Tag der Deutschen Einheit heutzutage auf den 3. Oktober f\u00e4llt, ist keineswegs Zufall. Nach dem Fall der Mauer und dem Zusammenbruch der Sowjetunion lag es den politischen Akteuren am Herzen m\u00f6glichst schnell eine vertragliche Einheit zu erwirken, um die DDR vor wirtschaftlichem und politischem Chaos zu bewahren. Da am 2. Oktober eine KSZE-Au\u00dfenministerkonferenz stattfand, war der 3. Oktober der erste m\u00f6gliche Termin. Zudem waren im Voraus f\u00fcr den 14. Oktober Landtagswahlen in der DDR sowie Neuwahlen in ganz Deutschland f\u00fcr den 2. Dezember beschlossen worden. Um diese Termine einhalten und alle notwendigen administrativen Prozesse vorher abschlie\u00dfen zu k\u00f6nnen, war es dringend notwendig einen baldigen Einigungsvertrag zu unterzeichnen. Somit wurde der 3. Oktober zum Tag der Deutschen Einheit.<\/p>\n<p><strong>Feierlichkeiten zum Tag der Deutschen Einheit<\/strong><\/p>\n<p>Zum Tag der Deutschen Einheit finden deutschlandweit zahlreiche Veranstaltungen statt. Zu den spektakul\u00e4rsten Feierlichkeiten geh\u00f6rt vor allem das Fest, das in der Hauptstadt Berlin gefeiert wird. Zudem gibt es in der Landeshauptstadt jedes Bundeslandes eine offizielle Feier. An diesem Tag findet in der Regel eine \u201eL\u00e4ndermeile\u201c statt. Diese bietet den Bundesl\u00e4ndern die M\u00f6glichkeit sich und ihre Regierungen vorzustellen.<\/p>\n<p>Gesehen in:<\/p>\n<p>www.tag-der-deutschen-einheit.de<\/p>\n<p>&nbsp;<\/p>\n<p>&nbsp;<\/p>\n","protected":false},"excerpt":{"rendered":"<\/p>\n<p>&nbsp;<\/p>\n<p>Die Entstehung des Tags der Deutschen Einheit Allgemeines zum Tag der Deutschen Einheit Wann ist der Tag der deutschen Einheit<\/p>\n<p>Der Tag der Deutschen Einheit ist wohl einer der bekanntesten Feiertage in Deutschland. Der Tag der Deutschen Einheit f\u00e4llt dabei immer auf den 3. Oktober. 1990 wurde der Feiertag auch offiziell im Einigungsvertrag &hellip; <\/p>\n<p><a class=\"more-link btn\" href=\"https:\/\/unser-quartier.de\/stadt-bergheim\/2017\/10\/tag-der-deutschen-einheit-2017\/\">Weiterlesen<\/a><\/p>\n","protected":false},"author":48,"featured_media":17809,"comment_status":"open","ping_status":"open","sticky":false,"template":"","format":"standard","meta":{"_bbp_topic_count":0,"_bbp_reply_count":0,"_bbp_total_topic_count":0,"_bbp_total_reply_count":0,"_bbp_voice_count":0,"_bbp_anonymous_reply_count":0,"_bbp_topic_count_hidden":0,"_bbp_reply_count_hidden":0,"_bbp_forum_subforum_count":0,"jetpack_post_was_ever_published":false,"_jetpack_newsletter_access":"","_jetpack_dont_email_post_to_subs":false,"_jetpack_newsletter_tier_id":0,"_jetpack_memberships_contains_paywalled_content":false,"_jetpack_memberships_contains_paid_content":false,"footnotes":""},"categories":[1,63,75],"tags":[],"class_list":["post-17796","post","type-post","status-publish","format-standard","has-post-thumbnail","hentry","category-allgemein","category-beratung","category-buntes-brett","item-wrap"],"jetpack_sharing_enabled":true,"jetpack_featured_media_url":"https:\/\/i0.wp.com\/unser-quartier.de\/stadt-bergheim\/files\/2017\/10\/love-2013532_960_720.jpg?fit=960%2C208&ssl=1","jetpack_shortlink":"https:\/\/wp.me\/p3vhfJ-4D2","jetpack_likes_enabled":true,"_links":{"self":[{"href":"https:\/\/unser-quartier.de\/stadt-bergheim\/wp-json\/wp\/v2\/posts\/17796","targetHints":{"allow":["GET"]}}],"collection":[{"href":"https:\/\/unser-quartier.de\/stadt-bergheim\/wp-json\/wp\/v2\/posts"}],"about":[{"href":"https:\/\/unser-quartier.de\/stadt-bergheim\/wp-json\/wp\/v2\/types\/post"}],"author":[{"embeddable":true,"href":"https:\/\/unser-quartier.de\/stadt-bergheim\/wp-json\/wp\/v2\/users\/48"}],"replies":[{"embeddable":true,"href":"https:\/\/unser-quartier.de\/stadt-bergheim\/wp-json\/wp\/v2\/comments?post=17796"}],"version-history":[{"count":0,"href":"https:\/\/unser-quartier.de\/stadt-bergheim\/wp-json\/wp\/v2\/posts\/17796\/revisions"}],"wp:featuredmedia":[{"embeddable":true,"href":"https:\/\/unser-quartier.de\/stadt-bergheim\/wp-json\/wp\/v2\/media\/17809"}],"wp:attachment":[{"href":"https:\/\/unser-quartier.de\/stadt-bergheim\/wp-json\/wp\/v2\/media?parent=17796"}],"wp:term":[{"taxonomy":"category","embeddable":true,"href":"https:\/\/unser-quartier.de\/stadt-bergheim\/wp-json\/wp\/v2\/categories?post=17796"},{"taxonomy":"post_tag","embeddable":true,"href":"https:\/\/unser-quartier.de\/stadt-bergheim\/wp-json\/wp\/v2\/tags?post=17796"}],"curies":[{"name":"wp","href":"https:\/\/api.w.org\/{rel}","templated":true}]}}