{"id":18413,"date":"2017-10-31T00:01:17","date_gmt":"2017-10-30T23:01:17","guid":{"rendered":"https:\/\/unser-quartier.de\/stadt-bergheim\/?p=18413"},"modified":"2017-10-30T18:51:39","modified_gmt":"2017-10-30T17:51:39","slug":"wie-der-kuerbis-zu-halloween-kam","status":"publish","type":"post","link":"https:\/\/unser-quartier.de\/stadt-bergheim\/2017\/10\/wie-der-kuerbis-zu-halloween-kam\/","title":{"rendered":"WIE DER K\u00dcRBIS ZU HALLOWEEN KAM &#8230;"},"content":{"rendered":"<p><a href=\"https:\/\/unser-quartier.de\/stadt-bergheim\/?attachment_id=18414\" rel=\"attachment wp-att-18414\"><img data-recalc-dims=\"1\" loading=\"lazy\" decoding=\"async\" data-attachment-id=\"18414\" data-permalink=\"https:\/\/unser-quartier.de\/stadt-bergheim\/2017\/10\/wie-der-kuerbis-zu-halloween-kam\/d6beeb44-a1fd-4c51-869d-3a13e0cc4512\/\" data-orig-file=\"https:\/\/i0.wp.com\/unser-quartier.de\/stadt-bergheim\/files\/2017\/10\/D6BEEB44-A1FD-4C51-869D-3A13E0CC4512.jpeg?fit=510%2C340&amp;ssl=1\" data-orig-size=\"510,340\" data-comments-opened=\"0\" data-image-meta=\"{&quot;aperture&quot;:&quot;6.3&quot;,&quot;credit&quot;:&quot;&quot;,&quot;camera&quot;:&quot;SLT-A58&quot;,&quot;caption&quot;:&quot;&quot;,&quot;created_timestamp&quot;:&quot;0&quot;,&quot;copyright&quot;:&quot;&quot;,&quot;focal_length&quot;:&quot;110&quot;,&quot;iso&quot;:&quot;3200&quot;,&quot;shutter_speed&quot;:&quot;0.066666666666667&quot;,&quot;title&quot;:&quot;&quot;,&quot;orientation&quot;:&quot;0&quot;}\" data-image-title=\"D6BEEB44-A1FD-4C51-869D-3A13E0CC4512\" data-image-description=\"\" data-image-caption=\"\" data-medium-file=\"https:\/\/i0.wp.com\/unser-quartier.de\/stadt-bergheim\/files\/2017\/10\/D6BEEB44-A1FD-4C51-869D-3A13E0CC4512.jpeg?fit=300%2C200&amp;ssl=1\" data-large-file=\"https:\/\/i0.wp.com\/unser-quartier.de\/stadt-bergheim\/files\/2017\/10\/D6BEEB44-A1FD-4C51-869D-3A13E0CC4512.jpeg?fit=510%2C340&amp;ssl=1\" class=\"alignnone size-full wp-image-18414\" src=\"https:\/\/i0.wp.com\/unser-quartier.de\/stadt-bergheim\/files\/2017\/10\/D6BEEB44-A1FD-4C51-869D-3A13E0CC4512.jpeg?resize=510%2C340&#038;ssl=1\" alt=\"\" width=\"510\" height=\"340\" srcset=\"https:\/\/i0.wp.com\/unser-quartier.de\/stadt-bergheim\/files\/2017\/10\/D6BEEB44-A1FD-4C51-869D-3A13E0CC4512.jpeg?w=510&amp;ssl=1 510w, https:\/\/i0.wp.com\/unser-quartier.de\/stadt-bergheim\/files\/2017\/10\/D6BEEB44-A1FD-4C51-869D-3A13E0CC4512.jpeg?resize=150%2C100&amp;ssl=1 150w, https:\/\/i0.wp.com\/unser-quartier.de\/stadt-bergheim\/files\/2017\/10\/D6BEEB44-A1FD-4C51-869D-3A13E0CC4512.jpeg?resize=300%2C200&amp;ssl=1 300w\" sizes=\"auto, (max-width: 510px) 100vw, 510px\" \/><\/a><\/p>\n<p>Der Brauch zum Halloweenfest gruselige Fratzen in K\u00fcrbisse zu schnitzen, stammt ebenso wie das Fest selbst, aus Irland. Man erz\u00e4hlt dort die Geschichte von Jack O`Lantern, der ein Betr\u00fcger und Trinker war. Durch eine List soll er den Teufel auf einen Baum gelockt haben und dann in den Stamm ein Kreuz geritzt haben. So war der Teufel auf dem Baum gefangen. Jack versprach ihm, dass er ihn herunter lassen w\u00fcrde, wenn er ihn nie wieder behelligen w\u00fcrde.<br \/>\n.<br \/>\nAls Jack gestorben war, verwehrte ihm der Himmel aufgrund der vielen schlechten Taten den Zutritt. Auch in der H\u00f6lle war er nicht willkommen, da er den Teufel ja reingelegt hatte. Der Teufel allerdings hatte ein wenig Erbarmen und gab Jack ein St\u00fcck gl\u00fchende Kohle in einer R\u00fcbe, damit er durch die Finsternis zwischen Himmel und H\u00f6lle wandern konnte.<br \/>\n.<br \/>\nZu dieser Zeit wurde aus dieser Geschichte abgeleitet, dass man mit solch einer R\u00fcbe die Geister abschrecken k\u00f6nnte. Sp\u00e4ter, als der Brauch nach Amerika kam, verwendete man K\u00fcrbisse, die sich auf Grund der Gr\u00f6\u00dfe noch besser f\u00fcr diesen Zweck eignen.<br \/>\n.<br \/>\nvon Annemarie Esser<\/p>\n","protected":false},"excerpt":{"rendered":"<\/p>\n<p>Der Brauch zum Halloweenfest gruselige Fratzen in K\u00fcrbisse zu schnitzen, stammt ebenso wie das Fest selbst, aus Irland. Man erz\u00e4hlt dort die Geschichte von Jack O`Lantern, der ein Betr\u00fcger und Trinker war. Durch eine List soll er den Teufel auf einen Baum gelockt haben und dann in den Stamm ein Kreuz geritzt haben. So &hellip; <\/p>\n<p><a class=\"more-link btn\" href=\"https:\/\/unser-quartier.de\/stadt-bergheim\/2017\/10\/wie-der-kuerbis-zu-halloween-kam\/\">Weiterlesen<\/a><\/p>\n","protected":false},"author":48,"featured_media":0,"comment_status":"open","ping_status":"open","sticky":false,"template":"","format":"standard","meta":{"_bbp_topic_count":0,"_bbp_reply_count":0,"_bbp_total_topic_count":0,"_bbp_total_reply_count":0,"_bbp_voice_count":0,"_bbp_anonymous_reply_count":0,"_bbp_topic_count_hidden":0,"_bbp_reply_count_hidden":0,"_bbp_forum_subforum_count":0,"jetpack_post_was_ever_published":false,"_jetpack_newsletter_access":"","_jetpack_dont_email_post_to_subs":false,"_jetpack_newsletter_tier_id":0,"_jetpack_memberships_contains_paywalled_content":false,"_jetpack_memberships_contains_paid_content":false,"footnotes":""},"categories":[1,75,72],"tags":[],"class_list":["post-18413","post","type-post","status-publish","format-standard","hentry","category-allgemein","category-buntes-brett","category-tipps","item-wrap"],"jetpack_sharing_enabled":true,"jetpack_featured_media_url":"","jetpack_shortlink":"https:\/\/wp.me\/p3vhfJ-4MZ","jetpack_likes_enabled":true,"_links":{"self":[{"href":"https:\/\/unser-quartier.de\/stadt-bergheim\/wp-json\/wp\/v2\/posts\/18413","targetHints":{"allow":["GET"]}}],"collection":[{"href":"https:\/\/unser-quartier.de\/stadt-bergheim\/wp-json\/wp\/v2\/posts"}],"about":[{"href":"https:\/\/unser-quartier.de\/stadt-bergheim\/wp-json\/wp\/v2\/types\/post"}],"author":[{"embeddable":true,"href":"https:\/\/unser-quartier.de\/stadt-bergheim\/wp-json\/wp\/v2\/users\/48"}],"replies":[{"embeddable":true,"href":"https:\/\/unser-quartier.de\/stadt-bergheim\/wp-json\/wp\/v2\/comments?post=18413"}],"version-history":[{"count":0,"href":"https:\/\/unser-quartier.de\/stadt-bergheim\/wp-json\/wp\/v2\/posts\/18413\/revisions"}],"wp:attachment":[{"href":"https:\/\/unser-quartier.de\/stadt-bergheim\/wp-json\/wp\/v2\/media?parent=18413"}],"wp:term":[{"taxonomy":"category","embeddable":true,"href":"https:\/\/unser-quartier.de\/stadt-bergheim\/wp-json\/wp\/v2\/categories?post=18413"},{"taxonomy":"post_tag","embeddable":true,"href":"https:\/\/unser-quartier.de\/stadt-bergheim\/wp-json\/wp\/v2\/tags?post=18413"}],"curies":[{"name":"wp","href":"https:\/\/api.w.org\/{rel}","templated":true}]}}