{"id":18736,"date":"2017-11-11T15:43:31","date_gmt":"2017-11-11T14:43:31","guid":{"rendered":"https:\/\/unser-quartier.de\/stadt-bergheim\/?p=18736"},"modified":"2017-11-14T09:10:10","modified_gmt":"2017-11-14T08:10:10","slug":"singen-und-schunkeln-geht-immer","status":"publish","type":"post","link":"https:\/\/unser-quartier.de\/stadt-bergheim\/2017\/11\/singen-und-schunkeln-geht-immer\/","title":{"rendered":"Singen und Schunkeln geht immer"},"content":{"rendered":"<p><strong>Lokale Allianz bei der Sessionser\u00f6ffnung<\/strong><\/p>\n<p>Endlich is et widder so wigg: P\u00fcnktlich um 11.11 Uhr am 11.11. ist der Karneval in Bergheim angekommen. Zumindest \u00e4u\u00dferlich blieben die Jecken diesmal trocken, denn die Sessionser\u00f6ffnung ist dieses Jahr vom Hubert-Rheinfeld-Platz ins Festzelt ans Aachener Tor verlegt worden \u2013 \u201enicht die schlechteste Idee\u201c, befand B\u00fcrgermeister Volker Mie\u00dfeler. Die KG Jecke Schupos und die Stadt als Veranstalter begr\u00fc\u00dften neben den Dreigestirnen aus Bergheim, Oberau\u00dfem und Rheidt-H\u00fcchelhoven auch diesmal wieder besonders herzlich die Lokale Allianz f\u00fcr Menschen mit Demenz, die sich mit unter das Narrenvolk gemischt hatte. Wir vom Seniorenportal waren nat\u00fcrlich auch mit dabei und haben mit den Bewohnern der \u00f6rtlichen Pflegeheime vom DRK und sp\u00e4ter auch St. Lazarus geschunkelt.<\/p>\n<p>&nbsp;<\/p>\n<div class=\"tiled-gallery type-rectangular tiled-gallery-unresized\" data-original-width=\"770\" data-carousel-extra='{&quot;blog_id&quot;:38,&quot;permalink&quot;:&quot;https:\\\/\\\/unser-quartier.de\\\/stadt-bergheim\\\/2017\\\/11\\\/singen-und-schunkeln-geht-immer\\\/&quot;,&quot;likes_blog_id&quot;:51783499}' itemscope itemtype=\"http:\/\/schema.org\/ImageGallery\" > <div class=\"gallery-row\" style=\"width: 770px; height: 343px;\" data-original-width=\"770\" data-original-height=\"343\" > <div class=\"gallery-group images-1\" style=\"width: 514px; height: 343px;\" data-original-width=\"514\" data-original-height=\"343\" > <div class=\"tiled-gallery-item tiled-gallery-item-large\" itemprop=\"associatedMedia\" itemscope itemtype=\"http:\/\/schema.org\/ImageObject\"> <a href=\"https:\/\/unser-quartier.de\/stadt-bergheim\/2017\/11\/singen-und-schunkeln-geht-immer\/dsc09178\/\" border=\"0\" itemprop=\"url\"> <meta itemprop=\"width\" content=\"510\"> <meta itemprop=\"height\" content=\"339\"> <img decoding=\"async\" class=\"\" data-attachment-id=\"18752\" data-orig-file=\"https:\/\/unser-quartier.de\/stadt-bergheim\/files\/2017\/11\/DSC09178.jpg\" data-orig-size=\"1024,680\" data-comments-opened=\"\" data-image-meta=\"{&quot;aperture&quot;:&quot;0&quot;,&quot;credit&quot;:&quot;&quot;,&quot;camera&quot;:&quot;&quot;,&quot;caption&quot;:&quot;&quot;,&quot;created_timestamp&quot;:&quot;0&quot;,&quot;copyright&quot;:&quot;&quot;,&quot;focal_length&quot;:&quot;0&quot;,&quot;iso&quot;:&quot;0&quot;,&quot;shutter_speed&quot;:&quot;0&quot;,&quot;title&quot;:&quot;&quot;,&quot;orientation&quot;:&quot;0&quot;}\" data-image-title=\"DSC09178\" data-image-description=\"\" data-medium-file=\"https:\/\/i0.wp.com\/unser-quartier.de\/stadt-bergheim\/files\/2017\/11\/DSC09178.jpg?fit=300%2C199&#038;ssl=1\" data-large-file=\"https:\/\/i0.wp.com\/unser-quartier.de\/stadt-bergheim\/files\/2017\/11\/DSC09178.jpg?fit=770%2C511&#038;ssl=1\" src=\"https:\/\/i0.wp.com\/unser-quartier.de\/stadt-bergheim\/files\/2017\/11\/DSC09178.jpg?w=510&#038;h=339&#038;ssl=1\" srcset=\"https:\/\/i0.wp.com\/unser-quartier.de\/stadt-bergheim\/files\/2017\/11\/DSC09178.jpg?w=1024&amp;ssl=1 1024w, https:\/\/i0.wp.com\/unser-quartier.de\/stadt-bergheim\/files\/2017\/11\/DSC09178.jpg?resize=150%2C100&amp;ssl=1 150w, https:\/\/i0.wp.com\/unser-quartier.de\/stadt-bergheim\/files\/2017\/11\/DSC09178.jpg?resize=300%2C199&amp;ssl=1 300w, https:\/\/i0.wp.com\/unser-quartier.de\/stadt-bergheim\/files\/2017\/11\/DSC09178.jpg?resize=768%2C510&amp;ssl=1 768w\" width=\"510\" height=\"339\" loading=\"lazy\" data-original-width=\"510\" data-original-height=\"339\" itemprop=\"http:\/\/schema.org\/image\" title=\"DSC09178\" alt=\"Lieselotte ist gern mittendrin\" style=\"width: 510px; height: 339px;\" \/> <\/a> <div class=\"tiled-gallery-caption\" itemprop=\"caption description\"> Lieselotte ist gern mittendrin <\/div> <\/div> <\/div> <!-- close group --> <div class=\"gallery-group images-2\" style=\"width: 256px; height: 343px;\" data-original-width=\"256\" data-original-height=\"343\" > <div class=\"tiled-gallery-item tiled-gallery-item-large\" itemprop=\"associatedMedia\" itemscope itemtype=\"http:\/\/schema.org\/ImageObject\"> <a href=\"https:\/\/unser-quartier.de\/stadt-bergheim\/2017\/11\/singen-und-schunkeln-geht-immer\/dsc09134\/\" border=\"0\" itemprop=\"url\"> <meta itemprop=\"width\" content=\"252\"> <meta itemprop=\"height\" content=\"168\"> <img decoding=\"async\" class=\"\" data-attachment-id=\"18737\" data-orig-file=\"https:\/\/unser-quartier.de\/stadt-bergheim\/files\/2017\/11\/DSC09134.jpg\" data-orig-size=\"1024,680\" data-comments-opened=\"\" data-image-meta=\"{&quot;aperture&quot;:&quot;0&quot;,&quot;credit&quot;:&quot;&quot;,&quot;camera&quot;:&quot;&quot;,&quot;caption&quot;:&quot;&quot;,&quot;created_timestamp&quot;:&quot;0&quot;,&quot;copyright&quot;:&quot;&quot;,&quot;focal_length&quot;:&quot;0&quot;,&quot;iso&quot;:&quot;0&quot;,&quot;shutter_speed&quot;:&quot;0&quot;,&quot;title&quot;:&quot;&quot;,&quot;orientation&quot;:&quot;0&quot;}\" data-image-title=\"DSC09134\" data-image-description=\"\" data-medium-file=\"https:\/\/i0.wp.com\/unser-quartier.de\/stadt-bergheim\/files\/2017\/11\/DSC09134.jpg?fit=300%2C199&#038;ssl=1\" data-large-file=\"https:\/\/i0.wp.com\/unser-quartier.de\/stadt-bergheim\/files\/2017\/11\/DSC09134.jpg?fit=770%2C511&#038;ssl=1\" src=\"https:\/\/i0.wp.com\/unser-quartier.de\/stadt-bergheim\/files\/2017\/11\/DSC09134.jpg?w=252&#038;h=168&#038;ssl=1\" srcset=\"https:\/\/i0.wp.com\/unser-quartier.de\/stadt-bergheim\/files\/2017\/11\/DSC09134.jpg?w=1024&amp;ssl=1 1024w, https:\/\/i0.wp.com\/unser-quartier.de\/stadt-bergheim\/files\/2017\/11\/DSC09134.jpg?resize=150%2C100&amp;ssl=1 150w, https:\/\/i0.wp.com\/unser-quartier.de\/stadt-bergheim\/files\/2017\/11\/DSC09134.jpg?resize=300%2C199&amp;ssl=1 300w, https:\/\/i0.wp.com\/unser-quartier.de\/stadt-bergheim\/files\/2017\/11\/DSC09134.jpg?resize=768%2C510&amp;ssl=1 768w\" width=\"252\" height=\"168\" loading=\"lazy\" data-original-width=\"252\" data-original-height=\"168\" itemprop=\"http:\/\/schema.org\/image\" title=\"DSC09134\" alt=\"Langsam einstimmen...\" style=\"width: 252px; height: 168px;\" \/> <\/a> <div class=\"tiled-gallery-caption\" itemprop=\"caption description\"> Langsam einstimmen&#8230; <\/div> <\/div> <div class=\"tiled-gallery-item tiled-gallery-item-large\" itemprop=\"associatedMedia\" itemscope itemtype=\"http:\/\/schema.org\/ImageObject\"> <a href=\"https:\/\/unser-quartier.de\/stadt-bergheim\/2017\/11\/singen-und-schunkeln-geht-immer\/dsc09140\/\" border=\"0\" itemprop=\"url\"> <meta itemprop=\"width\" content=\"252\"> <meta itemprop=\"height\" content=\"167\"> <img decoding=\"async\" class=\"\" data-attachment-id=\"18739\" data-orig-file=\"https:\/\/unser-quartier.de\/stadt-bergheim\/files\/2017\/11\/DSC09140.jpg\" data-orig-size=\"1024,680\" data-comments-opened=\"\" data-image-meta=\"{&quot;aperture&quot;:&quot;0&quot;,&quot;credit&quot;:&quot;&quot;,&quot;camera&quot;:&quot;&quot;,&quot;caption&quot;:&quot;&quot;,&quot;created_timestamp&quot;:&quot;0&quot;,&quot;copyright&quot;:&quot;&quot;,&quot;focal_length&quot;:&quot;0&quot;,&quot;iso&quot;:&quot;0&quot;,&quot;shutter_speed&quot;:&quot;0&quot;,&quot;title&quot;:&quot;&quot;,&quot;orientation&quot;:&quot;0&quot;}\" data-image-title=\"DSC09140\" data-image-description=\"\" data-medium-file=\"https:\/\/i0.wp.com\/unser-quartier.de\/stadt-bergheim\/files\/2017\/11\/DSC09140.jpg?fit=300%2C199&#038;ssl=1\" data-large-file=\"https:\/\/i0.wp.com\/unser-quartier.de\/stadt-bergheim\/files\/2017\/11\/DSC09140.jpg?fit=770%2C511&#038;ssl=1\" src=\"https:\/\/i0.wp.com\/unser-quartier.de\/stadt-bergheim\/files\/2017\/11\/DSC09140.jpg?w=252&#038;h=167&#038;ssl=1\" srcset=\"https:\/\/i0.wp.com\/unser-quartier.de\/stadt-bergheim\/files\/2017\/11\/DSC09140.jpg?w=1024&amp;ssl=1 1024w, https:\/\/i0.wp.com\/unser-quartier.de\/stadt-bergheim\/files\/2017\/11\/DSC09140.jpg?resize=150%2C100&amp;ssl=1 150w, https:\/\/i0.wp.com\/unser-quartier.de\/stadt-bergheim\/files\/2017\/11\/DSC09140.jpg?resize=300%2C199&amp;ssl=1 300w, https:\/\/i0.wp.com\/unser-quartier.de\/stadt-bergheim\/files\/2017\/11\/DSC09140.jpg?resize=768%2C510&amp;ssl=1 768w\" width=\"252\" height=\"167\" loading=\"lazy\" data-original-width=\"252\" data-original-height=\"167\" itemprop=\"http:\/\/schema.org\/image\" title=\"DSC09140\" alt=\"Liesel M\u00fcller (r.)\" style=\"width: 252px; height: 167px;\" \/> <\/a> <div class=\"tiled-gallery-caption\" itemprop=\"caption description\"> Liesel M\u00fcller (r.) <\/div> <\/div> <\/div> <!-- close group --> <\/div> <!-- close row --> <div class=\"gallery-row\" style=\"width: 770px; height: 172px;\" data-original-width=\"770\" data-original-height=\"172\" > <div class=\"gallery-group images-1\" style=\"width: 257px; height: 172px;\" data-original-width=\"257\" data-original-height=\"172\" > <div class=\"tiled-gallery-item tiled-gallery-item-large\" itemprop=\"associatedMedia\" itemscope itemtype=\"http:\/\/schema.org\/ImageObject\"> <a href=\"https:\/\/unser-quartier.de\/stadt-bergheim\/2017\/11\/singen-und-schunkeln-geht-immer\/dsc09148\/\" border=\"0\" itemprop=\"url\"> <meta itemprop=\"width\" content=\"253\"> <meta itemprop=\"height\" content=\"168\"> <img decoding=\"async\" class=\"\" data-attachment-id=\"18741\" data-orig-file=\"https:\/\/unser-quartier.de\/stadt-bergheim\/files\/2017\/11\/DSC09148.jpg\" data-orig-size=\"1024,680\" data-comments-opened=\"\" data-image-meta=\"{&quot;aperture&quot;:&quot;0&quot;,&quot;credit&quot;:&quot;&quot;,&quot;camera&quot;:&quot;&quot;,&quot;caption&quot;:&quot;&quot;,&quot;created_timestamp&quot;:&quot;0&quot;,&quot;copyright&quot;:&quot;&quot;,&quot;focal_length&quot;:&quot;0&quot;,&quot;iso&quot;:&quot;0&quot;,&quot;shutter_speed&quot;:&quot;0&quot;,&quot;title&quot;:&quot;&quot;,&quot;orientation&quot;:&quot;0&quot;}\" data-image-title=\"DSC09148\" data-image-description=\"\" data-medium-file=\"https:\/\/i0.wp.com\/unser-quartier.de\/stadt-bergheim\/files\/2017\/11\/DSC09148.jpg?fit=300%2C199&#038;ssl=1\" data-large-file=\"https:\/\/i0.wp.com\/unser-quartier.de\/stadt-bergheim\/files\/2017\/11\/DSC09148.jpg?fit=770%2C511&#038;ssl=1\" src=\"https:\/\/i0.wp.com\/unser-quartier.de\/stadt-bergheim\/files\/2017\/11\/DSC09148.jpg?w=253&#038;h=168&#038;ssl=1\" srcset=\"https:\/\/i0.wp.com\/unser-quartier.de\/stadt-bergheim\/files\/2017\/11\/DSC09148.jpg?w=1024&amp;ssl=1 1024w, https:\/\/i0.wp.com\/unser-quartier.de\/stadt-bergheim\/files\/2017\/11\/DSC09148.jpg?resize=150%2C100&amp;ssl=1 150w, https:\/\/i0.wp.com\/unser-quartier.de\/stadt-bergheim\/files\/2017\/11\/DSC09148.jpg?resize=300%2C199&amp;ssl=1 300w, https:\/\/i0.wp.com\/unser-quartier.de\/stadt-bergheim\/files\/2017\/11\/DSC09148.jpg?resize=768%2C510&amp;ssl=1 768w\" width=\"253\" height=\"168\" loading=\"lazy\" data-original-width=\"253\" data-original-height=\"168\" itemprop=\"http:\/\/schema.org\/image\" title=\"DSC09148\" alt=\"Spa\u00df an der Freud\" style=\"width: 253px; height: 168px;\" \/> <\/a> <div class=\"tiled-gallery-caption\" itemprop=\"caption description\"> Spa\u00df an der Freud <\/div> <\/div> <\/div> <!-- close group --> <div class=\"gallery-group images-1\" style=\"width: 257px; height: 172px;\" data-original-width=\"257\" data-original-height=\"172\" > <div class=\"tiled-gallery-item tiled-gallery-item-large\" itemprop=\"associatedMedia\" itemscope itemtype=\"http:\/\/schema.org\/ImageObject\"> <a href=\"https:\/\/unser-quartier.de\/stadt-bergheim\/2017\/11\/singen-und-schunkeln-geht-immer\/dsc09152\/\" border=\"0\" itemprop=\"url\"> <meta itemprop=\"width\" content=\"253\"> <meta itemprop=\"height\" content=\"168\"> <img decoding=\"async\" class=\"\" data-attachment-id=\"18743\" data-orig-file=\"https:\/\/unser-quartier.de\/stadt-bergheim\/files\/2017\/11\/DSC09152.jpg\" data-orig-size=\"1024,680\" data-comments-opened=\"\" data-image-meta=\"{&quot;aperture&quot;:&quot;0&quot;,&quot;credit&quot;:&quot;&quot;,&quot;camera&quot;:&quot;&quot;,&quot;caption&quot;:&quot;&quot;,&quot;created_timestamp&quot;:&quot;0&quot;,&quot;copyright&quot;:&quot;&quot;,&quot;focal_length&quot;:&quot;0&quot;,&quot;iso&quot;:&quot;0&quot;,&quot;shutter_speed&quot;:&quot;0&quot;,&quot;title&quot;:&quot;&quot;,&quot;orientation&quot;:&quot;0&quot;}\" data-image-title=\"DSC09152\" data-image-description=\"\" data-medium-file=\"https:\/\/i0.wp.com\/unser-quartier.de\/stadt-bergheim\/files\/2017\/11\/DSC09152.jpg?fit=300%2C199&#038;ssl=1\" data-large-file=\"https:\/\/i0.wp.com\/unser-quartier.de\/stadt-bergheim\/files\/2017\/11\/DSC09152.jpg?fit=770%2C511&#038;ssl=1\" src=\"https:\/\/i0.wp.com\/unser-quartier.de\/stadt-bergheim\/files\/2017\/11\/DSC09152.jpg?w=253&#038;h=168&#038;ssl=1\" srcset=\"https:\/\/i0.wp.com\/unser-quartier.de\/stadt-bergheim\/files\/2017\/11\/DSC09152.jpg?w=1024&amp;ssl=1 1024w, https:\/\/i0.wp.com\/unser-quartier.de\/stadt-bergheim\/files\/2017\/11\/DSC09152.jpg?resize=150%2C100&amp;ssl=1 150w, https:\/\/i0.wp.com\/unser-quartier.de\/stadt-bergheim\/files\/2017\/11\/DSC09152.jpg?resize=300%2C199&amp;ssl=1 300w, https:\/\/i0.wp.com\/unser-quartier.de\/stadt-bergheim\/files\/2017\/11\/DSC09152.jpg?resize=768%2C510&amp;ssl=1 768w\" width=\"253\" height=\"168\" loading=\"lazy\" data-original-width=\"253\" data-original-height=\"168\" itemprop=\"http:\/\/schema.org\/image\" title=\"DSC09152\" alt=\"Sessionser\u00f6ffnung\" style=\"width: 253px; height: 168px;\" \/> <\/a> <div class=\"tiled-gallery-caption\" itemprop=\"caption description\"> Sessionser\u00f6ffnung <\/div> <\/div> <\/div> <!-- close group --> <div class=\"gallery-group images-1\" style=\"width: 256px; height: 172px;\" data-original-width=\"256\" data-original-height=\"172\" > <div class=\"tiled-gallery-item tiled-gallery-item-large\" itemprop=\"associatedMedia\" itemscope itemtype=\"http:\/\/schema.org\/ImageObject\"> <a href=\"https:\/\/unser-quartier.de\/stadt-bergheim\/2017\/11\/singen-und-schunkeln-geht-immer\/dsc09167\/\" border=\"0\" itemprop=\"url\"> <meta itemprop=\"width\" content=\"252\"> <meta itemprop=\"height\" content=\"168\"> <img decoding=\"async\" class=\"\" data-attachment-id=\"18747\" data-orig-file=\"https:\/\/unser-quartier.de\/stadt-bergheim\/files\/2017\/11\/DSC09167.jpg\" data-orig-size=\"1024,680\" data-comments-opened=\"\" data-image-meta=\"{&quot;aperture&quot;:&quot;0&quot;,&quot;credit&quot;:&quot;&quot;,&quot;camera&quot;:&quot;&quot;,&quot;caption&quot;:&quot;&quot;,&quot;created_timestamp&quot;:&quot;0&quot;,&quot;copyright&quot;:&quot;&quot;,&quot;focal_length&quot;:&quot;0&quot;,&quot;iso&quot;:&quot;0&quot;,&quot;shutter_speed&quot;:&quot;0&quot;,&quot;title&quot;:&quot;&quot;,&quot;orientation&quot;:&quot;0&quot;}\" data-image-title=\"DSC09167\" data-image-description=\"\" data-medium-file=\"https:\/\/i0.wp.com\/unser-quartier.de\/stadt-bergheim\/files\/2017\/11\/DSC09167.jpg?fit=300%2C199&#038;ssl=1\" data-large-file=\"https:\/\/i0.wp.com\/unser-quartier.de\/stadt-bergheim\/files\/2017\/11\/DSC09167.jpg?fit=770%2C511&#038;ssl=1\" src=\"https:\/\/i0.wp.com\/unser-quartier.de\/stadt-bergheim\/files\/2017\/11\/DSC09167.jpg?w=252&#038;h=168&#038;ssl=1\" srcset=\"https:\/\/i0.wp.com\/unser-quartier.de\/stadt-bergheim\/files\/2017\/11\/DSC09167.jpg?w=1024&amp;ssl=1 1024w, https:\/\/i0.wp.com\/unser-quartier.de\/stadt-bergheim\/files\/2017\/11\/DSC09167.jpg?resize=150%2C100&amp;ssl=1 150w, https:\/\/i0.wp.com\/unser-quartier.de\/stadt-bergheim\/files\/2017\/11\/DSC09167.jpg?resize=300%2C199&amp;ssl=1 300w, https:\/\/i0.wp.com\/unser-quartier.de\/stadt-bergheim\/files\/2017\/11\/DSC09167.jpg?resize=768%2C510&amp;ssl=1 768w\" width=\"252\" height=\"168\" loading=\"lazy\" data-original-width=\"252\" data-original-height=\"168\" itemprop=\"http:\/\/schema.org\/image\" title=\"DSC09167\" alt=\"Fidele Geister aus Oberau\u00dfem\" style=\"width: 252px; height: 168px;\" \/> <\/a> <div class=\"tiled-gallery-caption\" itemprop=\"caption description\"> Fidele Geister aus Oberau\u00dfem <\/div> <\/div> <\/div> <!-- close group --> <\/div> <!-- close row --> <div class=\"gallery-row\" style=\"width: 770px; height: 129px;\" data-original-width=\"770\" data-original-height=\"129\" > <div class=\"gallery-group images-1\" style=\"width: 193px; height: 129px;\" data-original-width=\"193\" data-original-height=\"129\" > <div class=\"tiled-gallery-item tiled-gallery-item-small\" itemprop=\"associatedMedia\" itemscope itemtype=\"http:\/\/schema.org\/ImageObject\"> <a href=\"https:\/\/unser-quartier.de\/stadt-bergheim\/2017\/11\/singen-und-schunkeln-geht-immer\/dsc09197\/\" border=\"0\" itemprop=\"url\"> <meta itemprop=\"width\" content=\"189\"> <meta itemprop=\"height\" content=\"125\"> <img decoding=\"async\" class=\"\" data-attachment-id=\"18755\" data-orig-file=\"https:\/\/unser-quartier.de\/stadt-bergheim\/files\/2017\/11\/DSC09197.jpg\" data-orig-size=\"1024,680\" data-comments-opened=\"\" data-image-meta=\"{&quot;aperture&quot;:&quot;0&quot;,&quot;credit&quot;:&quot;&quot;,&quot;camera&quot;:&quot;&quot;,&quot;caption&quot;:&quot;&quot;,&quot;created_timestamp&quot;:&quot;0&quot;,&quot;copyright&quot;:&quot;&quot;,&quot;focal_length&quot;:&quot;0&quot;,&quot;iso&quot;:&quot;0&quot;,&quot;shutter_speed&quot;:&quot;0&quot;,&quot;title&quot;:&quot;&quot;,&quot;orientation&quot;:&quot;0&quot;}\" data-image-title=\"DSC09197\" data-image-description=\"\" data-medium-file=\"https:\/\/i0.wp.com\/unser-quartier.de\/stadt-bergheim\/files\/2017\/11\/DSC09197.jpg?fit=300%2C199&#038;ssl=1\" data-large-file=\"https:\/\/i0.wp.com\/unser-quartier.de\/stadt-bergheim\/files\/2017\/11\/DSC09197.jpg?fit=770%2C511&#038;ssl=1\" src=\"https:\/\/i0.wp.com\/unser-quartier.de\/stadt-bergheim\/files\/2017\/11\/DSC09197.jpg?w=189&#038;h=125&#038;ssl=1\" srcset=\"https:\/\/i0.wp.com\/unser-quartier.de\/stadt-bergheim\/files\/2017\/11\/DSC09197.jpg?w=1024&amp;ssl=1 1024w, https:\/\/i0.wp.com\/unser-quartier.de\/stadt-bergheim\/files\/2017\/11\/DSC09197.jpg?resize=150%2C100&amp;ssl=1 150w, https:\/\/i0.wp.com\/unser-quartier.de\/stadt-bergheim\/files\/2017\/11\/DSC09197.jpg?resize=300%2C199&amp;ssl=1 300w, https:\/\/i0.wp.com\/unser-quartier.de\/stadt-bergheim\/files\/2017\/11\/DSC09197.jpg?resize=768%2C510&amp;ssl=1 768w\" width=\"189\" height=\"125\" loading=\"lazy\" data-original-width=\"189\" data-original-height=\"125\" itemprop=\"http:\/\/schema.org\/image\" title=\"DSC09197\" alt=\"Volker Mie\u00dfeler begr\u00fc\u00dft\" style=\"width: 189px; height: 125px;\" \/> <\/a> <div class=\"tiled-gallery-caption\" itemprop=\"caption description\"> Volker Mie\u00dfeler begr\u00fc\u00dft <\/div> <\/div> <\/div> <!-- close group --> <div class=\"gallery-group images-1\" style=\"width: 193px; height: 129px;\" data-original-width=\"193\" data-original-height=\"129\" > <div class=\"tiled-gallery-item tiled-gallery-item-small\" itemprop=\"associatedMedia\" itemscope itemtype=\"http:\/\/schema.org\/ImageObject\"> <a href=\"https:\/\/unser-quartier.de\/stadt-bergheim\/2017\/11\/singen-und-schunkeln-geht-immer\/dsc09170\/\" border=\"0\" itemprop=\"url\"> <meta itemprop=\"width\" content=\"189\"> <meta itemprop=\"height\" content=\"125\"> <img decoding=\"async\" class=\"\" data-attachment-id=\"18748\" data-orig-file=\"https:\/\/unser-quartier.de\/stadt-bergheim\/files\/2017\/11\/DSC09170.jpg\" data-orig-size=\"1024,680\" data-comments-opened=\"\" data-image-meta=\"{&quot;aperture&quot;:&quot;0&quot;,&quot;credit&quot;:&quot;&quot;,&quot;camera&quot;:&quot;&quot;,&quot;caption&quot;:&quot;&quot;,&quot;created_timestamp&quot;:&quot;0&quot;,&quot;copyright&quot;:&quot;&quot;,&quot;focal_length&quot;:&quot;0&quot;,&quot;iso&quot;:&quot;0&quot;,&quot;shutter_speed&quot;:&quot;0&quot;,&quot;title&quot;:&quot;&quot;,&quot;orientation&quot;:&quot;0&quot;}\" data-image-title=\"DSC09170\" data-image-description=\"\" data-medium-file=\"https:\/\/i0.wp.com\/unser-quartier.de\/stadt-bergheim\/files\/2017\/11\/DSC09170.jpg?fit=300%2C199&#038;ssl=1\" data-large-file=\"https:\/\/i0.wp.com\/unser-quartier.de\/stadt-bergheim\/files\/2017\/11\/DSC09170.jpg?fit=770%2C511&#038;ssl=1\" src=\"https:\/\/i0.wp.com\/unser-quartier.de\/stadt-bergheim\/files\/2017\/11\/DSC09170.jpg?w=189&#038;h=125&#038;ssl=1\" srcset=\"https:\/\/i0.wp.com\/unser-quartier.de\/stadt-bergheim\/files\/2017\/11\/DSC09170.jpg?w=1024&amp;ssl=1 1024w, https:\/\/i0.wp.com\/unser-quartier.de\/stadt-bergheim\/files\/2017\/11\/DSC09170.jpg?resize=150%2C100&amp;ssl=1 150w, https:\/\/i0.wp.com\/unser-quartier.de\/stadt-bergheim\/files\/2017\/11\/DSC09170.jpg?resize=300%2C199&amp;ssl=1 300w, https:\/\/i0.wp.com\/unser-quartier.de\/stadt-bergheim\/files\/2017\/11\/DSC09170.jpg?resize=768%2C510&amp;ssl=1 768w\" width=\"189\" height=\"125\" loading=\"lazy\" data-original-width=\"189\" data-original-height=\"125\" itemprop=\"http:\/\/schema.org\/image\" title=\"DSC09170\" alt=\"Warten auf den gro\u00dfen Auftritt\" style=\"width: 189px; height: 125px;\" \/> <\/a> <div class=\"tiled-gallery-caption\" itemprop=\"caption description\"> Warten auf den gro\u00dfen Auftritt <\/div> <\/div> <\/div> <!-- close group --> <div class=\"gallery-group images-1\" style=\"width: 192px; height: 129px;\" data-original-width=\"192\" data-original-height=\"129\" > <div class=\"tiled-gallery-item tiled-gallery-item-small\" itemprop=\"associatedMedia\" itemscope itemtype=\"http:\/\/schema.org\/ImageObject\"> <a href=\"https:\/\/unser-quartier.de\/stadt-bergheim\/2017\/11\/singen-und-schunkeln-geht-immer\/dsc09206\/\" border=\"0\" itemprop=\"url\"> <meta itemprop=\"width\" content=\"188\"> <meta itemprop=\"height\" content=\"125\"> <img decoding=\"async\" class=\"\" data-attachment-id=\"18758\" data-orig-file=\"https:\/\/unser-quartier.de\/stadt-bergheim\/files\/2017\/11\/DSC09206.jpg\" data-orig-size=\"1024,680\" data-comments-opened=\"\" data-image-meta=\"{&quot;aperture&quot;:&quot;0&quot;,&quot;credit&quot;:&quot;&quot;,&quot;camera&quot;:&quot;&quot;,&quot;caption&quot;:&quot;&quot;,&quot;created_timestamp&quot;:&quot;0&quot;,&quot;copyright&quot;:&quot;&quot;,&quot;focal_length&quot;:&quot;0&quot;,&quot;iso&quot;:&quot;0&quot;,&quot;shutter_speed&quot;:&quot;0&quot;,&quot;title&quot;:&quot;&quot;,&quot;orientation&quot;:&quot;0&quot;}\" data-image-title=\"DSC09206\" data-image-description=\"\" data-medium-file=\"https:\/\/i0.wp.com\/unser-quartier.de\/stadt-bergheim\/files\/2017\/11\/DSC09206.jpg?fit=300%2C199&#038;ssl=1\" data-large-file=\"https:\/\/i0.wp.com\/unser-quartier.de\/stadt-bergheim\/files\/2017\/11\/DSC09206.jpg?fit=770%2C511&#038;ssl=1\" src=\"https:\/\/i0.wp.com\/unser-quartier.de\/stadt-bergheim\/files\/2017\/11\/DSC09206.jpg?w=188&#038;h=125&#038;ssl=1\" srcset=\"https:\/\/i0.wp.com\/unser-quartier.de\/stadt-bergheim\/files\/2017\/11\/DSC09206.jpg?w=1024&amp;ssl=1 1024w, https:\/\/i0.wp.com\/unser-quartier.de\/stadt-bergheim\/files\/2017\/11\/DSC09206.jpg?resize=150%2C100&amp;ssl=1 150w, https:\/\/i0.wp.com\/unser-quartier.de\/stadt-bergheim\/files\/2017\/11\/DSC09206.jpg?resize=300%2C199&amp;ssl=1 300w, https:\/\/i0.wp.com\/unser-quartier.de\/stadt-bergheim\/files\/2017\/11\/DSC09206.jpg?resize=768%2C510&amp;ssl=1 768w\" width=\"188\" height=\"125\" loading=\"lazy\" data-original-width=\"188\" data-original-height=\"125\" itemprop=\"http:\/\/schema.org\/image\" title=\"DSC09206\" alt=\"Renate K\u00f6nen + Margarete Junker\" style=\"width: 188px; height: 125px;\" \/> <\/a> <div class=\"tiled-gallery-caption\" itemprop=\"caption description\"> Renate K\u00f6nen + Margarete Junker <\/div> <\/div> <\/div> <!-- close group --> <div class=\"gallery-group images-1\" style=\"width: 192px; height: 129px;\" data-original-width=\"192\" data-original-height=\"129\" > <div class=\"tiled-gallery-item tiled-gallery-item-small\" itemprop=\"associatedMedia\" itemscope itemtype=\"http:\/\/schema.org\/ImageObject\"> <a href=\"https:\/\/unser-quartier.de\/stadt-bergheim\/2017\/11\/singen-und-schunkeln-geht-immer\/dsc09210\/\" border=\"0\" itemprop=\"url\"> <meta itemprop=\"width\" content=\"188\"> <meta itemprop=\"height\" content=\"125\"> <img decoding=\"async\" class=\"\" data-attachment-id=\"18759\" data-orig-file=\"https:\/\/unser-quartier.de\/stadt-bergheim\/files\/2017\/11\/DSC09210.jpg\" data-orig-size=\"1024,680\" data-comments-opened=\"\" data-image-meta=\"{&quot;aperture&quot;:&quot;0&quot;,&quot;credit&quot;:&quot;&quot;,&quot;camera&quot;:&quot;&quot;,&quot;caption&quot;:&quot;&quot;,&quot;created_timestamp&quot;:&quot;0&quot;,&quot;copyright&quot;:&quot;&quot;,&quot;focal_length&quot;:&quot;0&quot;,&quot;iso&quot;:&quot;0&quot;,&quot;shutter_speed&quot;:&quot;0&quot;,&quot;title&quot;:&quot;&quot;,&quot;orientation&quot;:&quot;0&quot;}\" data-image-title=\"DSC09210\" data-image-description=\"\" data-medium-file=\"https:\/\/i0.wp.com\/unser-quartier.de\/stadt-bergheim\/files\/2017\/11\/DSC09210.jpg?fit=300%2C199&#038;ssl=1\" data-large-file=\"https:\/\/i0.wp.com\/unser-quartier.de\/stadt-bergheim\/files\/2017\/11\/DSC09210.jpg?fit=770%2C511&#038;ssl=1\" src=\"https:\/\/i0.wp.com\/unser-quartier.de\/stadt-bergheim\/files\/2017\/11\/DSC09210.jpg?w=188&#038;h=125&#038;ssl=1\" srcset=\"https:\/\/i0.wp.com\/unser-quartier.de\/stadt-bergheim\/files\/2017\/11\/DSC09210.jpg?w=1024&amp;ssl=1 1024w, https:\/\/i0.wp.com\/unser-quartier.de\/stadt-bergheim\/files\/2017\/11\/DSC09210.jpg?resize=150%2C100&amp;ssl=1 150w, https:\/\/i0.wp.com\/unser-quartier.de\/stadt-bergheim\/files\/2017\/11\/DSC09210.jpg?resize=300%2C199&amp;ssl=1 300w, https:\/\/i0.wp.com\/unser-quartier.de\/stadt-bergheim\/files\/2017\/11\/DSC09210.jpg?resize=768%2C510&amp;ssl=1 768w\" width=\"188\" height=\"125\" loading=\"lazy\" data-original-width=\"188\" data-original-height=\"125\" itemprop=\"http:\/\/schema.org\/image\" title=\"DSC09210\" alt=\"Klatschmarsch, bitte!\" style=\"width: 188px; height: 125px;\" \/> <\/a> <div class=\"tiled-gallery-caption\" itemprop=\"caption description\"> Klatschmarsch, bitte! <\/div> <\/div> <\/div> <!-- close group --> <\/div> <!-- close row --> <\/div>\n<p>\u201eIch hatte heute Morgen schon Angst, dass ich gar nicht mitkommen k\u00f6nnte\u201c, sagte Liesel M\u00fcller, 75. Sie bekommt schlecht Luft durch ihren Beatmungsschlauch, aber Karneval nicht dabei zu sein, geht gar nicht. Fr\u00fcher habe die Ichendorferin auch schon immer \u201ewie verr\u00fcckt\u201c gefeiert und war Aschermittwoch immer ganz traurig, wenn es wieder vorbei war.\u00a0 Singen und Schunkeln geht einfach immer.<\/p>\n<p>Die 93j\u00e4hrige Lieselotte Gro\u00dfeberkenbusch ist erst seit einem Jahr in Bergheim, wo ihre Tochter wohnt. Sie kommt aus dem Ruhrgebiet, aber der Karnevalsvirus hat sie bereits infiziert. Auch wenn sie die k\u00f6lschen Texte nicht ganz versteht, die Melodien summt sie schon mit. Margarete Junker, 66, aus Sindorf sa\u00df ein Jahr im Rollstuhl und f\u00fchlt sich jetzt endlich wieder fit genug f\u00fcrs Feiern. Sitzend auf dem Rollator verfolgt sie die Reden auf der B\u00fchne. \u201eWenn ich das nicht mehr k\u00f6nnte, k\u00f6nnte ich mich ja gleich erschie\u00dfen\u201c, sagt sie.<\/p>\n<p>Demenz darf kein Tabu sein, dieser Grundgedanke steht hinter der Lokalen Allianz f\u00fcr Menschen mit Demenz in Bergheim. Vor drei Jahren hat sich das Netzwerk aus Partnern wie der Stadt Bergheim, dem Rhein-Erft-Kreis, Fachleuten aus der Seniorenarbeit, Institutionen, Vereinen und Ehrenamtlichen zusammengetan, um die Situation von Angeh\u00f6rigen und Betroffenen zu verbessern und vielf\u00e4ltige Hilfsangebote auf den Weg zu bringen. Demenz in die Mitte der Gesellschaft bringen ist das Ziel \u2013 auch beim Karneval, der viele sch\u00f6ne Erinnerungen an gute, alte Zeiten birgt.\u00a0 Klatschmarsch, bitte!<\/p>\n","protected":false},"excerpt":{"rendered":"<p><strong>Lokale Allianz bei der Sessionser\u00f6ffnung<\/strong><\/p>\n<p>Endlich is et widder so wigg: P\u00fcnktlich um 11.11 Uhr am 11.11. ist der Karneval in Bergheim angekommen. Zumindest \u00e4u\u00dferlich blieben die Jecken diesmal trocken, denn die Sessionser\u00f6ffnung ist dieses Jahr vom Hubert-Rheinfeld-Platz ins Festzelt ans Aachener Tor verlegt worden \u2013 \u201enicht die schlechteste Idee\u201c, befand B\u00fcrgermeister Volker Mie\u00dfeler. Die &hellip; <\/p>\n<p><a class=\"more-link btn\" href=\"https:\/\/unser-quartier.de\/stadt-bergheim\/2017\/11\/singen-und-schunkeln-geht-immer\/\">Weiterlesen<\/a><\/p>\n","protected":false},"author":133,"featured_media":0,"comment_status":"open","ping_status":"open","sticky":false,"template":"","format":"standard","meta":{"_bbp_topic_count":0,"_bbp_reply_count":0,"_bbp_total_topic_count":0,"_bbp_total_reply_count":0,"_bbp_voice_count":0,"_bbp_anonymous_reply_count":0,"_bbp_topic_count_hidden":0,"_bbp_reply_count_hidden":0,"_bbp_forum_subforum_count":0,"jetpack_post_was_ever_published":false,"_jetpack_newsletter_access":"","_jetpack_dont_email_post_to_subs":false,"_jetpack_newsletter_tier_id":0,"_jetpack_memberships_contains_paywalled_content":false,"_jetpack_memberships_contains_paid_content":false,"footnotes":""},"categories":[65],"tags":[],"class_list":["post-18736","post","type-post","status-publish","format-standard","hentry","category-demenz","item-wrap"],"jetpack_sharing_enabled":true,"jetpack_featured_media_url":"","jetpack_shortlink":"https:\/\/wp.me\/p3vhfJ-4Sc","jetpack_likes_enabled":true,"_links":{"self":[{"href":"https:\/\/unser-quartier.de\/stadt-bergheim\/wp-json\/wp\/v2\/posts\/18736","targetHints":{"allow":["GET"]}}],"collection":[{"href":"https:\/\/unser-quartier.de\/stadt-bergheim\/wp-json\/wp\/v2\/posts"}],"about":[{"href":"https:\/\/unser-quartier.de\/stadt-bergheim\/wp-json\/wp\/v2\/types\/post"}],"author":[{"embeddable":true,"href":"https:\/\/unser-quartier.de\/stadt-bergheim\/wp-json\/wp\/v2\/users\/133"}],"replies":[{"embeddable":true,"href":"https:\/\/unser-quartier.de\/stadt-bergheim\/wp-json\/wp\/v2\/comments?post=18736"}],"version-history":[{"count":0,"href":"https:\/\/unser-quartier.de\/stadt-bergheim\/wp-json\/wp\/v2\/posts\/18736\/revisions"}],"wp:attachment":[{"href":"https:\/\/unser-quartier.de\/stadt-bergheim\/wp-json\/wp\/v2\/media?parent=18736"}],"wp:term":[{"taxonomy":"category","embeddable":true,"href":"https:\/\/unser-quartier.de\/stadt-bergheim\/wp-json\/wp\/v2\/categories?post=18736"},{"taxonomy":"post_tag","embeddable":true,"href":"https:\/\/unser-quartier.de\/stadt-bergheim\/wp-json\/wp\/v2\/tags?post=18736"}],"curies":[{"name":"wp","href":"https:\/\/api.w.org\/{rel}","templated":true}]}}