{"id":18868,"date":"2017-11-16T00:01:30","date_gmt":"2017-11-15T23:01:30","guid":{"rendered":"https:\/\/unser-quartier.de\/stadt-bergheim\/?p=18868"},"modified":"2017-11-15T13:41:02","modified_gmt":"2017-11-15T12:41:02","slug":"es-gibt-immer-zwei-seiten","status":"publish","type":"post","link":"https:\/\/unser-quartier.de\/stadt-bergheim\/2017\/11\/es-gibt-immer-zwei-seiten\/","title":{"rendered":"Es gibt immer zwei Seiten &#8230;"},"content":{"rendered":"<p><span style=\"font-size: 20px\"><a href=\"https:\/\/unser-quartier.de\/stadt-bergheim\/?attachment_id=18869\" rel=\"attachment wp-att-18869\"><img data-recalc-dims=\"1\" loading=\"lazy\" decoding=\"async\" data-attachment-id=\"18869\" data-permalink=\"https:\/\/unser-quartier.de\/stadt-bergheim\/2017\/11\/es-gibt-immer-zwei-seiten\/caf5d830-de90-4dde-9fa5-d7cc7980b77e\/\" data-orig-file=\"https:\/\/i0.wp.com\/unser-quartier.de\/stadt-bergheim\/files\/2017\/11\/CAF5D830-DE90-4DDE-9FA5-D7CC7980B77E.jpeg?fit=513%2C340&amp;ssl=1\" data-orig-size=\"513,340\" data-comments-opened=\"0\" data-image-meta=\"{&quot;aperture&quot;:&quot;0&quot;,&quot;credit&quot;:&quot;&quot;,&quot;camera&quot;:&quot;&quot;,&quot;caption&quot;:&quot;&quot;,&quot;created_timestamp&quot;:&quot;0&quot;,&quot;copyright&quot;:&quot;&quot;,&quot;focal_length&quot;:&quot;0&quot;,&quot;iso&quot;:&quot;0&quot;,&quot;shutter_speed&quot;:&quot;0&quot;,&quot;title&quot;:&quot;&quot;,&quot;orientation&quot;:&quot;0&quot;}\" data-image-title=\"CAF5D830-DE90-4DDE-9FA5-D7CC7980B77E\" data-image-description=\"\" data-image-caption=\"\" data-medium-file=\"https:\/\/i0.wp.com\/unser-quartier.de\/stadt-bergheim\/files\/2017\/11\/CAF5D830-DE90-4DDE-9FA5-D7CC7980B77E.jpeg?fit=300%2C199&amp;ssl=1\" data-large-file=\"https:\/\/i0.wp.com\/unser-quartier.de\/stadt-bergheim\/files\/2017\/11\/CAF5D830-DE90-4DDE-9FA5-D7CC7980B77E.jpeg?fit=513%2C340&amp;ssl=1\" class=\"alignnone size-full wp-image-18869\" src=\"https:\/\/i0.wp.com\/unser-quartier.de\/stadt-bergheim\/files\/2017\/11\/CAF5D830-DE90-4DDE-9FA5-D7CC7980B77E.jpeg?resize=513%2C340&#038;ssl=1\" alt=\"\" width=\"513\" height=\"340\" srcset=\"https:\/\/i0.wp.com\/unser-quartier.de\/stadt-bergheim\/files\/2017\/11\/CAF5D830-DE90-4DDE-9FA5-D7CC7980B77E.jpeg?w=513&amp;ssl=1 513w, https:\/\/i0.wp.com\/unser-quartier.de\/stadt-bergheim\/files\/2017\/11\/CAF5D830-DE90-4DDE-9FA5-D7CC7980B77E.jpeg?resize=150%2C99&amp;ssl=1 150w, https:\/\/i0.wp.com\/unser-quartier.de\/stadt-bergheim\/files\/2017\/11\/CAF5D830-DE90-4DDE-9FA5-D7CC7980B77E.jpeg?resize=300%2C199&amp;ssl=1 300w\" sizes=\"auto, (max-width: 513px) 100vw, 513px\" \/><\/a><\/span><\/p>\n<p>LICHT UND SCHATTEN<br \/>\n.<br \/>\nEs ist modern geworden sich selbst in Szene zu setzen. Bei Facebook und anderen sozialen Netzwerken pr\u00e4sentieren sich die Leute von ihrer besten Seite. Sie schreiben in erster Linie \u00fcber den guten Teil ihres Lebens, \u00fcber tolle Erlebnisse und besondere Erfolge.<br \/>\n.<br \/>\nSo hatte ich schon manchmal den Eindruck, alle um mich herum sind toll&#8230; haben ihr Leben optimiert. Und wenn ich dann mein ganz normales Leben damit vergleiche, komme ich mir manchmal wie ein kleines W\u00fcrstchen vor.<br \/>\n.<br \/>\nBeim Nachdenken dar\u00fcber ist mir aufgegangen: In jedem Leben gibt es Licht und Schatten. Ich finde Menschen gut, die den Mut haben, Probleme zuzugeben, die zu ihren Schw\u00e4chen stehen und die sich verletzlich zeigen.\u00a0Das sind die wahren Helden des Alltags.<br \/>\n.<br \/>\nvon Helga-Agnes Cubitzki<\/p>\n<p>&nbsp;<\/p>\n","protected":false},"excerpt":{"rendered":"<\/p>\n<p>LICHT UND SCHATTEN . Es ist modern geworden sich selbst in Szene zu setzen. Bei Facebook und anderen sozialen Netzwerken pr\u00e4sentieren sich die Leute von ihrer besten Seite. Sie schreiben in erster Linie \u00fcber den guten Teil ihres Lebens, \u00fcber tolle Erlebnisse und besondere Erfolge. . So hatte ich schon manchmal den Eindruck, alle &hellip; <\/p>\n<p><a class=\"more-link btn\" href=\"https:\/\/unser-quartier.de\/stadt-bergheim\/2017\/11\/es-gibt-immer-zwei-seiten\/\">Weiterlesen<\/a><\/p>\n","protected":false},"author":48,"featured_media":0,"comment_status":"open","ping_status":"open","sticky":false,"template":"","format":"standard","meta":{"_bbp_topic_count":0,"_bbp_reply_count":0,"_bbp_total_topic_count":0,"_bbp_total_reply_count":0,"_bbp_voice_count":0,"_bbp_anonymous_reply_count":0,"_bbp_topic_count_hidden":0,"_bbp_reply_count_hidden":0,"_bbp_forum_subforum_count":0,"jetpack_post_was_ever_published":false,"_jetpack_newsletter_access":"","_jetpack_dont_email_post_to_subs":false,"_jetpack_newsletter_tier_id":0,"_jetpack_memberships_contains_paywalled_content":false,"_jetpack_memberships_contains_paid_content":false,"footnotes":""},"categories":[1,75,72],"tags":[],"class_list":["post-18868","post","type-post","status-publish","format-standard","hentry","category-allgemein","category-buntes-brett","category-tipps","item-wrap"],"jetpack_sharing_enabled":true,"jetpack_featured_media_url":"","jetpack_shortlink":"https:\/\/wp.me\/p3vhfJ-4Uk","jetpack_likes_enabled":true,"_links":{"self":[{"href":"https:\/\/unser-quartier.de\/stadt-bergheim\/wp-json\/wp\/v2\/posts\/18868","targetHints":{"allow":["GET"]}}],"collection":[{"href":"https:\/\/unser-quartier.de\/stadt-bergheim\/wp-json\/wp\/v2\/posts"}],"about":[{"href":"https:\/\/unser-quartier.de\/stadt-bergheim\/wp-json\/wp\/v2\/types\/post"}],"author":[{"embeddable":true,"href":"https:\/\/unser-quartier.de\/stadt-bergheim\/wp-json\/wp\/v2\/users\/48"}],"replies":[{"embeddable":true,"href":"https:\/\/unser-quartier.de\/stadt-bergheim\/wp-json\/wp\/v2\/comments?post=18868"}],"version-history":[{"count":0,"href":"https:\/\/unser-quartier.de\/stadt-bergheim\/wp-json\/wp\/v2\/posts\/18868\/revisions"}],"wp:attachment":[{"href":"https:\/\/unser-quartier.de\/stadt-bergheim\/wp-json\/wp\/v2\/media?parent=18868"}],"wp:term":[{"taxonomy":"category","embeddable":true,"href":"https:\/\/unser-quartier.de\/stadt-bergheim\/wp-json\/wp\/v2\/categories?post=18868"},{"taxonomy":"post_tag","embeddable":true,"href":"https:\/\/unser-quartier.de\/stadt-bergheim\/wp-json\/wp\/v2\/tags?post=18868"}],"curies":[{"name":"wp","href":"https:\/\/api.w.org\/{rel}","templated":true}]}}