{"id":18899,"date":"2017-11-17T14:51:10","date_gmt":"2017-11-17T13:51:10","guid":{"rendered":"https:\/\/unser-quartier.de\/stadt-bergheim\/?p=18899"},"modified":"2017-11-17T14:51:12","modified_gmt":"2017-11-17T13:51:12","slug":"kochtipp-wurzelgemuese","status":"publish","type":"post","link":"https:\/\/unser-quartier.de\/stadt-bergheim\/2017\/11\/kochtipp-wurzelgemuese\/","title":{"rendered":"Kochtipp: Wurzelgem\u00fcse &#8230;"},"content":{"rendered":"<p><span style=\"font-size: 20px\">WURZELGM\u00dcSE PASST GUT ZU FEUCHT-KALTEM WETTER<br \/>\n.<\/span><\/p>\n<p><span style=\"font-size: 20px\"><a href=\"https:\/\/unser-quartier.de\/stadt-bergheim\/2017\/11\/kochtipp-wurzelgemuese\/8baedc58-36d0-45fd-a553-984de5ebeb18\/\" rel=\"attachment wp-att-18900\"><img data-recalc-dims=\"1\" loading=\"lazy\" decoding=\"async\" data-attachment-id=\"18900\" data-permalink=\"https:\/\/unser-quartier.de\/stadt-bergheim\/2017\/11\/kochtipp-wurzelgemuese\/8baedc58-36d0-45fd-a553-984de5ebeb18\/\" data-orig-file=\"https:\/\/i0.wp.com\/unser-quartier.de\/stadt-bergheim\/files\/2017\/11\/8BAEDC58-36D0-45FD-A553-984DE5EBEB18.jpg?fit=593%2C340&amp;ssl=1\" data-orig-size=\"593,340\" data-comments-opened=\"0\" data-image-meta=\"{&quot;aperture&quot;:&quot;0&quot;,&quot;credit&quot;:&quot;&quot;,&quot;camera&quot;:&quot;&quot;,&quot;caption&quot;:&quot;&quot;,&quot;created_timestamp&quot;:&quot;0&quot;,&quot;copyright&quot;:&quot;&quot;,&quot;focal_length&quot;:&quot;0&quot;,&quot;iso&quot;:&quot;0&quot;,&quot;shutter_speed&quot;:&quot;0&quot;,&quot;title&quot;:&quot;&quot;,&quot;orientation&quot;:&quot;0&quot;}\" data-image-title=\"8BAEDC58-36D0-45FD-A553-984DE5EBEB18\" data-image-description=\"\" data-image-caption=\"\" data-medium-file=\"https:\/\/i0.wp.com\/unser-quartier.de\/stadt-bergheim\/files\/2017\/11\/8BAEDC58-36D0-45FD-A553-984DE5EBEB18.jpg?fit=300%2C172&amp;ssl=1\" data-large-file=\"https:\/\/i0.wp.com\/unser-quartier.de\/stadt-bergheim\/files\/2017\/11\/8BAEDC58-36D0-45FD-A553-984DE5EBEB18.jpg?fit=593%2C340&amp;ssl=1\" class=\"alignnone size-full wp-image-18900\" src=\"https:\/\/i0.wp.com\/unser-quartier.de\/stadt-bergheim\/files\/2017\/11\/8BAEDC58-36D0-45FD-A553-984DE5EBEB18.jpg?resize=593%2C340&#038;ssl=1\" alt=\"\" width=\"593\" height=\"340\" srcset=\"https:\/\/i0.wp.com\/unser-quartier.de\/stadt-bergheim\/files\/2017\/11\/8BAEDC58-36D0-45FD-A553-984DE5EBEB18.jpg?w=593&amp;ssl=1 593w, https:\/\/i0.wp.com\/unser-quartier.de\/stadt-bergheim\/files\/2017\/11\/8BAEDC58-36D0-45FD-A553-984DE5EBEB18.jpg?resize=150%2C86&amp;ssl=1 150w, https:\/\/i0.wp.com\/unser-quartier.de\/stadt-bergheim\/files\/2017\/11\/8BAEDC58-36D0-45FD-A553-984DE5EBEB18.jpg?resize=300%2C172&amp;ssl=1 300w\" sizes=\"auto, (max-width: 593px) 100vw, 593px\" \/><\/a><br \/>\n<\/span><\/p>\n<p><span style=\"font-size: 20px\">Karotten, gelbe R\u00fcben, Sellerie, Pastinaken in Stifte schneiden.<br \/>\nAuf ein Backblech legen und mit Oliven\u00f6l, gemahlenem Koriander, Kr\u00e4utern der Provence und Salz bestreuen.\u00a0Dann 40 Minuten bei 180 Grad im Backofen garen&#8230; die letzten 20 Min. Mandelbl\u00e4ttchen dar\u00fcber streuen.<br \/>\n.<br \/>\nW\u00e4rmt sch\u00f6n von innen und schmeckt gut.<\/span><\/p>\n<p>&nbsp;<\/p>\n","protected":false},"excerpt":{"rendered":"<p>WURZELGM\u00dcSE PASST GUT ZU FEUCHT-KALTEM WETTER .<\/p>\n<\/p>\n<p>Karotten, gelbe R\u00fcben, Sellerie, Pastinaken in Stifte schneiden. Auf ein Backblech legen und mit Oliven\u00f6l, gemahlenem Koriander, Kr\u00e4utern der Provence und Salz bestreuen.\u00a0Dann 40 Minuten bei 180 Grad im Backofen garen&#8230; die letzten 20 Min. Mandelbl\u00e4ttchen dar\u00fcber streuen. . W\u00e4rmt sch\u00f6n von innen und schmeckt gut.<\/p>\n<p> &hellip; <\/p>\n<p><a class=\"more-link btn\" href=\"https:\/\/unser-quartier.de\/stadt-bergheim\/2017\/11\/kochtipp-wurzelgemuese\/\">Weiterlesen<\/a><\/p>\n","protected":false},"author":48,"featured_media":0,"comment_status":"open","ping_status":"open","sticky":false,"template":"","format":"standard","meta":{"_bbp_topic_count":0,"_bbp_reply_count":0,"_bbp_total_topic_count":0,"_bbp_total_reply_count":0,"_bbp_voice_count":0,"_bbp_anonymous_reply_count":0,"_bbp_topic_count_hidden":0,"_bbp_reply_count_hidden":0,"_bbp_forum_subforum_count":0,"jetpack_post_was_ever_published":false,"_jetpack_newsletter_access":"","_jetpack_dont_email_post_to_subs":false,"_jetpack_newsletter_tier_id":0,"_jetpack_memberships_contains_paywalled_content":false,"_jetpack_memberships_contains_paid_content":false,"footnotes":""},"categories":[1,75,66,72],"tags":[],"class_list":["post-18899","post","type-post","status-publish","format-standard","hentry","category-allgemein","category-buntes-brett","category-gesundheit","category-tipps","item-wrap"],"jetpack_sharing_enabled":true,"jetpack_featured_media_url":"","jetpack_shortlink":"https:\/\/wp.me\/p3vhfJ-4UP","jetpack_likes_enabled":true,"_links":{"self":[{"href":"https:\/\/unser-quartier.de\/stadt-bergheim\/wp-json\/wp\/v2\/posts\/18899","targetHints":{"allow":["GET"]}}],"collection":[{"href":"https:\/\/unser-quartier.de\/stadt-bergheim\/wp-json\/wp\/v2\/posts"}],"about":[{"href":"https:\/\/unser-quartier.de\/stadt-bergheim\/wp-json\/wp\/v2\/types\/post"}],"author":[{"embeddable":true,"href":"https:\/\/unser-quartier.de\/stadt-bergheim\/wp-json\/wp\/v2\/users\/48"}],"replies":[{"embeddable":true,"href":"https:\/\/unser-quartier.de\/stadt-bergheim\/wp-json\/wp\/v2\/comments?post=18899"}],"version-history":[{"count":0,"href":"https:\/\/unser-quartier.de\/stadt-bergheim\/wp-json\/wp\/v2\/posts\/18899\/revisions"}],"wp:attachment":[{"href":"https:\/\/unser-quartier.de\/stadt-bergheim\/wp-json\/wp\/v2\/media?parent=18899"}],"wp:term":[{"taxonomy":"category","embeddable":true,"href":"https:\/\/unser-quartier.de\/stadt-bergheim\/wp-json\/wp\/v2\/categories?post=18899"},{"taxonomy":"post_tag","embeddable":true,"href":"https:\/\/unser-quartier.de\/stadt-bergheim\/wp-json\/wp\/v2\/tags?post=18899"}],"curies":[{"name":"wp","href":"https:\/\/api.w.org\/{rel}","templated":true}]}}