{"id":18976,"date":"2017-11-21T09:50:38","date_gmt":"2017-11-21T08:50:38","guid":{"rendered":"https:\/\/unser-quartier.de\/stadt-bergheim\/?p=18976"},"modified":"2017-11-21T09:50:38","modified_gmt":"2017-11-21T08:50:38","slug":"glessener-advent","status":"publish","type":"post","link":"https:\/\/unser-quartier.de\/stadt-bergheim\/2017\/11\/glessener-advent\/","title":{"rendered":"Glessener Advent"},"content":{"rendered":"<p><img data-recalc-dims=\"1\" loading=\"lazy\" decoding=\"async\" data-attachment-id=\"18978\" data-permalink=\"https:\/\/unser-quartier.de\/stadt-bergheim\/2017\/11\/glessener-advent\/image001-2\/\" data-orig-file=\"https:\/\/i0.wp.com\/unser-quartier.de\/stadt-bergheim\/files\/2017\/11\/image001.jpg?fit=400%2C267&amp;ssl=1\" data-orig-size=\"400,267\" data-comments-opened=\"0\" data-image-meta=\"{&quot;aperture&quot;:&quot;0&quot;,&quot;credit&quot;:&quot;&quot;,&quot;camera&quot;:&quot;&quot;,&quot;caption&quot;:&quot;&quot;,&quot;created_timestamp&quot;:&quot;0&quot;,&quot;copyright&quot;:&quot;&quot;,&quot;focal_length&quot;:&quot;0&quot;,&quot;iso&quot;:&quot;0&quot;,&quot;shutter_speed&quot;:&quot;0&quot;,&quot;title&quot;:&quot;&quot;,&quot;orientation&quot;:&quot;0&quot;}\" data-image-title=\"image001\" data-image-description=\"\" data-image-caption=\"\" data-medium-file=\"https:\/\/i0.wp.com\/unser-quartier.de\/stadt-bergheim\/files\/2017\/11\/image001.jpg?fit=300%2C200&amp;ssl=1\" data-large-file=\"https:\/\/i0.wp.com\/unser-quartier.de\/stadt-bergheim\/files\/2017\/11\/image001.jpg?fit=400%2C267&amp;ssl=1\" class=\"alignleft wp-image-18978 \" src=\"https:\/\/i0.wp.com\/unser-quartier.de\/stadt-bergheim\/files\/2017\/11\/image001.jpg?resize=187%2C124&#038;ssl=1\" alt=\"\" width=\"187\" height=\"124\" srcset=\"https:\/\/i0.wp.com\/unser-quartier.de\/stadt-bergheim\/files\/2017\/11\/image001.jpg?resize=300%2C200&amp;ssl=1 300w, https:\/\/i0.wp.com\/unser-quartier.de\/stadt-bergheim\/files\/2017\/11\/image001.jpg?resize=150%2C100&amp;ssl=1 150w, https:\/\/i0.wp.com\/unser-quartier.de\/stadt-bergheim\/files\/2017\/11\/image001.jpg?w=400&amp;ssl=1 400w\" sizes=\"auto, (max-width: 187px) 100vw, 187px\" \/>Auch 2017 machen Glessener Familien, Gesch\u00e4ftsleute und Institutionen die Vorweihnachtszeit zu einem besonderen Erlebnis f\u00fcr jung und alt.<\/p>\n<p>Im November und Dezember finden Adventsausstellungen, Basare und Konzerte statt, die uns auf Weihnachten einstimmen.\u00a0 Ein Highlight ist sicherlich der Weihnachtsmarkt &#8220;F\u00fcr uns P\u00e4nz&#8221; auf dem Dorfplatz am Samstag, 2. Dezember, von 14-22 Uhr. F\u00fcr einen guten Zweck ist auch der Missionsbasar im Katholischen Pfarrheim, Pfarrer-Tirtey-Stra\u00dfe, am Samstag, 25. November, 12-17 Uhr.<\/p>\n<p>Speziell an die Glessener Senioren richten sich die Adventsfeiern am Samstag, 9. Dezember, im Katholischen und im Evangelischen Pfarrheim. Das AWO-Kinder- und Jugendzentrum Checkpoint Am Wierichskamp 5a l\u00e4dt wieder zum Nikolauskaffee ein (Dienstag, 5. Dezember, 15 Uhr).<\/p>\n<p>Musikalisch auf das Fest stimmen uns die Konzerte des Kirchenchors &#8220;Musik in St. Pankratius&#8221; (3.12., 17 Uhr) und die &#8220;K\u00f6lsche Weihnacht&#8221; des M\u00e4nner-Gesangvereins ein (10.12., 17 Uhr). Weihnachten kann man sich in Glessen aber auch auf Schusters Rappen n\u00e4hern &#8211; bei der traditionellen Christstollenwanderung des Eifelvereins am Sonntag, 3.12. Treffpunkt ist um 10 Uhr am Feuerwehrger\u00e4tehaus (An der Broicheiche).<\/p>\n<p><strong>Der Glessener Advents-Fenster-Kalender<\/strong><\/p>\n<p>Seit vielen Jahren ist auch der Advents-Fenster-Kalender eine feste Institution. An (fast) allen Tagen vom 1. bis zum 23.12. \u00f6ffnet jemand ein geschm\u00fccktes Fenster und l\u00e4dt zu Gespr\u00e4chen und Umtrunk ein.<\/p>\n<p><strong>Alle Termine zum Download:<\/strong><\/p>\n<p><a href=\"https:\/\/unser-quartier.de\/stadt-bergheim\/files\/2017\/11\/glessener_advent_2017.pdf\">glessener_advent_2017<\/a><\/p>\n","protected":false},"excerpt":{"rendered":"<p>Auch 2017 machen Glessener Familien, Gesch\u00e4ftsleute und Institutionen die Vorweihnachtszeit zu einem besonderen Erlebnis f\u00fcr jung und alt.<\/p>\n<p>Im November und Dezember finden Adventsausstellungen, Basare und Konzerte statt, die uns auf Weihnachten einstimmen.\u00a0 Ein Highlight ist sicherlich der Weihnachtsmarkt &#8220;F\u00fcr uns P\u00e4nz&#8221; auf dem Dorfplatz am Samstag, 2. Dezember, von 14-22 Uhr. F\u00fcr einen guten &hellip; <\/p>\n<p><a class=\"more-link btn\" href=\"https:\/\/unser-quartier.de\/stadt-bergheim\/2017\/11\/glessener-advent\/\">Weiterlesen<\/a><\/p>\n","protected":false},"author":133,"featured_media":0,"comment_status":"open","ping_status":"open","sticky":false,"template":"","format":"standard","meta":{"_bbp_topic_count":0,"_bbp_reply_count":0,"_bbp_total_topic_count":0,"_bbp_total_reply_count":0,"_bbp_voice_count":0,"_bbp_anonymous_reply_count":0,"_bbp_topic_count_hidden":0,"_bbp_reply_count_hidden":0,"_bbp_forum_subforum_count":0,"jetpack_post_was_ever_published":false,"_jetpack_newsletter_access":"","_jetpack_dont_email_post_to_subs":false,"_jetpack_newsletter_tier_id":0,"_jetpack_memberships_contains_paywalled_content":false,"_jetpack_memberships_contains_paid_content":false,"footnotes":""},"categories":[71],"tags":[],"class_list":["post-18976","post","type-post","status-publish","format-standard","hentry","category-freizeit","item-wrap"],"jetpack_sharing_enabled":true,"jetpack_featured_media_url":"","jetpack_shortlink":"https:\/\/wp.me\/p3vhfJ-4W4","jetpack_likes_enabled":true,"_links":{"self":[{"href":"https:\/\/unser-quartier.de\/stadt-bergheim\/wp-json\/wp\/v2\/posts\/18976","targetHints":{"allow":["GET"]}}],"collection":[{"href":"https:\/\/unser-quartier.de\/stadt-bergheim\/wp-json\/wp\/v2\/posts"}],"about":[{"href":"https:\/\/unser-quartier.de\/stadt-bergheim\/wp-json\/wp\/v2\/types\/post"}],"author":[{"embeddable":true,"href":"https:\/\/unser-quartier.de\/stadt-bergheim\/wp-json\/wp\/v2\/users\/133"}],"replies":[{"embeddable":true,"href":"https:\/\/unser-quartier.de\/stadt-bergheim\/wp-json\/wp\/v2\/comments?post=18976"}],"version-history":[{"count":0,"href":"https:\/\/unser-quartier.de\/stadt-bergheim\/wp-json\/wp\/v2\/posts\/18976\/revisions"}],"wp:attachment":[{"href":"https:\/\/unser-quartier.de\/stadt-bergheim\/wp-json\/wp\/v2\/media?parent=18976"}],"wp:term":[{"taxonomy":"category","embeddable":true,"href":"https:\/\/unser-quartier.de\/stadt-bergheim\/wp-json\/wp\/v2\/categories?post=18976"},{"taxonomy":"post_tag","embeddable":true,"href":"https:\/\/unser-quartier.de\/stadt-bergheim\/wp-json\/wp\/v2\/tags?post=18976"}],"curies":[{"name":"wp","href":"https:\/\/api.w.org\/{rel}","templated":true}]}}