{"id":19007,"date":"2017-11-22T00:01:48","date_gmt":"2017-11-21T23:01:48","guid":{"rendered":"https:\/\/unser-quartier.de\/stadt-bergheim\/?p=19007"},"modified":"2017-11-21T20:33:42","modified_gmt":"2017-11-21T19:33:42","slug":"feigen-versuessen-uns-den-herbst","status":"publish","type":"post","link":"https:\/\/unser-quartier.de\/stadt-bergheim\/2017\/11\/feigen-versuessen-uns-den-herbst\/","title":{"rendered":"FEIGEN VERS\u00dcSSEN UNS DEN HERBST"},"content":{"rendered":"<p><span style=\"font-size: 20px\"><strong>Brot mit Ziegenk\u00e4se und Feigen<\/strong><br \/>\n.<br \/>\n<strong>Zutaten<\/strong><br \/>\n2 Scheiben Roggenmischbrot<br \/>\n4 TL Ziegenfrischk\u00e4se<br \/>\n1 frische Feige<br \/>\n1 TL Honig<br \/>\n10 g Waln\u00fcsse<br \/>\n.<br \/>\n<strong>Zubereitung<\/strong><br \/>\nBackofen vorheizen auf 200 Grad.<br \/>\nBrotscheinem vorher toasten,<br \/>\ndann mit Ziegenfrischk\u00e4se bestreichen.<br \/>\nFeige in Scheiben schneiden und die Stullen damit belegen.<br \/>\nEin wenig Honig dar\u00fcber und gehackte Waln\u00fcsse.<br \/>\n10 Minuten im Backofen \u00fcberbacken.<br \/>\n.<br \/>\n<strong>So einfach und so lecker!<\/strong><\/span><\/p>\n<p><a href=\"https:\/\/unser-quartier.de\/stadt-bergheim\/?attachment_id=19009\" rel=\"attachment wp-att-19009\"><img data-recalc-dims=\"1\" loading=\"lazy\" decoding=\"async\" data-attachment-id=\"19009\" data-permalink=\"https:\/\/unser-quartier.de\/stadt-bergheim\/2017\/11\/feigen-versuessen-uns-den-herbst\/83aa2d28-4369-4355-9f83-f540e8618f3d\/\" data-orig-file=\"https:\/\/i0.wp.com\/unser-quartier.de\/stadt-bergheim\/files\/2017\/11\/83AA2D28-4369-4355-9F83-F540E8618F3D.jpeg?fit=524%2C340&amp;ssl=1\" data-orig-size=\"524,340\" data-comments-opened=\"0\" data-image-meta=\"{&quot;aperture&quot;:&quot;4&quot;,&quot;credit&quot;:&quot;&quot;,&quot;camera&quot;:&quot;X-T10&quot;,&quot;caption&quot;:&quot;&quot;,&quot;created_timestamp&quot;:&quot;0&quot;,&quot;copyright&quot;:&quot;&quot;,&quot;focal_length&quot;:&quot;35&quot;,&quot;iso&quot;:&quot;1250&quot;,&quot;shutter_speed&quot;:&quot;0.00025&quot;,&quot;title&quot;:&quot;&quot;,&quot;orientation&quot;:&quot;0&quot;}\" data-image-title=\"83AA2D28-4369-4355-9F83-F540E8618F3D\" data-image-description=\"\" data-image-caption=\"\" data-medium-file=\"https:\/\/i0.wp.com\/unser-quartier.de\/stadt-bergheim\/files\/2017\/11\/83AA2D28-4369-4355-9F83-F540E8618F3D.jpeg?fit=300%2C195&amp;ssl=1\" data-large-file=\"https:\/\/i0.wp.com\/unser-quartier.de\/stadt-bergheim\/files\/2017\/11\/83AA2D28-4369-4355-9F83-F540E8618F3D.jpeg?fit=524%2C340&amp;ssl=1\" class=\"alignnone size-full wp-image-19009\" src=\"https:\/\/i0.wp.com\/unser-quartier.de\/stadt-bergheim\/files\/2017\/11\/83AA2D28-4369-4355-9F83-F540E8618F3D.jpeg?resize=524%2C340&#038;ssl=1\" alt=\"\" width=\"524\" height=\"340\" srcset=\"https:\/\/i0.wp.com\/unser-quartier.de\/stadt-bergheim\/files\/2017\/11\/83AA2D28-4369-4355-9F83-F540E8618F3D.jpeg?w=524&amp;ssl=1 524w, https:\/\/i0.wp.com\/unser-quartier.de\/stadt-bergheim\/files\/2017\/11\/83AA2D28-4369-4355-9F83-F540E8618F3D.jpeg?resize=150%2C97&amp;ssl=1 150w, https:\/\/i0.wp.com\/unser-quartier.de\/stadt-bergheim\/files\/2017\/11\/83AA2D28-4369-4355-9F83-F540E8618F3D.jpeg?resize=300%2C195&amp;ssl=1 300w\" sizes=\"auto, (max-width: 524px) 100vw, 524px\" \/><\/a><\/p>\n","protected":false},"excerpt":{"rendered":"<p><strong>Brot mit Ziegenk\u00e4se und Feigen<\/strong> . <strong>Zutaten<\/strong> 2 Scheiben Roggenmischbrot 4 TL Ziegenfrischk\u00e4se 1 frische Feige 1 TL Honig 10 g Waln\u00fcsse . <strong>Zubereitung<\/strong> Backofen vorheizen auf 200 Grad. Brotscheinem vorher toasten, dann mit Ziegenfrischk\u00e4se bestreichen. Feige in Scheiben schneiden und die Stullen damit belegen. Ein wenig Honig dar\u00fcber und gehackte Waln\u00fcsse. 10 Minuten im &hellip; <\/p>\n<p><a class=\"more-link btn\" href=\"https:\/\/unser-quartier.de\/stadt-bergheim\/2017\/11\/feigen-versuessen-uns-den-herbst\/\">Weiterlesen<\/a><\/p>\n","protected":false},"author":48,"featured_media":0,"comment_status":"open","ping_status":"open","sticky":false,"template":"","format":"standard","meta":{"_bbp_topic_count":0,"_bbp_reply_count":0,"_bbp_total_topic_count":0,"_bbp_total_reply_count":0,"_bbp_voice_count":0,"_bbp_anonymous_reply_count":0,"_bbp_topic_count_hidden":0,"_bbp_reply_count_hidden":0,"_bbp_forum_subforum_count":0,"jetpack_post_was_ever_published":false,"_jetpack_newsletter_access":"","_jetpack_dont_email_post_to_subs":false,"_jetpack_newsletter_tier_id":0,"_jetpack_memberships_contains_paywalled_content":false,"_jetpack_memberships_contains_paid_content":false,"footnotes":""},"categories":[1,75,66],"tags":[],"class_list":["post-19007","post","type-post","status-publish","format-standard","hentry","category-allgemein","category-buntes-brett","category-gesundheit","item-wrap"],"jetpack_sharing_enabled":true,"jetpack_featured_media_url":"","jetpack_shortlink":"https:\/\/wp.me\/p3vhfJ-4Wz","jetpack_likes_enabled":true,"_links":{"self":[{"href":"https:\/\/unser-quartier.de\/stadt-bergheim\/wp-json\/wp\/v2\/posts\/19007","targetHints":{"allow":["GET"]}}],"collection":[{"href":"https:\/\/unser-quartier.de\/stadt-bergheim\/wp-json\/wp\/v2\/posts"}],"about":[{"href":"https:\/\/unser-quartier.de\/stadt-bergheim\/wp-json\/wp\/v2\/types\/post"}],"author":[{"embeddable":true,"href":"https:\/\/unser-quartier.de\/stadt-bergheim\/wp-json\/wp\/v2\/users\/48"}],"replies":[{"embeddable":true,"href":"https:\/\/unser-quartier.de\/stadt-bergheim\/wp-json\/wp\/v2\/comments?post=19007"}],"version-history":[{"count":0,"href":"https:\/\/unser-quartier.de\/stadt-bergheim\/wp-json\/wp\/v2\/posts\/19007\/revisions"}],"wp:attachment":[{"href":"https:\/\/unser-quartier.de\/stadt-bergheim\/wp-json\/wp\/v2\/media?parent=19007"}],"wp:term":[{"taxonomy":"category","embeddable":true,"href":"https:\/\/unser-quartier.de\/stadt-bergheim\/wp-json\/wp\/v2\/categories?post=19007"},{"taxonomy":"post_tag","embeddable":true,"href":"https:\/\/unser-quartier.de\/stadt-bergheim\/wp-json\/wp\/v2\/tags?post=19007"}],"curies":[{"name":"wp","href":"https:\/\/api.w.org\/{rel}","templated":true}]}}