{"id":19113,"date":"2017-11-27T15:20:33","date_gmt":"2017-11-27T14:20:33","guid":{"rendered":"https:\/\/unser-quartier.de\/stadt-bergheim\/?p=19113"},"modified":"2017-11-27T15:21:08","modified_gmt":"2017-11-27T14:21:08","slug":"bauprojekt-vor-bahnhof-bergheim","status":"publish","type":"post","link":"https:\/\/unser-quartier.de\/stadt-bergheim\/2017\/11\/bauprojekt-vor-bahnhof-bergheim\/","title":{"rendered":"Bauprojekt vor Bahnhof Bergheim"},"content":{"rendered":"<p><span style=\"font-size: 20px\"><strong>Die Arbeiten beginnen&#8230;<\/strong><\/span><\/p>\n<p>Einschr\u00e4nkungen und Ver\u00e4nderungen bei den Parkpl\u00e4tzen erforderlich &#8230;<\/p>\n<p>&nbsp;<\/p>\n<p><a href=\"https:\/\/unser-quartier.de\/stadt-bergheim\/2017\/11\/bauprojekt-vor-bahnhof-bergheim\/e996d2a4-f729-46e0-989b-e527940cd868\/\" rel=\"attachment wp-att-19114\"><img data-recalc-dims=\"1\" loading=\"lazy\" decoding=\"async\" data-attachment-id=\"19114\" data-permalink=\"https:\/\/unser-quartier.de\/stadt-bergheim\/2017\/11\/bauprojekt-vor-bahnhof-bergheim\/e996d2a4-f729-46e0-989b-e527940cd868\/\" data-orig-file=\"https:\/\/i0.wp.com\/unser-quartier.de\/stadt-bergheim\/files\/2017\/11\/E996D2A4-F729-46E0-989B-E527940CD868.jpeg?fit=521%2C1024&amp;ssl=1\" data-orig-size=\"521,1024\" data-comments-opened=\"0\" data-image-meta=\"{&quot;aperture&quot;:&quot;0&quot;,&quot;credit&quot;:&quot;&quot;,&quot;camera&quot;:&quot;&quot;,&quot;caption&quot;:&quot;&quot;,&quot;created_timestamp&quot;:&quot;0&quot;,&quot;copyright&quot;:&quot;&quot;,&quot;focal_length&quot;:&quot;0&quot;,&quot;iso&quot;:&quot;0&quot;,&quot;shutter_speed&quot;:&quot;0&quot;,&quot;title&quot;:&quot;&quot;,&quot;orientation&quot;:&quot;0&quot;}\" data-image-title=\"E996D2A4-F729-46E0-989B-E527940CD868\" data-image-description=\"\" data-image-caption=\"\" data-medium-file=\"https:\/\/i0.wp.com\/unser-quartier.de\/stadt-bergheim\/files\/2017\/11\/E996D2A4-F729-46E0-989B-E527940CD868.jpeg?fit=153%2C300&amp;ssl=1\" data-large-file=\"https:\/\/i0.wp.com\/unser-quartier.de\/stadt-bergheim\/files\/2017\/11\/E996D2A4-F729-46E0-989B-E527940CD868.jpeg?fit=521%2C1024&amp;ssl=1\" class=\"alignnone size-large wp-image-19114\" src=\"https:\/\/i0.wp.com\/unser-quartier.de\/stadt-bergheim\/files\/2017\/11\/E996D2A4-F729-46E0-989B-E527940CD868-521x1024.jpeg?resize=521%2C1024&#038;ssl=1\" alt=\"\" width=\"521\" height=\"1024\" srcset=\"https:\/\/i0.wp.com\/unser-quartier.de\/stadt-bergheim\/files\/2017\/11\/E996D2A4-F729-46E0-989B-E527940CD868.jpeg?w=521&amp;ssl=1 521w, https:\/\/i0.wp.com\/unser-quartier.de\/stadt-bergheim\/files\/2017\/11\/E996D2A4-F729-46E0-989B-E527940CD868.jpeg?resize=76%2C150&amp;ssl=1 76w, https:\/\/i0.wp.com\/unser-quartier.de\/stadt-bergheim\/files\/2017\/11\/E996D2A4-F729-46E0-989B-E527940CD868.jpeg?resize=153%2C300&amp;ssl=1 153w\" sizes=\"auto, (max-width: 521px) 100vw, 521px\" \/><\/a><\/p>\n","protected":false},"excerpt":{"rendered":"<p><strong>Die Arbeiten beginnen&#8230;<\/strong><\/p>\n<p>Einschr\u00e4nkungen und Ver\u00e4nderungen bei den Parkpl\u00e4tzen erforderlich &#8230;<\/p>\n<p>&nbsp;<\/p><\/p>\n","protected":false},"author":48,"featured_media":0,"comment_status":"open","ping_status":"open","sticky":false,"template":"","format":"standard","meta":{"_bbp_topic_count":0,"_bbp_reply_count":0,"_bbp_total_topic_count":0,"_bbp_total_reply_count":0,"_bbp_voice_count":0,"_bbp_anonymous_reply_count":0,"_bbp_topic_count_hidden":0,"_bbp_reply_count_hidden":0,"_bbp_forum_subforum_count":0,"jetpack_post_was_ever_published":false,"_jetpack_newsletter_access":"","_jetpack_dont_email_post_to_subs":false,"_jetpack_newsletter_tier_id":0,"_jetpack_memberships_contains_paywalled_content":false,"_jetpack_memberships_contains_paid_content":false,"footnotes":""},"categories":[1,68],"tags":[],"class_list":["post-19113","post","type-post","status-publish","format-standard","hentry","category-allgemein","category-mobilitaet","item-wrap"],"jetpack_sharing_enabled":true,"jetpack_featured_media_url":"","jetpack_shortlink":"https:\/\/wp.me\/p3vhfJ-4Yh","jetpack_likes_enabled":true,"_links":{"self":[{"href":"https:\/\/unser-quartier.de\/stadt-bergheim\/wp-json\/wp\/v2\/posts\/19113","targetHints":{"allow":["GET"]}}],"collection":[{"href":"https:\/\/unser-quartier.de\/stadt-bergheim\/wp-json\/wp\/v2\/posts"}],"about":[{"href":"https:\/\/unser-quartier.de\/stadt-bergheim\/wp-json\/wp\/v2\/types\/post"}],"author":[{"embeddable":true,"href":"https:\/\/unser-quartier.de\/stadt-bergheim\/wp-json\/wp\/v2\/users\/48"}],"replies":[{"embeddable":true,"href":"https:\/\/unser-quartier.de\/stadt-bergheim\/wp-json\/wp\/v2\/comments?post=19113"}],"version-history":[{"count":0,"href":"https:\/\/unser-quartier.de\/stadt-bergheim\/wp-json\/wp\/v2\/posts\/19113\/revisions"}],"wp:attachment":[{"href":"https:\/\/unser-quartier.de\/stadt-bergheim\/wp-json\/wp\/v2\/media?parent=19113"}],"wp:term":[{"taxonomy":"category","embeddable":true,"href":"https:\/\/unser-quartier.de\/stadt-bergheim\/wp-json\/wp\/v2\/categories?post=19113"},{"taxonomy":"post_tag","embeddable":true,"href":"https:\/\/unser-quartier.de\/stadt-bergheim\/wp-json\/wp\/v2\/tags?post=19113"}],"curies":[{"name":"wp","href":"https:\/\/api.w.org\/{rel}","templated":true}]}}