{"id":20624,"date":"2018-01-29T12:39:54","date_gmt":"2018-01-29T11:39:54","guid":{"rendered":"https:\/\/unser-quartier.de\/stadt-bergheim\/?p=20624"},"modified":"2018-01-29T12:40:16","modified_gmt":"2018-01-29T11:40:16","slug":"funtastik-wieverfastelovend-froehstoeck","status":"publish","type":"post","link":"https:\/\/unser-quartier.de\/stadt-bergheim\/2018\/01\/funtastik-wieverfastelovend-froehstoeck\/","title":{"rendered":"FuNTASTIK: Wieverfastelovend Fr\u00f6hst\u00f6ck"},"content":{"rendered":"<p><span style=\"font-size: 20px\"><span style=\"font-family: arial, helvetica, sans-serif\">Wie\u00a0<\/span><span> in jedem Jahr lade ich Euch ganz herzlich an Weiberfastnacht zum Fr\u00fchst\u00fccken ins FuNTASTIK ein, denn bevor es zum Feiern geht, braucht es eine gute Grundlage. Jeder bringt eine Kleinigkeit mit. Getr\u00e4nke und Br\u00f6tchen gehen aufs Haus. Damit ich wei\u00df, wieviele Br\u00f6tchen ich besorgen sollte, w\u00e4re eine kurze Mitteilung sch\u00f6n.\u00a0<\/span><\/span><\/p>\n<p><a href=\"https:\/\/unser-quartier.de\/stadt-bergheim\/2018\/01\/funtastik-wieverfastelovend-froehstoeck\/45da3552-622d-40a3-8a68-e2b69ad436a4\/\" rel=\"attachment wp-att-20625\"><img data-recalc-dims=\"1\" loading=\"lazy\" decoding=\"async\" data-attachment-id=\"20625\" data-permalink=\"https:\/\/unser-quartier.de\/stadt-bergheim\/2018\/01\/funtastik-wieverfastelovend-froehstoeck\/45da3552-622d-40a3-8a68-e2b69ad436a4\/\" data-orig-file=\"https:\/\/i0.wp.com\/unser-quartier.de\/stadt-bergheim\/files\/2018\/01\/45DA3552-622D-40A3-8A68-E2B69AD436A4.jpeg?fit=700%2C1003&amp;ssl=1\" data-orig-size=\"700,1003\" data-comments-opened=\"0\" data-image-meta=\"{&quot;aperture&quot;:&quot;0&quot;,&quot;credit&quot;:&quot;&quot;,&quot;camera&quot;:&quot;&quot;,&quot;caption&quot;:&quot;&quot;,&quot;created_timestamp&quot;:&quot;0&quot;,&quot;copyright&quot;:&quot;&quot;,&quot;focal_length&quot;:&quot;0&quot;,&quot;iso&quot;:&quot;0&quot;,&quot;shutter_speed&quot;:&quot;0&quot;,&quot;title&quot;:&quot;&quot;,&quot;orientation&quot;:&quot;0&quot;}\" data-image-title=\"45DA3552-622D-40A3-8A68-E2B69AD436A4\" data-image-description=\"\" data-image-caption=\"\" data-medium-file=\"https:\/\/i0.wp.com\/unser-quartier.de\/stadt-bergheim\/files\/2018\/01\/45DA3552-622D-40A3-8A68-E2B69AD436A4.jpeg?fit=209%2C300&amp;ssl=1\" data-large-file=\"https:\/\/i0.wp.com\/unser-quartier.de\/stadt-bergheim\/files\/2018\/01\/45DA3552-622D-40A3-8A68-E2B69AD436A4.jpeg?fit=700%2C1003&amp;ssl=1\" class=\"alignnone size-full wp-image-20625\" src=\"https:\/\/i0.wp.com\/unser-quartier.de\/stadt-bergheim\/files\/2018\/01\/45DA3552-622D-40A3-8A68-E2B69AD436A4.jpeg?resize=700%2C1003&#038;ssl=1\" alt=\"\" width=\"700\" height=\"1003\" srcset=\"https:\/\/i0.wp.com\/unser-quartier.de\/stadt-bergheim\/files\/2018\/01\/45DA3552-622D-40A3-8A68-E2B69AD436A4.jpeg?w=700&amp;ssl=1 700w, https:\/\/i0.wp.com\/unser-quartier.de\/stadt-bergheim\/files\/2018\/01\/45DA3552-622D-40A3-8A68-E2B69AD436A4.jpeg?resize=105%2C150&amp;ssl=1 105w, https:\/\/i0.wp.com\/unser-quartier.de\/stadt-bergheim\/files\/2018\/01\/45DA3552-622D-40A3-8A68-E2B69AD436A4.jpeg?resize=209%2C300&amp;ssl=1 209w\" sizes=\"auto, (max-width: 700px) 100vw, 700px\" \/><\/a><\/p>\n<hr \/>\n<p>Elisabeth Alt-Kaul<br \/>\nKreisstadt Bergheim<br \/>\nAbt. Soziale Hilfen, Wohnen und Integration<br \/>\nLeiterin FuNTASTIK und Stadtteilb\u00fcro<br \/>\nMeissener Str. 7<br \/>\n50126 Bergheim<br \/>\nTel: (0 22 71) 983777<br \/>\nFax: (0 22 71) 983825<br \/>\nE-Mail: elisabeth.alt-kaul@bergheim.de<br \/>\nwww.bergheim.de<\/p>\n","protected":false},"excerpt":{"rendered":"<p>Wie\u00a0 in jedem Jahr lade ich Euch ganz herzlich an Weiberfastnacht zum Fr\u00fchst\u00fccken ins FuNTASTIK ein, denn bevor es zum Feiern geht, braucht es eine gute Grundlage. Jeder bringt eine Kleinigkeit mit. Getr\u00e4nke und Br\u00f6tchen gehen aufs Haus. Damit ich wei\u00df, wieviele Br\u00f6tchen ich besorgen sollte, w\u00e4re eine kurze Mitteilung sch\u00f6n.\u00a0<\/p>\n<\/p>\n<p>Elisabeth Alt-Kaul Kreisstadt &hellip; <\/p>\n<p><a class=\"more-link btn\" href=\"https:\/\/unser-quartier.de\/stadt-bergheim\/2018\/01\/funtastik-wieverfastelovend-froehstoeck\/\">Weiterlesen<\/a><\/p>\n","protected":false},"author":48,"featured_media":0,"comment_status":"open","ping_status":"open","sticky":false,"template":"","format":"standard","meta":{"_bbp_topic_count":0,"_bbp_reply_count":0,"_bbp_total_topic_count":0,"_bbp_total_reply_count":0,"_bbp_voice_count":0,"_bbp_anonymous_reply_count":0,"_bbp_topic_count_hidden":0,"_bbp_reply_count_hidden":0,"_bbp_forum_subforum_count":0,"jetpack_post_was_ever_published":false,"_jetpack_newsletter_access":"","_jetpack_dont_email_post_to_subs":false,"_jetpack_newsletter_tier_id":0,"_jetpack_memberships_contains_paywalled_content":false,"_jetpack_memberships_contains_paid_content":false,"footnotes":""},"categories":[71,72],"tags":[],"class_list":["post-20624","post","type-post","status-publish","format-standard","hentry","category-freizeit","category-tipps","item-wrap"],"jetpack_sharing_enabled":true,"jetpack_featured_media_url":"","jetpack_shortlink":"https:\/\/wp.me\/p3vhfJ-5mE","jetpack_likes_enabled":true,"_links":{"self":[{"href":"https:\/\/unser-quartier.de\/stadt-bergheim\/wp-json\/wp\/v2\/posts\/20624","targetHints":{"allow":["GET"]}}],"collection":[{"href":"https:\/\/unser-quartier.de\/stadt-bergheim\/wp-json\/wp\/v2\/posts"}],"about":[{"href":"https:\/\/unser-quartier.de\/stadt-bergheim\/wp-json\/wp\/v2\/types\/post"}],"author":[{"embeddable":true,"href":"https:\/\/unser-quartier.de\/stadt-bergheim\/wp-json\/wp\/v2\/users\/48"}],"replies":[{"embeddable":true,"href":"https:\/\/unser-quartier.de\/stadt-bergheim\/wp-json\/wp\/v2\/comments?post=20624"}],"version-history":[{"count":0,"href":"https:\/\/unser-quartier.de\/stadt-bergheim\/wp-json\/wp\/v2\/posts\/20624\/revisions"}],"wp:attachment":[{"href":"https:\/\/unser-quartier.de\/stadt-bergheim\/wp-json\/wp\/v2\/media?parent=20624"}],"wp:term":[{"taxonomy":"category","embeddable":true,"href":"https:\/\/unser-quartier.de\/stadt-bergheim\/wp-json\/wp\/v2\/categories?post=20624"},{"taxonomy":"post_tag","embeddable":true,"href":"https:\/\/unser-quartier.de\/stadt-bergheim\/wp-json\/wp\/v2\/tags?post=20624"}],"curies":[{"name":"wp","href":"https:\/\/api.w.org\/{rel}","templated":true}]}}