{"id":20665,"date":"2018-01-31T14:45:30","date_gmt":"2018-01-31T13:45:30","guid":{"rendered":"https:\/\/unser-quartier.de\/stadt-bergheim\/?p=20665"},"modified":"2018-01-31T14:45:30","modified_gmt":"2018-01-31T13:45:30","slug":"kommunikationstipps-im-umgang-mit-menschen-mit-demenz","status":"publish","type":"post","link":"https:\/\/unser-quartier.de\/stadt-bergheim\/2018\/01\/kommunikationstipps-im-umgang-mit-menschen-mit-demenz\/","title":{"rendered":"Kommunikationstipps im Umgang mit Menschen mit Demenz"},"content":{"rendered":"<p><strong>Von Heike M\u00fcller-Schulz, Deutsche Alzheimer Gesellschaft \u00a0<\/strong><\/p>\n<p>Die Deutsche Alzheimer Gesellschaft empfiehlt, folgende allgemeinen Regeln bei der Kommunikation mit Demenzkranken zu beachten:<\/p>\n<ol>\n<li>Nehmen Sie Blickkontakt auf.<\/li>\n<li>Sprechen Sie laut und deutlich. Benutzen Sie einfache und kurze S\u00e4tze.<\/li>\n<li>Achten Sie auf die Reaktionen Ihres Angeh\u00f6rigen. Am Gesichtsausdruck k\u00f6nnen Sie vielleicht erkennen, ob Sie verstanden wurden.<\/li>\n<li>Vermeiden Sie Fragen, die mit &#8220;warum&#8221; oder &#8220;weshalb&#8221; beginnen, stellen Sie Fragen mit &#8220;was&#8221;, &#8220;wo&#8221; oder &#8220;wie&#8221;.<\/li>\n<li>Warten Sie mit Geduld auf eine Reaktion, haken Sie nicht gleich nach.<\/li>\n<li>Geben Sie den aufkommenden Erinnerungen und Themen Raum. Es geht nicht um das Abarbeiten eines Programms (&#8220;heute f\u00fcnf Sprichw\u00f6rter&#8221;), sondern um das Aktivieren des Gehirns und des Ged\u00e4chtnisses.<\/li>\n<li>Vorhandenes Wissen und F\u00e4higkeiten sollten im Vordergrund stehen. Damit st\u00e4rken Sie das Selbstwertgef\u00fchl Ihres Angeh\u00f6rigen und schaffen Erfolgserlebnisse.<\/li>\n<li>Konfrontieren Sie Ihren Angeh\u00f6rigen nicht mit seinen Defiziten. Das ist f\u00fcr ihn in der Regel schmerzlich und kr\u00e4nkend.<\/li>\n<li>K\u00f6rperkontakt, \u00fcber die Hand streicheln oder in den Arm nehmen, kann sehr hilfreich sein, wenn Ihr Angeh\u00f6riger unsicher oder traurig ist.<\/li>\n<\/ol>\n","protected":false},"excerpt":{"rendered":"<p><strong>Von Heike M\u00fcller-Schulz, Deutsche Alzheimer Gesellschaft \u00a0<\/strong><\/p>\n<p>Die Deutsche Alzheimer Gesellschaft empfiehlt, folgende allgemeinen Regeln bei der Kommunikation mit Demenzkranken zu beachten:<\/p>\n<li>Nehmen Sie Blickkontakt auf.<\/li>\n<li>Sprechen Sie laut und deutlich. Benutzen Sie einfache und kurze S\u00e4tze.<\/li>\n<li>Achten Sie auf die Reaktionen Ihres Angeh\u00f6rigen. Am Gesichtsausdruck k\u00f6nnen Sie vielleicht erkennen, ob Sie verstanden wurden.<\/li>\n<li>Vermeiden &hellip;\n<p><a class=\"more-link btn\" href=\"https:\/\/unser-quartier.de\/stadt-bergheim\/2018\/01\/kommunikationstipps-im-umgang-mit-menschen-mit-demenz\/\">Weiterlesen<\/a><\/p>\n<\/li>\n","protected":false},"author":133,"featured_media":0,"comment_status":"open","ping_status":"open","sticky":false,"template":"","format":"standard","meta":{"_bbp_topic_count":0,"_bbp_reply_count":0,"_bbp_total_topic_count":0,"_bbp_total_reply_count":0,"_bbp_voice_count":0,"_bbp_anonymous_reply_count":0,"_bbp_topic_count_hidden":0,"_bbp_reply_count_hidden":0,"_bbp_forum_subforum_count":0,"jetpack_post_was_ever_published":false,"_jetpack_newsletter_access":"","_jetpack_dont_email_post_to_subs":false,"_jetpack_newsletter_tier_id":0,"_jetpack_memberships_contains_paywalled_content":false,"_jetpack_memberships_contains_paid_content":false,"footnotes":""},"categories":[65],"tags":[],"class_list":["post-20665","post","type-post","status-publish","format-standard","hentry","category-demenz","item-wrap"],"jetpack_sharing_enabled":true,"jetpack_featured_media_url":"","jetpack_shortlink":"https:\/\/wp.me\/p3vhfJ-5nj","jetpack_likes_enabled":true,"_links":{"self":[{"href":"https:\/\/unser-quartier.de\/stadt-bergheim\/wp-json\/wp\/v2\/posts\/20665","targetHints":{"allow":["GET"]}}],"collection":[{"href":"https:\/\/unser-quartier.de\/stadt-bergheim\/wp-json\/wp\/v2\/posts"}],"about":[{"href":"https:\/\/unser-quartier.de\/stadt-bergheim\/wp-json\/wp\/v2\/types\/post"}],"author":[{"embeddable":true,"href":"https:\/\/unser-quartier.de\/stadt-bergheim\/wp-json\/wp\/v2\/users\/133"}],"replies":[{"embeddable":true,"href":"https:\/\/unser-quartier.de\/stadt-bergheim\/wp-json\/wp\/v2\/comments?post=20665"}],"version-history":[{"count":0,"href":"https:\/\/unser-quartier.de\/stadt-bergheim\/wp-json\/wp\/v2\/posts\/20665\/revisions"}],"wp:attachment":[{"href":"https:\/\/unser-quartier.de\/stadt-bergheim\/wp-json\/wp\/v2\/media?parent=20665"}],"wp:term":[{"taxonomy":"category","embeddable":true,"href":"https:\/\/unser-quartier.de\/stadt-bergheim\/wp-json\/wp\/v2\/categories?post=20665"},{"taxonomy":"post_tag","embeddable":true,"href":"https:\/\/unser-quartier.de\/stadt-bergheim\/wp-json\/wp\/v2\/tags?post=20665"}],"curies":[{"name":"wp","href":"https:\/\/api.w.org\/{rel}","templated":true}]}}