{"id":20908,"date":"2018-02-12T00:01:56","date_gmt":"2018-02-11T23:01:56","guid":{"rendered":"https:\/\/unser-quartier.de\/stadt-bergheim\/?p=20908"},"modified":"2018-02-11T18:48:24","modified_gmt":"2018-02-11T17:48:24","slug":"was-mir-zum-valentinstag-einfaellt","status":"publish","type":"post","link":"https:\/\/unser-quartier.de\/stadt-bergheim\/2018\/02\/was-mir-zum-valentinstag-einfaellt\/","title":{"rendered":"Was mir zum Valentinstag einf\u00e4llt&#8230;"},"content":{"rendered":"<p><span style=\"font-size: 20px\"><span style=\"font-family: arial, helvetica, sans-serif\"><a href=\"https:\/\/unser-quartier.de\/stadt-bergheim\/?attachment_id=20909\" rel=\"attachment wp-att-20909\"><img data-recalc-dims=\"1\" loading=\"lazy\" decoding=\"async\" data-attachment-id=\"20909\" data-permalink=\"https:\/\/unser-quartier.de\/stadt-bergheim\/2018\/02\/was-mir-zum-valentinstag-einfaellt\/654ebeb3-1f12-40b6-8523-68a9f1a79862\/\" data-orig-file=\"https:\/\/i0.wp.com\/unser-quartier.de\/stadt-bergheim\/files\/2018\/02\/654EBEB3-1F12-40B6-8523-68A9F1A79862.jpeg?fit=510%2C340&amp;ssl=1\" data-orig-size=\"510,340\" data-comments-opened=\"0\" data-image-meta=\"{&quot;aperture&quot;:&quot;11&quot;,&quot;credit&quot;:&quot;&quot;,&quot;camera&quot;:&quot;Canon EOS 1200D&quot;,&quot;caption&quot;:&quot;&quot;,&quot;created_timestamp&quot;:&quot;0&quot;,&quot;copyright&quot;:&quot;&quot;,&quot;focal_length&quot;:&quot;39&quot;,&quot;iso&quot;:&quot;100&quot;,&quot;shutter_speed&quot;:&quot;0.004&quot;,&quot;title&quot;:&quot;&quot;,&quot;orientation&quot;:&quot;0&quot;}\" data-image-title=\"654EBEB3-1F12-40B6-8523-68A9F1A79862\" data-image-description=\"\" data-image-caption=\"\" data-medium-file=\"https:\/\/i0.wp.com\/unser-quartier.de\/stadt-bergheim\/files\/2018\/02\/654EBEB3-1F12-40B6-8523-68A9F1A79862.jpeg?fit=300%2C200&amp;ssl=1\" data-large-file=\"https:\/\/i0.wp.com\/unser-quartier.de\/stadt-bergheim\/files\/2018\/02\/654EBEB3-1F12-40B6-8523-68A9F1A79862.jpeg?fit=510%2C340&amp;ssl=1\" class=\"alignnone size-medium wp-image-20909\" src=\"https:\/\/i0.wp.com\/unser-quartier.de\/stadt-bergheim\/files\/2018\/02\/654EBEB3-1F12-40B6-8523-68A9F1A79862.jpeg?resize=300%2C200&#038;ssl=1\" alt=\"\" width=\"300\" height=\"200\" srcset=\"https:\/\/i0.wp.com\/unser-quartier.de\/stadt-bergheim\/files\/2018\/02\/654EBEB3-1F12-40B6-8523-68A9F1A79862.jpeg?resize=300%2C200&amp;ssl=1 300w, https:\/\/i0.wp.com\/unser-quartier.de\/stadt-bergheim\/files\/2018\/02\/654EBEB3-1F12-40B6-8523-68A9F1A79862.jpeg?resize=150%2C100&amp;ssl=1 150w, https:\/\/i0.wp.com\/unser-quartier.de\/stadt-bergheim\/files\/2018\/02\/654EBEB3-1F12-40B6-8523-68A9F1A79862.jpeg?w=510&amp;ssl=1 510w\" sizes=\"auto, (max-width: 300px) 100vw, 300px\" \/><\/a><\/span><\/span><\/p>\n<p>Was mir zum Valentinstag einf\u00e4llt&#8230;<br \/>\n.<\/p>\n<p>Am Mittwoch ist Valentinstag. An diesem Datum dreht sich ja bekanntlich alles um Liebe und Beziehungen. Aber die wichtigste Liebe ist die Liebe zu uns selbst und die wichtigste Beziehung, die Beziehung, die wir mit uns selbst haben.\u00a0Eine gesunde Selbstliebe hat nichts mit Egoismus zu tun, der sich als der Mittelpunkt der Welt sieht, um den sich alles drehen sollte. Vielmehr handelt es sich um eine liebevolle Annahme des eigenen individuellen Seins mit dein besonderen Charakter Merkmalen. Das erst bildet einen Baustein f\u00fcr den Respekt und die Liebe zu anderen Menschen. In dem Ma\u00df, wie unser Selbstwertgef\u00fchl w\u00e4chst, resultiert daraus ein zuverl\u00e4ssiger innerer Kompass f\u00fcr das was uns gut tut und wohin wir wollen im Leben.<br \/>\n.<br \/>\nvon Helga-Agnes Cubitzki<\/p>\n","protected":false},"excerpt":{"rendered":"<\/p>\n<p>Was mir zum Valentinstag einf\u00e4llt&#8230; .<\/p>\n<p>Am Mittwoch ist Valentinstag. An diesem Datum dreht sich ja bekanntlich alles um Liebe und Beziehungen. Aber die wichtigste Liebe ist die Liebe zu uns selbst und die wichtigste Beziehung, die Beziehung, die wir mit uns selbst haben.\u00a0Eine gesunde Selbstliebe hat nichts mit Egoismus zu tun, der sich &hellip; <\/p>\n<p><a class=\"more-link btn\" href=\"https:\/\/unser-quartier.de\/stadt-bergheim\/2018\/02\/was-mir-zum-valentinstag-einfaellt\/\">Weiterlesen<\/a><\/p>\n","protected":false},"author":48,"featured_media":0,"comment_status":"open","ping_status":"open","sticky":false,"template":"","format":"standard","meta":{"_bbp_topic_count":0,"_bbp_reply_count":0,"_bbp_total_topic_count":0,"_bbp_total_reply_count":0,"_bbp_voice_count":0,"_bbp_anonymous_reply_count":0,"_bbp_topic_count_hidden":0,"_bbp_reply_count_hidden":0,"_bbp_forum_subforum_count":0,"jetpack_post_was_ever_published":false,"_jetpack_newsletter_access":"","_jetpack_dont_email_post_to_subs":false,"_jetpack_newsletter_tier_id":0,"_jetpack_memberships_contains_paywalled_content":false,"_jetpack_memberships_contains_paid_content":false,"footnotes":""},"categories":[58],"tags":[],"class_list":["post-20908","post","type-post","status-publish","format-standard","hentry","category-alltagshilfen","item-wrap"],"jetpack_sharing_enabled":true,"jetpack_featured_media_url":"","jetpack_shortlink":"https:\/\/wp.me\/p3vhfJ-5re","jetpack_likes_enabled":true,"_links":{"self":[{"href":"https:\/\/unser-quartier.de\/stadt-bergheim\/wp-json\/wp\/v2\/posts\/20908","targetHints":{"allow":["GET"]}}],"collection":[{"href":"https:\/\/unser-quartier.de\/stadt-bergheim\/wp-json\/wp\/v2\/posts"}],"about":[{"href":"https:\/\/unser-quartier.de\/stadt-bergheim\/wp-json\/wp\/v2\/types\/post"}],"author":[{"embeddable":true,"href":"https:\/\/unser-quartier.de\/stadt-bergheim\/wp-json\/wp\/v2\/users\/48"}],"replies":[{"embeddable":true,"href":"https:\/\/unser-quartier.de\/stadt-bergheim\/wp-json\/wp\/v2\/comments?post=20908"}],"version-history":[{"count":0,"href":"https:\/\/unser-quartier.de\/stadt-bergheim\/wp-json\/wp\/v2\/posts\/20908\/revisions"}],"wp:attachment":[{"href":"https:\/\/unser-quartier.de\/stadt-bergheim\/wp-json\/wp\/v2\/media?parent=20908"}],"wp:term":[{"taxonomy":"category","embeddable":true,"href":"https:\/\/unser-quartier.de\/stadt-bergheim\/wp-json\/wp\/v2\/categories?post=20908"},{"taxonomy":"post_tag","embeddable":true,"href":"https:\/\/unser-quartier.de\/stadt-bergheim\/wp-json\/wp\/v2\/tags?post=20908"}],"curies":[{"name":"wp","href":"https:\/\/api.w.org\/{rel}","templated":true}]}}