{"id":20917,"date":"2018-02-12T19:45:06","date_gmt":"2018-02-12T18:45:06","guid":{"rendered":"https:\/\/unser-quartier.de\/stadt-bergheim\/?p=20917"},"modified":"2018-02-12T20:17:17","modified_gmt":"2018-02-12T19:17:17","slug":"mein-erster-rosenmontagszug","status":"publish","type":"post","link":"https:\/\/unser-quartier.de\/stadt-bergheim\/2018\/02\/mein-erster-rosenmontagszug\/","title":{"rendered":"Mein erster Rosenmontagszug &#8230;"},"content":{"rendered":"<p><span style=\"color: #000080\"><strong><span style=\"font-family: arial, helvetica, sans-serif;font-size: 24px\">Berchem und K\u00f6lle Alaaf<\/span><\/strong><\/span><\/p>\n<p><a href=\"https:\/\/unser-quartier.de\/stadt-bergheim\/2018\/02\/mein-erster-rosenmontagszug\/044bd4d6-2148-4645-b303-da00357cd726\/\" rel=\"attachment wp-att-20918\"><img data-recalc-dims=\"1\" loading=\"lazy\" decoding=\"async\" data-attachment-id=\"20918\" data-permalink=\"https:\/\/unser-quartier.de\/stadt-bergheim\/2018\/02\/mein-erster-rosenmontagszug\/044bd4d6-2148-4645-b303-da00357cd726\/\" data-orig-file=\"https:\/\/i0.wp.com\/unser-quartier.de\/stadt-bergheim\/files\/2018\/02\/044BD4D6-2148-4645-B303-DA00357CD726.jpeg?fit=960%2C641&amp;ssl=1\" data-orig-size=\"960,641\" data-comments-opened=\"0\" data-image-meta=\"{&quot;aperture&quot;:&quot;8&quot;,&quot;credit&quot;:&quot;&quot;,&quot;camera&quot;:&quot;NIKON D5200&quot;,&quot;caption&quot;:&quot;&quot;,&quot;created_timestamp&quot;:&quot;0&quot;,&quot;copyright&quot;:&quot;&quot;,&quot;focal_length&quot;:&quot;85&quot;,&quot;iso&quot;:&quot;160&quot;,&quot;shutter_speed&quot;:&quot;0.004&quot;,&quot;title&quot;:&quot;&quot;,&quot;orientation&quot;:&quot;0&quot;}\" data-image-title=\"044BD4D6-2148-4645-B303-DA00357CD726\" data-image-description=\"\" data-image-caption=\"\" data-medium-file=\"https:\/\/i0.wp.com\/unser-quartier.de\/stadt-bergheim\/files\/2018\/02\/044BD4D6-2148-4645-B303-DA00357CD726.jpeg?fit=300%2C200&amp;ssl=1\" data-large-file=\"https:\/\/i0.wp.com\/unser-quartier.de\/stadt-bergheim\/files\/2018\/02\/044BD4D6-2148-4645-B303-DA00357CD726.jpeg?fit=770%2C514&amp;ssl=1\" class=\"alignnone size-medium wp-image-20918\" src=\"https:\/\/i0.wp.com\/unser-quartier.de\/stadt-bergheim\/files\/2018\/02\/044BD4D6-2148-4645-B303-DA00357CD726.jpeg?resize=300%2C200&#038;ssl=1\" alt=\"\" width=\"300\" height=\"200\" srcset=\"https:\/\/i0.wp.com\/unser-quartier.de\/stadt-bergheim\/files\/2018\/02\/044BD4D6-2148-4645-B303-DA00357CD726.jpeg?resize=300%2C200&amp;ssl=1 300w, https:\/\/i0.wp.com\/unser-quartier.de\/stadt-bergheim\/files\/2018\/02\/044BD4D6-2148-4645-B303-DA00357CD726.jpeg?resize=150%2C100&amp;ssl=1 150w, https:\/\/i0.wp.com\/unser-quartier.de\/stadt-bergheim\/files\/2018\/02\/044BD4D6-2148-4645-B303-DA00357CD726.jpeg?resize=768%2C513&amp;ssl=1 768w, https:\/\/i0.wp.com\/unser-quartier.de\/stadt-bergheim\/files\/2018\/02\/044BD4D6-2148-4645-B303-DA00357CD726.jpeg?w=960&amp;ssl=1 960w\" sizes=\"auto, (max-width: 300px) 100vw, 300px\" \/><\/a><\/p>\n<p><span style=\"font-size: 20px\">Ich hei\u00dfe Leonie und bin 12 Jahre alt. Ich wohne mit meinen Eltern in Rottweil. Dort feiert man die schw\u00e4bische Fasnet mit historischen Kost\u00fcmen und traditionellen Masken.<\/span>\u00a0<span style=\"font-size: 20px\">Am Rottweiler Narrensprung d\u00fcrfen nur Einheimische teilnehmen. Aber weil meine Oma in Bergheim wohnt, habe ich mir schon \u00f6fter die Karnevalsz\u00fcge aus K\u00f6ln, D\u00fcsseldorf und Mainz im Fernsehen angeschaut und gedacht, was m\u00fcsste das sch\u00f6n sein, das mal zu erleben. Dieses Jahr war es soweit. Ich durfte alleine mit dem Zug zu meiner Oma<\/span>\u00a0<span style=\"font-size: 20px\">fahren, um den Rosenmontagszug in K\u00f6ln anzuschauen. Sie holte mich gestern am Bahnhof ab und ich erlebte schon die ausgelassene Stimmung der Leute und die Musik aus den Kneipen. Am Montag sagte Oma: &#8220;Fr\u00fchst\u00fccke gut, es wird wohl kalt werden am Zug.&#8221; Aber ich war so voller Vorfreude, dass ich nicht viel runterbrachte. Oma machte uns dann R\u00f6ggelchen mit Blootwosch un Fl\u00f6nz zum Mitnehmen. Sie hatte mir ein sch\u00f6nes Kost\u00fcm besorgt, dass gut warmhalten konnte: Ein Einhorn- Pl\u00fcschanzug. Gefiel mir sehr gut.<\/span><\/p>\n<p><span style=\"font-size: 20px\">Oma malte sich ein Herzchen auf jede Wange und dann ging es mit dem Bus nach K\u00f6ln. \u00dcberall war es sch\u00f6n dekoriert und ich bewunderte fantasievolle Kost\u00fcme.<\/span>\u00a0<span style=\"font-size: 20px\">Am Zugweg angekommen vertrieben wir uns die Zeit mit schunkeln zur Musik, die aus der Kneipe kam und viele konnten die Lieder mitsingen. Da schaute sogar mal die Sonne heraus. Als die Polizei auf ihren Pferden kam und den Zug ank\u00fcndigte, durfte ich ganz nach vorne in die erste Reihe. So konnte ich die Festwagen und vor allem die sch\u00f6nen Fu\u00dfgruppen ganz nah sehen. Die anderen Kinder riefen: Kamelle!&#8221; und dann regnete es S\u00fc\u00dfigkeiten. Ich brauchte nur die Tasche aufzuhalten. Es war noch viel sch\u00f6ner, als ich es mir vorgestellt hatte.\u00a0<\/span><span style=\"font-size: 20px;font-family: arial, helvetica, sans-serif\">Gestern sah ich schon den netten Umzug <\/span><span style=\"font-size: 20px\"><span style=\"font-family: arial, helvetica, sans-serif\">in Bergheim und am \u00a0<\/span><\/span><span style=\"font-size: 20px\"><span style=\"font-family: arial, helvetica, sans-serif\">Mittwoch fahre<\/span> ich wieder nach Hause. \u00a0<\/span><a href=\"https:\/\/unser-quartier.de\/stadt-bergheim\/2018\/02\/mein-erster-rosenmontagszug\/487046bb-d949-45ec-b9ab-02a221bf72b2\/\" rel=\"attachment wp-att-20922\"><img data-recalc-dims=\"1\" loading=\"lazy\" decoding=\"async\" data-attachment-id=\"20922\" data-permalink=\"https:\/\/unser-quartier.de\/stadt-bergheim\/2018\/02\/mein-erster-rosenmontagszug\/487046bb-d949-45ec-b9ab-02a221bf72b2\/\" data-orig-file=\"https:\/\/i0.wp.com\/unser-quartier.de\/stadt-bergheim\/files\/2018\/02\/487046BB-D949-45EC-B9AB-02A221BF72B2.jpeg?fit=335%2C342&amp;ssl=1\" data-orig-size=\"335,342\" data-comments-opened=\"0\" data-image-meta=\"{&quot;aperture&quot;:&quot;0&quot;,&quot;credit&quot;:&quot;&quot;,&quot;camera&quot;:&quot;&quot;,&quot;caption&quot;:&quot;&quot;,&quot;created_timestamp&quot;:&quot;0&quot;,&quot;copyright&quot;:&quot;&quot;,&quot;focal_length&quot;:&quot;0&quot;,&quot;iso&quot;:&quot;0&quot;,&quot;shutter_speed&quot;:&quot;0&quot;,&quot;title&quot;:&quot;&quot;,&quot;orientation&quot;:&quot;0&quot;}\" data-image-title=\"487046BB-D949-45EC-B9AB-02A221BF72B2\" data-image-description=\"\" data-image-caption=\"\" data-medium-file=\"https:\/\/i0.wp.com\/unser-quartier.de\/stadt-bergheim\/files\/2018\/02\/487046BB-D949-45EC-B9AB-02A221BF72B2.jpeg?fit=294%2C300&amp;ssl=1\" data-large-file=\"https:\/\/i0.wp.com\/unser-quartier.de\/stadt-bergheim\/files\/2018\/02\/487046BB-D949-45EC-B9AB-02A221BF72B2.jpeg?fit=335%2C342&amp;ssl=1\" class=\"size-thumbnail wp-image-20922 aligncenter\" src=\"https:\/\/i0.wp.com\/unser-quartier.de\/stadt-bergheim\/files\/2018\/02\/487046BB-D949-45EC-B9AB-02A221BF72B2.jpeg?resize=147%2C150&#038;ssl=1\" alt=\"\" width=\"147\" height=\"150\" srcset=\"https:\/\/i0.wp.com\/unser-quartier.de\/stadt-bergheim\/files\/2018\/02\/487046BB-D949-45EC-B9AB-02A221BF72B2.jpeg?resize=147%2C150&amp;ssl=1 147w, https:\/\/i0.wp.com\/unser-quartier.de\/stadt-bergheim\/files\/2018\/02\/487046BB-D949-45EC-B9AB-02A221BF72B2.jpeg?resize=294%2C300&amp;ssl=1 294w, https:\/\/i0.wp.com\/unser-quartier.de\/stadt-bergheim\/files\/2018\/02\/487046BB-D949-45EC-B9AB-02A221BF72B2.jpeg?w=335&amp;ssl=1 335w\" sizes=\"auto, (max-width: 147px) 100vw, 147px\" \/><\/a><\/p>\n<p><a href=\"https:\/\/unser-quartier.de\/stadt-bergheim\/2018\/02\/mein-erster-rosenmontagszug\/acfc5a59-7300-48c9-b3e3-945dd2bae8f4\/\" rel=\"attachment wp-att-20923\"><img data-recalc-dims=\"1\" loading=\"lazy\" decoding=\"async\" data-attachment-id=\"20923\" data-permalink=\"https:\/\/unser-quartier.de\/stadt-bergheim\/2018\/02\/mein-erster-rosenmontagszug\/acfc5a59-7300-48c9-b3e3-945dd2bae8f4\/\" data-orig-file=\"https:\/\/i0.wp.com\/unser-quartier.de\/stadt-bergheim\/files\/2018\/02\/ACFC5A59-7300-48C9-B3E3-945DD2BAE8F4-e1518462556597.jpeg?fit=323%2C298&amp;ssl=1\" data-orig-size=\"323,298\" data-comments-opened=\"0\" data-image-meta=\"{&quot;aperture&quot;:&quot;0&quot;,&quot;credit&quot;:&quot;&quot;,&quot;camera&quot;:&quot;&quot;,&quot;caption&quot;:&quot;&quot;,&quot;created_timestamp&quot;:&quot;0&quot;,&quot;copyright&quot;:&quot;&quot;,&quot;focal_length&quot;:&quot;0&quot;,&quot;iso&quot;:&quot;0&quot;,&quot;shutter_speed&quot;:&quot;0&quot;,&quot;title&quot;:&quot;&quot;,&quot;orientation&quot;:&quot;0&quot;}\" data-image-title=\"ACFC5A59-7300-48C9-B3E3-945DD2BAE8F4\" data-image-description=\"\" data-image-caption=\"\" data-medium-file=\"https:\/\/i0.wp.com\/unser-quartier.de\/stadt-bergheim\/files\/2018\/02\/ACFC5A59-7300-48C9-B3E3-945DD2BAE8F4-e1518462556597.jpeg?fit=300%2C277&amp;ssl=1\" data-large-file=\"https:\/\/i0.wp.com\/unser-quartier.de\/stadt-bergheim\/files\/2018\/02\/ACFC5A59-7300-48C9-B3E3-945DD2BAE8F4-e1518462556597.jpeg?fit=323%2C298&amp;ssl=1\" class=\"size-thumbnail wp-image-20923 aligncenter\" src=\"https:\/\/i0.wp.com\/unser-quartier.de\/stadt-bergheim\/files\/2018\/02\/ACFC5A59-7300-48C9-B3E3-945DD2BAE8F4.jpeg?resize=150%2C138&#038;ssl=1\" alt=\"\" width=\"150\" height=\"138\" \/><\/a><\/p>\n<p><span style=\"font-size: 20px\">Denn am Aschermittwoch ist ja bekanntlich alles vorbei&#8230;<\/span><br \/>\n<span style=\"font-size: 20px\">.<\/span><\/p>\n<p><span style=\"font-size: 20px\">von Leonie R\u00f6ssle\u00a0<\/span><\/p>\n","protected":false},"excerpt":{"rendered":"<p><strong>Berchem und K\u00f6lle Alaaf<\/strong><\/p>\n<\/p>\n<p>Ich hei\u00dfe Leonie und bin 12 Jahre alt. Ich wohne mit meinen Eltern in Rottweil. Dort feiert man die schw\u00e4bische Fasnet mit historischen Kost\u00fcmen und traditionellen Masken.\u00a0Am Rottweiler Narrensprung d\u00fcrfen nur Einheimische teilnehmen. Aber weil meine Oma in Bergheim wohnt, habe ich mir schon \u00f6fter die Karnevalsz\u00fcge aus K\u00f6ln, D\u00fcsseldorf &hellip; <\/p>\n<p><a class=\"more-link btn\" href=\"https:\/\/unser-quartier.de\/stadt-bergheim\/2018\/02\/mein-erster-rosenmontagszug\/\">Weiterlesen<\/a><\/p>\n","protected":false},"author":48,"featured_media":0,"comment_status":"open","ping_status":"open","sticky":false,"template":"","format":"standard","meta":{"_bbp_topic_count":0,"_bbp_reply_count":0,"_bbp_total_topic_count":0,"_bbp_total_reply_count":0,"_bbp_voice_count":0,"_bbp_anonymous_reply_count":0,"_bbp_topic_count_hidden":0,"_bbp_reply_count_hidden":0,"_bbp_forum_subforum_count":0,"jetpack_post_was_ever_published":false,"_jetpack_newsletter_access":"","_jetpack_dont_email_post_to_subs":false,"_jetpack_newsletter_tier_id":0,"_jetpack_memberships_contains_paywalled_content":false,"_jetpack_memberships_contains_paid_content":false,"footnotes":""},"categories":[71,80],"tags":[],"class_list":["post-20917","post","type-post","status-publish","format-standard","hentry","category-freizeit","category-humor","item-wrap"],"jetpack_sharing_enabled":true,"jetpack_featured_media_url":"","jetpack_shortlink":"https:\/\/wp.me\/p3vhfJ-5rn","jetpack_likes_enabled":true,"_links":{"self":[{"href":"https:\/\/unser-quartier.de\/stadt-bergheim\/wp-json\/wp\/v2\/posts\/20917","targetHints":{"allow":["GET"]}}],"collection":[{"href":"https:\/\/unser-quartier.de\/stadt-bergheim\/wp-json\/wp\/v2\/posts"}],"about":[{"href":"https:\/\/unser-quartier.de\/stadt-bergheim\/wp-json\/wp\/v2\/types\/post"}],"author":[{"embeddable":true,"href":"https:\/\/unser-quartier.de\/stadt-bergheim\/wp-json\/wp\/v2\/users\/48"}],"replies":[{"embeddable":true,"href":"https:\/\/unser-quartier.de\/stadt-bergheim\/wp-json\/wp\/v2\/comments?post=20917"}],"version-history":[{"count":0,"href":"https:\/\/unser-quartier.de\/stadt-bergheim\/wp-json\/wp\/v2\/posts\/20917\/revisions"}],"wp:attachment":[{"href":"https:\/\/unser-quartier.de\/stadt-bergheim\/wp-json\/wp\/v2\/media?parent=20917"}],"wp:term":[{"taxonomy":"category","embeddable":true,"href":"https:\/\/unser-quartier.de\/stadt-bergheim\/wp-json\/wp\/v2\/categories?post=20917"},{"taxonomy":"post_tag","embeddable":true,"href":"https:\/\/unser-quartier.de\/stadt-bergheim\/wp-json\/wp\/v2\/tags?post=20917"}],"curies":[{"name":"wp","href":"https:\/\/api.w.org\/{rel}","templated":true}]}}