{"id":21046,"date":"2018-02-22T22:16:02","date_gmt":"2018-02-22T21:16:02","guid":{"rendered":"https:\/\/unser-quartier.de\/stadt-bergheim\/?p=21046"},"modified":"2018-02-22T22:16:02","modified_gmt":"2018-02-22T21:16:02","slug":"kath-bildungsstaette-informiert","status":"publish","type":"post","link":"https:\/\/unser-quartier.de\/stadt-bergheim\/2018\/02\/kath-bildungsstaette-informiert\/","title":{"rendered":"Kath. Bildungsst\u00e4tte informiert&#8230;"},"content":{"rendered":"<p>Wer klug ist, sorgt vor!<\/p>\n<p>Vorsorgevollmacht und Betreuungsverf\u00fcgung<\/p>\n<p>Vorsorge f\u00fcr den Notfall oder im Hinblick auf eine m\u00f6gliche altersbedingte Gesch\u00e4ftsunf\u00e4higkeit sollte kein Tabuthema sein. Durch Vorsorgeregelungen in Form der Vorsorgevollmacht, der Betreuungsverf\u00fcgung oder des Patiententestaments gibt es M\u00f6glichkeiten, fr\u00fchzeitig zu regeln, wer Sie vertreten soll und welche Ma\u00dfnahmen Sie w\u00fcnschen, wenn Sie krankheitsbedingt selbst nicht mehr in der Lage sind, dies zu entscheiden.\u00a0In diesem Vortrag werden die Vorteile aber auch die Fallstricke solcher Vorsorgeregelungen vor dem Hintergrund des neuen Betreuungsrechts besprochen.<br \/>\nIn Kooperation mit dem SKF Rhein-Erft-Kreis e.V.<\/p>\n<p>Referent\/in: Brigitte Schreiber<br \/>\nZeitraum: Mi., 28.02.2018, 16:00 &#8211; 18:15 Uhr<br \/>\ngeb\u00fchrenfrei<br \/>\nKursnummer: 7508005<\/p>\n<p>Anmeldung m\u00f6glich \u00fcber\u00a0Mail an: info@anton-heinen-haus.de<\/p>\n","protected":false},"excerpt":{"rendered":"<p>Wer klug ist, sorgt vor!<\/p>\n<p>Vorsorgevollmacht und Betreuungsverf\u00fcgung<\/p>\n<p>Vorsorge f\u00fcr den Notfall oder im Hinblick auf eine m\u00f6gliche altersbedingte Gesch\u00e4ftsunf\u00e4higkeit sollte kein Tabuthema sein. Durch Vorsorgeregelungen in Form der Vorsorgevollmacht, der Betreuungsverf\u00fcgung oder des Patiententestaments gibt es M\u00f6glichkeiten, fr\u00fchzeitig zu regeln, wer Sie vertreten soll und welche Ma\u00dfnahmen Sie w\u00fcnschen, wenn Sie krankheitsbedingt selbst nicht &hellip; <\/p>\n<p><a class=\"more-link btn\" href=\"https:\/\/unser-quartier.de\/stadt-bergheim\/2018\/02\/kath-bildungsstaette-informiert\/\">Weiterlesen<\/a><\/p>\n","protected":false},"author":48,"featured_media":0,"comment_status":"open","ping_status":"open","sticky":false,"template":"","format":"standard","meta":{"_bbp_topic_count":0,"_bbp_reply_count":0,"_bbp_total_topic_count":0,"_bbp_total_reply_count":0,"_bbp_voice_count":0,"_bbp_anonymous_reply_count":0,"_bbp_topic_count_hidden":0,"_bbp_reply_count_hidden":0,"_bbp_forum_subforum_count":0,"jetpack_post_was_ever_published":false,"_jetpack_newsletter_access":"","_jetpack_dont_email_post_to_subs":false,"_jetpack_newsletter_tier_id":0,"_jetpack_memberships_contains_paywalled_content":false,"_jetpack_memberships_contains_paid_content":false,"footnotes":""},"categories":[1],"tags":[],"class_list":["post-21046","post","type-post","status-publish","format-standard","hentry","category-allgemein","item-wrap"],"jetpack_sharing_enabled":true,"jetpack_featured_media_url":"","jetpack_shortlink":"https:\/\/wp.me\/p3vhfJ-5ts","jetpack_likes_enabled":true,"_links":{"self":[{"href":"https:\/\/unser-quartier.de\/stadt-bergheim\/wp-json\/wp\/v2\/posts\/21046","targetHints":{"allow":["GET"]}}],"collection":[{"href":"https:\/\/unser-quartier.de\/stadt-bergheim\/wp-json\/wp\/v2\/posts"}],"about":[{"href":"https:\/\/unser-quartier.de\/stadt-bergheim\/wp-json\/wp\/v2\/types\/post"}],"author":[{"embeddable":true,"href":"https:\/\/unser-quartier.de\/stadt-bergheim\/wp-json\/wp\/v2\/users\/48"}],"replies":[{"embeddable":true,"href":"https:\/\/unser-quartier.de\/stadt-bergheim\/wp-json\/wp\/v2\/comments?post=21046"}],"version-history":[{"count":0,"href":"https:\/\/unser-quartier.de\/stadt-bergheim\/wp-json\/wp\/v2\/posts\/21046\/revisions"}],"wp:attachment":[{"href":"https:\/\/unser-quartier.de\/stadt-bergheim\/wp-json\/wp\/v2\/media?parent=21046"}],"wp:term":[{"taxonomy":"category","embeddable":true,"href":"https:\/\/unser-quartier.de\/stadt-bergheim\/wp-json\/wp\/v2\/categories?post=21046"},{"taxonomy":"post_tag","embeddable":true,"href":"https:\/\/unser-quartier.de\/stadt-bergheim\/wp-json\/wp\/v2\/tags?post=21046"}],"curies":[{"name":"wp","href":"https:\/\/api.w.org\/{rel}","templated":true}]}}