{"id":21048,"date":"2018-02-23T00:01:40","date_gmt":"2018-02-22T23:01:40","guid":{"rendered":"https:\/\/unser-quartier.de\/stadt-bergheim\/?p=21048"},"modified":"2018-02-23T00:11:38","modified_gmt":"2018-02-22T23:11:38","slug":"weisst-du-eigentlich-wie-gut-dein-leben-ist","status":"publish","type":"post","link":"https:\/\/unser-quartier.de\/stadt-bergheim\/2018\/02\/weisst-du-eigentlich-wie-gut-dein-leben-ist\/","title":{"rendered":"Wei\u00dft Du eigentlich, wie gut Dein Leben ist?"},"content":{"rendered":"<p><a href=\"https:\/\/unser-quartier.de\/stadt-bergheim\/2018\/02\/weisst-du-eigentlich-wie-gut-dein-leben-ist\/3fca2fc0-9145-4fa2-9b63-feec0a36db6e\/\" rel=\"attachment wp-att-21049\"><img data-recalc-dims=\"1\" loading=\"lazy\" decoding=\"async\" data-attachment-id=\"21049\" data-permalink=\"https:\/\/unser-quartier.de\/stadt-bergheim\/2018\/02\/weisst-du-eigentlich-wie-gut-dein-leben-ist\/3fca2fc0-9145-4fa2-9b63-feec0a36db6e\/\" data-orig-file=\"https:\/\/i0.wp.com\/unser-quartier.de\/stadt-bergheim\/files\/2018\/02\/3FCA2FC0-9145-4FA2-9B63-FEEC0A36DB6E.jpeg?fit=960%2C319&amp;ssl=1\" data-orig-size=\"960,319\" data-comments-opened=\"0\" data-image-meta=\"{&quot;aperture&quot;:&quot;0&quot;,&quot;credit&quot;:&quot;&quot;,&quot;camera&quot;:&quot;&quot;,&quot;caption&quot;:&quot;&quot;,&quot;created_timestamp&quot;:&quot;0&quot;,&quot;copyright&quot;:&quot;&quot;,&quot;focal_length&quot;:&quot;0&quot;,&quot;iso&quot;:&quot;0&quot;,&quot;shutter_speed&quot;:&quot;0&quot;,&quot;title&quot;:&quot;&quot;,&quot;orientation&quot;:&quot;0&quot;}\" data-image-title=\"3FCA2FC0-9145-4FA2-9B63-FEEC0A36DB6E\" data-image-description=\"\" data-image-caption=\"\" data-medium-file=\"https:\/\/i0.wp.com\/unser-quartier.de\/stadt-bergheim\/files\/2018\/02\/3FCA2FC0-9145-4FA2-9B63-FEEC0A36DB6E.jpeg?fit=300%2C100&amp;ssl=1\" data-large-file=\"https:\/\/i0.wp.com\/unser-quartier.de\/stadt-bergheim\/files\/2018\/02\/3FCA2FC0-9145-4FA2-9B63-FEEC0A36DB6E.jpeg?fit=770%2C256&amp;ssl=1\" class=\"alignnone size-full wp-image-21049\" src=\"https:\/\/i0.wp.com\/unser-quartier.de\/stadt-bergheim\/files\/2018\/02\/3FCA2FC0-9145-4FA2-9B63-FEEC0A36DB6E.jpeg?resize=770%2C256&#038;ssl=1\" alt=\"\" width=\"770\" height=\"256\" srcset=\"https:\/\/i0.wp.com\/unser-quartier.de\/stadt-bergheim\/files\/2018\/02\/3FCA2FC0-9145-4FA2-9B63-FEEC0A36DB6E.jpeg?w=960&amp;ssl=1 960w, https:\/\/i0.wp.com\/unser-quartier.de\/stadt-bergheim\/files\/2018\/02\/3FCA2FC0-9145-4FA2-9B63-FEEC0A36DB6E.jpeg?resize=150%2C50&amp;ssl=1 150w, https:\/\/i0.wp.com\/unser-quartier.de\/stadt-bergheim\/files\/2018\/02\/3FCA2FC0-9145-4FA2-9B63-FEEC0A36DB6E.jpeg?resize=300%2C100&amp;ssl=1 300w, https:\/\/i0.wp.com\/unser-quartier.de\/stadt-bergheim\/files\/2018\/02\/3FCA2FC0-9145-4FA2-9B63-FEEC0A36DB6E.jpeg?resize=768%2C255&amp;ssl=1 768w\" sizes=\"auto, (max-width: 770px) 100vw, 770px\" \/><\/a><\/p>\n<p><span style=\"font-family: arial, helvetica, sans-serif;font-size: 20px\">Im Gro\u00dfen und Ganzen tust du, was du gerne tust. Niemand schreibt dir etwas vor.\u00a0Du gehst wach und aufgeschlossen durch dein Leben. Du bist freundlich zu dir und anderen. Du hast einen netten Freundeskreis, wo ihr euch gegenseitig unterst\u00fctzt und Spa\u00df habt. Du achtest auf deinen K\u00f6rper und seine Bed\u00fcrfnisse. Du hast dein n\u00f6tiges Auskommen und kannst l\u00e4chelnd akzeptieren, dass man nicht alles haben kann.<br \/>\nDu bist zufrieden und dankbar und musst nichts bereuen.<br \/>\n.<br \/>\nDann bist du ein Lebensk\u00fcnstler.<br \/>\n.<br \/>\nvon Helga-Agnes Cubitzki<\/span><\/p>\n","protected":false},"excerpt":{"rendered":"<\/p>\n<p>Im Gro\u00dfen und Ganzen tust du, was du gerne tust. Niemand schreibt dir etwas vor.\u00a0Du gehst wach und aufgeschlossen durch dein Leben. Du bist freundlich zu dir und anderen. Du hast einen netten Freundeskreis, wo ihr euch gegenseitig unterst\u00fctzt und Spa\u00df habt. Du achtest auf deinen K\u00f6rper und seine Bed\u00fcrfnisse. Du hast dein n\u00f6tiges &hellip; <\/p>\n<p><a class=\"more-link btn\" href=\"https:\/\/unser-quartier.de\/stadt-bergheim\/2018\/02\/weisst-du-eigentlich-wie-gut-dein-leben-ist\/\">Weiterlesen<\/a><\/p>\n","protected":false},"author":48,"featured_media":0,"comment_status":"open","ping_status":"open","sticky":false,"template":"","format":"standard","meta":{"_bbp_topic_count":0,"_bbp_reply_count":0,"_bbp_total_topic_count":0,"_bbp_total_reply_count":0,"_bbp_voice_count":0,"_bbp_anonymous_reply_count":0,"_bbp_topic_count_hidden":0,"_bbp_reply_count_hidden":0,"_bbp_forum_subforum_count":0,"jetpack_post_was_ever_published":false,"_jetpack_newsletter_access":"","_jetpack_dont_email_post_to_subs":false,"_jetpack_newsletter_tier_id":0,"_jetpack_memberships_contains_paywalled_content":false,"_jetpack_memberships_contains_paid_content":false,"footnotes":""},"categories":[75],"tags":[],"class_list":["post-21048","post","type-post","status-publish","format-standard","hentry","category-buntes-brett","item-wrap"],"jetpack_sharing_enabled":true,"jetpack_featured_media_url":"","jetpack_shortlink":"https:\/\/wp.me\/p3vhfJ-5tu","jetpack_likes_enabled":true,"_links":{"self":[{"href":"https:\/\/unser-quartier.de\/stadt-bergheim\/wp-json\/wp\/v2\/posts\/21048","targetHints":{"allow":["GET"]}}],"collection":[{"href":"https:\/\/unser-quartier.de\/stadt-bergheim\/wp-json\/wp\/v2\/posts"}],"about":[{"href":"https:\/\/unser-quartier.de\/stadt-bergheim\/wp-json\/wp\/v2\/types\/post"}],"author":[{"embeddable":true,"href":"https:\/\/unser-quartier.de\/stadt-bergheim\/wp-json\/wp\/v2\/users\/48"}],"replies":[{"embeddable":true,"href":"https:\/\/unser-quartier.de\/stadt-bergheim\/wp-json\/wp\/v2\/comments?post=21048"}],"version-history":[{"count":0,"href":"https:\/\/unser-quartier.de\/stadt-bergheim\/wp-json\/wp\/v2\/posts\/21048\/revisions"}],"wp:attachment":[{"href":"https:\/\/unser-quartier.de\/stadt-bergheim\/wp-json\/wp\/v2\/media?parent=21048"}],"wp:term":[{"taxonomy":"category","embeddable":true,"href":"https:\/\/unser-quartier.de\/stadt-bergheim\/wp-json\/wp\/v2\/categories?post=21048"},{"taxonomy":"post_tag","embeddable":true,"href":"https:\/\/unser-quartier.de\/stadt-bergheim\/wp-json\/wp\/v2\/tags?post=21048"}],"curies":[{"name":"wp","href":"https:\/\/api.w.org\/{rel}","templated":true}]}}