{"id":21163,"date":"2018-03-02T15:13:33","date_gmt":"2018-03-02T14:13:33","guid":{"rendered":"https:\/\/unser-quartier.de\/stadt-bergheim\/?p=21163"},"modified":"2018-03-02T15:13:33","modified_gmt":"2018-03-02T14:13:33","slug":"miteinander-aktiv-tipps-fuer-den-alltag","status":"publish","type":"post","link":"https:\/\/unser-quartier.de\/stadt-bergheim\/2018\/03\/miteinander-aktiv-tipps-fuer-den-alltag\/","title":{"rendered":"Miteinander aktiv &#8211; Tipps f\u00fcr den Alltag"},"content":{"rendered":"<p><strong>Neue Brosch\u00fcre der Deutschen Alzheimer Gesellschaft<\/strong><\/p>\n<p><img data-recalc-dims=\"1\" loading=\"lazy\" decoding=\"async\" data-attachment-id=\"21164\" data-permalink=\"https:\/\/unser-quartier.de\/stadt-bergheim\/2018\/03\/miteinander-aktiv-tipps-fuer-den-alltag\/hx6lugdrufqgvrhxfllj\/\" data-orig-file=\"https:\/\/i0.wp.com\/unser-quartier.de\/stadt-bergheim\/files\/2018\/03\/hx6lugdrufqgvrhxfllj.jpg?fit=722%2C1024&amp;ssl=1\" data-orig-size=\"722,1024\" data-comments-opened=\"0\" data-image-meta=\"{&quot;aperture&quot;:&quot;0&quot;,&quot;credit&quot;:&quot;&quot;,&quot;camera&quot;:&quot;&quot;,&quot;caption&quot;:&quot;&quot;,&quot;created_timestamp&quot;:&quot;0&quot;,&quot;copyright&quot;:&quot;&quot;,&quot;focal_length&quot;:&quot;0&quot;,&quot;iso&quot;:&quot;0&quot;,&quot;shutter_speed&quot;:&quot;0&quot;,&quot;title&quot;:&quot;&quot;,&quot;orientation&quot;:&quot;0&quot;}\" data-image-title=\"hx6lugdrufqgvrhxfllj\" data-image-description=\"\" data-image-caption=\"\" data-medium-file=\"https:\/\/i0.wp.com\/unser-quartier.de\/stadt-bergheim\/files\/2018\/03\/hx6lugdrufqgvrhxfllj.jpg?fit=212%2C300&amp;ssl=1\" data-large-file=\"https:\/\/i0.wp.com\/unser-quartier.de\/stadt-bergheim\/files\/2018\/03\/hx6lugdrufqgvrhxfllj.jpg?fit=722%2C1024&amp;ssl=1\" class=\"alignleft wp-image-21164 size-medium\" src=\"https:\/\/i0.wp.com\/unser-quartier.de\/stadt-bergheim\/files\/2018\/03\/hx6lugdrufqgvrhxfllj.jpg?resize=212%2C300&#038;ssl=1\" alt=\"\" width=\"212\" height=\"300\" srcset=\"https:\/\/i0.wp.com\/unser-quartier.de\/stadt-bergheim\/files\/2018\/03\/hx6lugdrufqgvrhxfllj.jpg?resize=212%2C300&amp;ssl=1 212w, https:\/\/i0.wp.com\/unser-quartier.de\/stadt-bergheim\/files\/2018\/03\/hx6lugdrufqgvrhxfllj.jpg?resize=106%2C150&amp;ssl=1 106w, https:\/\/i0.wp.com\/unser-quartier.de\/stadt-bergheim\/files\/2018\/03\/hx6lugdrufqgvrhxfllj.jpg?w=722&amp;ssl=1 722w\" sizes=\"auto, (max-width: 212px) 100vw, 212px\" \/>Die Brosch\u00fcre \u201eMiteinander aktiv\u201c der Deutschen Alzheimer Gesellschaft gibt Anregungen f\u00fcr Aktivit\u00e4ten und Besch\u00e4ftigungen im Alltag f\u00fcr Menschen mit Demenz. Die Brosch\u00fcre, die jetzt in 5. \u00fcberarbeiteter Auflage neu gedruckt wurde, richtet sich insbesondere an Angeh\u00f6rige, die einen Menschen mit Demenz zu Hause betreuen. Vielen Demenzkranken f\u00e4llt es schwer, sich selbst zu besch\u00e4ftigen. Um Langeweile, Unzufriedenheit und Unruhe zu vermeiden, helfen Impulse von au\u00dfen, die K\u00f6rper und Geist anregen, die vorhandenen F\u00e4higkeiten erhalten und Spa\u00df machen. Hierzu gibt die Brosch\u00fcre vielf\u00e4ltige Anregungen.<\/p>\n<p>Monika Kaus, die 1. Vorsitzende der Deutschen Alzheimer Gesellschaft, dazu: \u201eMenschen mit Demenz wollen ihre F\u00e4higkeiten nutzen, trotz Einschr\u00e4nkungen etwas Sinnvolles tun und dabei Freude haben. Daf\u00fcr sind oft Anregungen von au\u00dfen n\u00f6tig. Mit der Brosch\u00fcre m\u00f6chten wir zu gemeinsamen Aktivit\u00e4ten anregen, die Freude bereiten, ohne dass es zu Stress und Leistungsdruck kommt. Diese Vorschl\u00e4ge kommen aus der Praxis, von Angeh\u00f6rigen, Ehrenamtlichen und Profis, die gro\u00dfe Erfahrungen bei der Begleitung Demenzkranker haben\u201c.<\/p>\n<p>Je nach M\u00f6glichkeiten und Interessen k\u00f6nnen Angeh\u00f6rige und Erkrankte vielerlei rund um Haus und Garten tun, auf \u201eErinnerungsreisen\u201c oder reale Reisen gehen, Musik und Kultur genie\u00dfen, alte Hobbys pflegen, neue Besch\u00e4ftigungen entdecken oder inneren Frieden in der Religion und Spiritualit\u00e4t finden. Stets gilt es die T\u00e4tigkeiten so zu gestalten, dass Menschen mit Demenz weder \u00fcber- noch unterfordert werden. Wichtig ist auch, dass Angeh\u00f6rige sich nicht selbst \u00fcberfordern, indem sie pausenlos Freizeitaktivit\u00e4ten organisieren.<\/p>\n<p>Die Brosch\u00fcre wendet sich an Angeh\u00f6rige, die Menschen mit Demenz zu Hause betreuen und pflegen, sowie Freunde, Bekannte und Ehrenamtliche, die dabei unterst\u00fctzen.<\/p>\n<p>&nbsp;<\/p>\n<div class=\"alert alert-info\" role=\"alert\"><p class=\"printonly\"><strong>Notice<\/strong><\/p><\/p>\n<p class=\"first-p\"><strong>Die Brosch\u00fcre:<\/strong><\/p>\n<p>Deutsche Alzheimer Gesellschaft: Miteinander aktiv. Alltagsgestaltung und Besch\u00e4ftigungen f\u00fcr Menschen mit Demenz. 5. Auflage 2018, 96 Seiten, 4 Euro. Bestellung \u00fcber den\u00a0<a href=\"https:\/\/shop.deutsche-alzheimer.de\/broschueren\/33\/miteinander-aktiv\">Online-Shop der DAlzG<\/a><\/p>\n<p><\/div>\n<p>&nbsp;<\/p>\n","protected":false},"excerpt":{"rendered":"<p><strong>Neue Brosch\u00fcre der Deutschen Alzheimer Gesellschaft<\/strong><\/p>\n<p>Die Brosch\u00fcre \u201eMiteinander aktiv\u201c der Deutschen Alzheimer Gesellschaft gibt Anregungen f\u00fcr Aktivit\u00e4ten und Besch\u00e4ftigungen im Alltag f\u00fcr Menschen mit Demenz. Die Brosch\u00fcre, die jetzt in 5. \u00fcberarbeiteter Auflage neu gedruckt wurde, richtet sich insbesondere an Angeh\u00f6rige, die einen Menschen mit Demenz zu Hause betreuen. Vielen Demenzkranken f\u00e4llt es schwer, &hellip; <\/p>\n<p><a class=\"more-link btn\" href=\"https:\/\/unser-quartier.de\/stadt-bergheim\/2018\/03\/miteinander-aktiv-tipps-fuer-den-alltag\/\">Weiterlesen<\/a><\/p>\n","protected":false},"author":133,"featured_media":0,"comment_status":"open","ping_status":"open","sticky":false,"template":"","format":"standard","meta":{"_bbp_topic_count":0,"_bbp_reply_count":0,"_bbp_total_topic_count":0,"_bbp_total_reply_count":0,"_bbp_voice_count":0,"_bbp_anonymous_reply_count":0,"_bbp_topic_count_hidden":0,"_bbp_reply_count_hidden":0,"_bbp_forum_subforum_count":0,"jetpack_post_was_ever_published":false,"_jetpack_newsletter_access":"","_jetpack_dont_email_post_to_subs":false,"_jetpack_newsletter_tier_id":0,"_jetpack_memberships_contains_paywalled_content":false,"_jetpack_memberships_contains_paid_content":false,"footnotes":""},"categories":[65],"tags":[],"class_list":["post-21163","post","type-post","status-publish","format-standard","hentry","category-demenz","item-wrap"],"jetpack_sharing_enabled":true,"jetpack_featured_media_url":"","jetpack_shortlink":"https:\/\/wp.me\/p3vhfJ-5vl","jetpack_likes_enabled":true,"_links":{"self":[{"href":"https:\/\/unser-quartier.de\/stadt-bergheim\/wp-json\/wp\/v2\/posts\/21163","targetHints":{"allow":["GET"]}}],"collection":[{"href":"https:\/\/unser-quartier.de\/stadt-bergheim\/wp-json\/wp\/v2\/posts"}],"about":[{"href":"https:\/\/unser-quartier.de\/stadt-bergheim\/wp-json\/wp\/v2\/types\/post"}],"author":[{"embeddable":true,"href":"https:\/\/unser-quartier.de\/stadt-bergheim\/wp-json\/wp\/v2\/users\/133"}],"replies":[{"embeddable":true,"href":"https:\/\/unser-quartier.de\/stadt-bergheim\/wp-json\/wp\/v2\/comments?post=21163"}],"version-history":[{"count":0,"href":"https:\/\/unser-quartier.de\/stadt-bergheim\/wp-json\/wp\/v2\/posts\/21163\/revisions"}],"wp:attachment":[{"href":"https:\/\/unser-quartier.de\/stadt-bergheim\/wp-json\/wp\/v2\/media?parent=21163"}],"wp:term":[{"taxonomy":"category","embeddable":true,"href":"https:\/\/unser-quartier.de\/stadt-bergheim\/wp-json\/wp\/v2\/categories?post=21163"},{"taxonomy":"post_tag","embeddable":true,"href":"https:\/\/unser-quartier.de\/stadt-bergheim\/wp-json\/wp\/v2\/tags?post=21163"}],"curies":[{"name":"wp","href":"https:\/\/api.w.org\/{rel}","templated":true}]}}