{"id":21195,"date":"2018-03-05T10:38:33","date_gmt":"2018-03-05T09:38:33","guid":{"rendered":"https:\/\/unser-quartier.de\/stadt-bergheim\/?p=21195"},"modified":"2018-03-05T10:38:33","modified_gmt":"2018-03-05T09:38:33","slug":"braunkohle-partner-regenerativer-energien","status":"publish","type":"post","link":"https:\/\/unser-quartier.de\/stadt-bergheim\/2018\/03\/braunkohle-partner-regenerativer-energien\/","title":{"rendered":"Braunkohle &#8211; Partner regenerativer Energien \u2013"},"content":{"rendered":"<p><span style=\"font-family: arial, helvetica, sans-serif;font-size: 20px\">ein Vortrag von Dr. G\u00e4rtner<\/span><\/p>\n<p><span style=\"font-family: arial, helvetica, sans-serif;font-size: 20px\">Keine Woche vergeht, ohne dass in den Medien \u00fcber regenerative Energien oder den Ausstieg aus der Braunkohle berichtet wird. In einem NRW Stimmungstest aus Januar 2018 pl\u00e4dieren zwei von drei B\u00fcrgern aus Nordrhein-Westfalen f\u00fcr einen fr\u00fcheren Ausstieg aus der Braunkohle, obwohl bis 2040 Betriebsgenehmigungen f\u00fcr die Tagebaue vorliegen. Zeit, so Astrid Machuj, Vorsitzende des Museumsvereins Bergheim, sich genauer mit dem Thema zu besch\u00e4ftigen. Wie kann man in Zukunft Erzeugung und Verbrauch von Strom in Einklang bringen? Kann unser Stromverbrauch nur durch regenerative Energien gedeckt werden? Spielt die Braunkohle dann keine Rolle mehr? Wie k\u00f6nnen wir effizienter mit der Engerie umgehen? Das sind einige der Fragen, die Mitglieder des Vereins im letzten Jahr an Dr. G\u00e4rtner, ehemaliger Leiter Sparte Tagebaue im hiesigen Energieunternehmen, nach einem ausgesprochen informativen und interessanten Vortrag \u00fcber den Tagebau Bergheim stellten. Antworten gibt es in einem weiteren Bericht am 22.3.2018 um 19.00 Uhr im Museum BERGHEIMAT. Dr. G\u00e4rtner wird das Thema aus unterschiedlichen Perspektiven beleuchten. Anschlie\u00dfend gibt es Raum zur Diskussion. <\/span><\/p>\n<p><span style=\"font-family: arial, helvetica, sans-serif;font-size: 20px\">Der Eintritt ist frei.<\/p>\n<p><\/span><\/p>\n","protected":false},"excerpt":{"rendered":"<p>ein Vortrag von Dr. G\u00e4rtner<\/p>\n<p>Keine Woche vergeht, ohne dass in den Medien \u00fcber regenerative Energien oder den Ausstieg aus der Braunkohle berichtet wird. In einem NRW Stimmungstest aus Januar 2018 pl\u00e4dieren zwei von drei B\u00fcrgern aus Nordrhein-Westfalen f\u00fcr einen fr\u00fcheren Ausstieg aus der Braunkohle, obwohl bis 2040 Betriebsgenehmigungen f\u00fcr die Tagebaue vorliegen. Zeit, so &hellip; <\/p>\n<p><a class=\"more-link btn\" href=\"https:\/\/unser-quartier.de\/stadt-bergheim\/2018\/03\/braunkohle-partner-regenerativer-energien\/\">Weiterlesen<\/a><\/p>\n","protected":false},"author":48,"featured_media":0,"comment_status":"open","ping_status":"open","sticky":false,"template":"","format":"standard","meta":{"_bbp_topic_count":0,"_bbp_reply_count":0,"_bbp_total_topic_count":0,"_bbp_total_reply_count":0,"_bbp_voice_count":0,"_bbp_anonymous_reply_count":0,"_bbp_topic_count_hidden":0,"_bbp_reply_count_hidden":0,"_bbp_forum_subforum_count":0,"jetpack_post_was_ever_published":false,"_jetpack_newsletter_access":"","_jetpack_dont_email_post_to_subs":false,"_jetpack_newsletter_tier_id":0,"_jetpack_memberships_contains_paywalled_content":false,"_jetpack_memberships_contains_paid_content":false,"footnotes":""},"categories":[72],"tags":[],"class_list":["post-21195","post","type-post","status-publish","format-standard","hentry","category-tipps","item-wrap"],"jetpack_sharing_enabled":true,"jetpack_featured_media_url":"","jetpack_shortlink":"https:\/\/wp.me\/p3vhfJ-5vR","jetpack_likes_enabled":true,"_links":{"self":[{"href":"https:\/\/unser-quartier.de\/stadt-bergheim\/wp-json\/wp\/v2\/posts\/21195","targetHints":{"allow":["GET"]}}],"collection":[{"href":"https:\/\/unser-quartier.de\/stadt-bergheim\/wp-json\/wp\/v2\/posts"}],"about":[{"href":"https:\/\/unser-quartier.de\/stadt-bergheim\/wp-json\/wp\/v2\/types\/post"}],"author":[{"embeddable":true,"href":"https:\/\/unser-quartier.de\/stadt-bergheim\/wp-json\/wp\/v2\/users\/48"}],"replies":[{"embeddable":true,"href":"https:\/\/unser-quartier.de\/stadt-bergheim\/wp-json\/wp\/v2\/comments?post=21195"}],"version-history":[{"count":0,"href":"https:\/\/unser-quartier.de\/stadt-bergheim\/wp-json\/wp\/v2\/posts\/21195\/revisions"}],"wp:attachment":[{"href":"https:\/\/unser-quartier.de\/stadt-bergheim\/wp-json\/wp\/v2\/media?parent=21195"}],"wp:term":[{"taxonomy":"category","embeddable":true,"href":"https:\/\/unser-quartier.de\/stadt-bergheim\/wp-json\/wp\/v2\/categories?post=21195"},{"taxonomy":"post_tag","embeddable":true,"href":"https:\/\/unser-quartier.de\/stadt-bergheim\/wp-json\/wp\/v2\/tags?post=21195"}],"curies":[{"name":"wp","href":"https:\/\/api.w.org\/{rel}","templated":true}]}}