{"id":21260,"date":"2018-03-09T00:01:08","date_gmt":"2018-03-08T23:01:08","guid":{"rendered":"https:\/\/unser-quartier.de\/stadt-bergheim\/?p=21260"},"modified":"2018-03-08T19:18:10","modified_gmt":"2018-03-08T18:18:10","slug":"wilde-tiere-in-bergheim","status":"publish","type":"post","link":"https:\/\/unser-quartier.de\/stadt-bergheim\/2018\/03\/wilde-tiere-in-bergheim\/","title":{"rendered":"Wilde Tiere in Bergheim &#8230;"},"content":{"rendered":"<p><span style=\"font-family: arial, helvetica, sans-serif;font-size: 20px\"><a href=\"https:\/\/unser-quartier.de\/stadt-bergheim\/?attachment_id=21261\" rel=\"attachment wp-att-21261\"><img data-recalc-dims=\"1\" loading=\"lazy\" decoding=\"async\" data-attachment-id=\"21261\" data-permalink=\"https:\/\/unser-quartier.de\/stadt-bergheim\/2018\/03\/wilde-tiere-in-bergheim\/8b01e476-f264-4774-9841-4b4b77764129\/\" data-orig-file=\"https:\/\/i0.wp.com\/unser-quartier.de\/stadt-bergheim\/files\/2018\/03\/8B01E476-F264-4774-9841-4B4B77764129.jpeg?fit=507%2C340&amp;ssl=1\" data-orig-size=\"507,340\" data-comments-opened=\"0\" data-image-meta=\"{&quot;aperture&quot;:&quot;4&quot;,&quot;credit&quot;:&quot;&quot;,&quot;camera&quot;:&quot;Canon EOS-1D Mark III&quot;,&quot;caption&quot;:&quot;&quot;,&quot;created_timestamp&quot;:&quot;0&quot;,&quot;copyright&quot;:&quot;&quot;,&quot;focal_length&quot;:&quot;200&quot;,&quot;iso&quot;:&quot;400&quot;,&quot;shutter_speed&quot;:&quot;0.0008&quot;,&quot;title&quot;:&quot;&quot;,&quot;orientation&quot;:&quot;0&quot;}\" data-image-title=\"8B01E476-F264-4774-9841-4B4B77764129\" data-image-description=\"\" data-image-caption=\"\" data-medium-file=\"https:\/\/i0.wp.com\/unser-quartier.de\/stadt-bergheim\/files\/2018\/03\/8B01E476-F264-4774-9841-4B4B77764129.jpeg?fit=300%2C201&amp;ssl=1\" data-large-file=\"https:\/\/i0.wp.com\/unser-quartier.de\/stadt-bergheim\/files\/2018\/03\/8B01E476-F264-4774-9841-4B4B77764129.jpeg?fit=507%2C340&amp;ssl=1\" class=\"alignnone size-full wp-image-21261\" src=\"https:\/\/i0.wp.com\/unser-quartier.de\/stadt-bergheim\/files\/2018\/03\/8B01E476-F264-4774-9841-4B4B77764129.jpeg?resize=507%2C340&#038;ssl=1\" alt=\"\" width=\"507\" height=\"340\" srcset=\"https:\/\/i0.wp.com\/unser-quartier.de\/stadt-bergheim\/files\/2018\/03\/8B01E476-F264-4774-9841-4B4B77764129.jpeg?w=507&amp;ssl=1 507w, https:\/\/i0.wp.com\/unser-quartier.de\/stadt-bergheim\/files\/2018\/03\/8B01E476-F264-4774-9841-4B4B77764129.jpeg?resize=150%2C101&amp;ssl=1 150w, https:\/\/i0.wp.com\/unser-quartier.de\/stadt-bergheim\/files\/2018\/03\/8B01E476-F264-4774-9841-4B4B77764129.jpeg?resize=300%2C201&amp;ssl=1 300w\" sizes=\"auto, (max-width: 507px) 100vw, 507px\" \/><\/a><br \/>\n.<br \/>\nEs werden immer mehr. Neben den Nutrias, die sich ja schon lange mitten in der City wohlf\u00fchlen, entdecken auch andere Wildtiere die Vorteile des Stadtlebens f\u00fcr sich.\u00a0Hier werden sie nicht gejagt, in der Stadt ist der Mensch kein Feind, im Gegenteil&#8230; manch einer ist erfreut, einen Fuchs in seinem Garten zu sehen und stellt sogar einen Happen Hundefutter f\u00fcr ihn bereit. Einen Fuchs in freier Wildbahn zu beobachten ist mittlerweile viel schwieriger, als in der Stadt. Graureiher sind ja auch schon bekannte Neub\u00fcrger bei uns und weil sie au\u00dfer Fischen auch M\u00e4use jagen, auch n\u00fctzlich.<br \/>\nWas uns nicht so begeistert, ist ein Marder, der eventuell Autokabel annagt, oder ein Waschb\u00e4r, der sich auf dem Dachboden einnistet. Ganz zu schweigen, wenn ein paar Wildschweine unseren Garten durchgeackert haben&#8230;<br \/>\n.<br \/>\nDass all diese Tiere in die St\u00e4dte kommen, liegt daran, dass sie hier alles finden, was sie brauchen. Volle M\u00fclleimer, Reste vom Picknick auf der Wiese, Komposthaufen oder \u00fcppige Kleing\u00e4rten. Nicht einmal im Winter wird die Nahrung knapp. Und wer will es ihnen verdenken, dass sie ihren nat\u00fcrlichen Lebensraum verlassen, weil er zunehmend durch Landwirtschaft und Stra\u00dfenbau zerst\u00f6rt wird.<br \/>\n.<br \/>\nvon Reni Petersen<\/span><\/p>\n","protected":false},"excerpt":{"rendered":"<p> . Es werden immer mehr. Neben den Nutrias, die sich ja schon lange mitten in der City wohlf\u00fchlen, entdecken auch andere Wildtiere die Vorteile des Stadtlebens f\u00fcr sich.\u00a0Hier werden sie nicht gejagt, in der Stadt ist der Mensch kein Feind, im Gegenteil&#8230; manch einer ist erfreut, einen Fuchs in seinem Garten zu sehen und &hellip; <\/p>\n<p><a class=\"more-link btn\" href=\"https:\/\/unser-quartier.de\/stadt-bergheim\/2018\/03\/wilde-tiere-in-bergheim\/\">Weiterlesen<\/a><\/p>\n","protected":false},"author":48,"featured_media":0,"comment_status":"open","ping_status":"open","sticky":false,"template":"","format":"standard","meta":{"_bbp_topic_count":0,"_bbp_reply_count":0,"_bbp_total_topic_count":0,"_bbp_total_reply_count":0,"_bbp_voice_count":0,"_bbp_anonymous_reply_count":0,"_bbp_topic_count_hidden":0,"_bbp_reply_count_hidden":0,"_bbp_forum_subforum_count":0,"jetpack_post_was_ever_published":false,"_jetpack_newsletter_access":"","_jetpack_dont_email_post_to_subs":false,"_jetpack_newsletter_tier_id":0,"_jetpack_memberships_contains_paywalled_content":false,"_jetpack_memberships_contains_paid_content":false,"footnotes":""},"categories":[58],"tags":[],"class_list":["post-21260","post","type-post","status-publish","format-standard","hentry","category-alltagshilfen","item-wrap"],"jetpack_sharing_enabled":true,"jetpack_featured_media_url":"","jetpack_shortlink":"https:\/\/wp.me\/p3vhfJ-5wU","jetpack_likes_enabled":true,"_links":{"self":[{"href":"https:\/\/unser-quartier.de\/stadt-bergheim\/wp-json\/wp\/v2\/posts\/21260","targetHints":{"allow":["GET"]}}],"collection":[{"href":"https:\/\/unser-quartier.de\/stadt-bergheim\/wp-json\/wp\/v2\/posts"}],"about":[{"href":"https:\/\/unser-quartier.de\/stadt-bergheim\/wp-json\/wp\/v2\/types\/post"}],"author":[{"embeddable":true,"href":"https:\/\/unser-quartier.de\/stadt-bergheim\/wp-json\/wp\/v2\/users\/48"}],"replies":[{"embeddable":true,"href":"https:\/\/unser-quartier.de\/stadt-bergheim\/wp-json\/wp\/v2\/comments?post=21260"}],"version-history":[{"count":0,"href":"https:\/\/unser-quartier.de\/stadt-bergheim\/wp-json\/wp\/v2\/posts\/21260\/revisions"}],"wp:attachment":[{"href":"https:\/\/unser-quartier.de\/stadt-bergheim\/wp-json\/wp\/v2\/media?parent=21260"}],"wp:term":[{"taxonomy":"category","embeddable":true,"href":"https:\/\/unser-quartier.de\/stadt-bergheim\/wp-json\/wp\/v2\/categories?post=21260"},{"taxonomy":"post_tag","embeddable":true,"href":"https:\/\/unser-quartier.de\/stadt-bergheim\/wp-json\/wp\/v2\/tags?post=21260"}],"curies":[{"name":"wp","href":"https:\/\/api.w.org\/{rel}","templated":true}]}}