{"id":21334,"date":"2018-03-13T10:08:50","date_gmt":"2018-03-13T09:08:50","guid":{"rendered":"https:\/\/unser-quartier.de\/stadt-bergheim\/?p=21334"},"modified":"2018-04-30T13:56:33","modified_gmt":"2018-04-30T11:56:33","slug":"glessener-kunsttage-jetzt-bewerben","status":"publish","type":"post","link":"https:\/\/unser-quartier.de\/stadt-bergheim\/2018\/03\/glessener-kunsttage-jetzt-bewerben\/","title":{"rendered":"Glessener Kunsttage &#8211; jetzt bewerben!"},"content":{"rendered":"<p><strong>Offen auch f\u00fcr Neueinsteiger und Hobbyk\u00fcnstler<\/strong><\/p>\n<div id=\"attachment_21335\" style=\"width: 300px\" class=\"wp-caption alignnone\"><img data-recalc-dims=\"1\" loading=\"lazy\" decoding=\"async\" aria-describedby=\"caption-attachment-21335\" data-attachment-id=\"21335\" data-permalink=\"https:\/\/unser-quartier.de\/stadt-bergheim\/2018\/03\/glessener-kunsttage-jetzt-bewerben\/art-of-5\/\" data-orig-file=\"https:\/\/i0.wp.com\/unser-quartier.de\/stadt-bergheim\/files\/2018\/03\/Art-of-5.jpg?fit=1024%2C684&amp;ssl=1\" data-orig-size=\"1024,684\" data-comments-opened=\"0\" data-image-meta=\"{&quot;aperture&quot;:&quot;0&quot;,&quot;credit&quot;:&quot;&quot;,&quot;camera&quot;:&quot;&quot;,&quot;caption&quot;:&quot;&quot;,&quot;created_timestamp&quot;:&quot;0&quot;,&quot;copyright&quot;:&quot;&quot;,&quot;focal_length&quot;:&quot;0&quot;,&quot;iso&quot;:&quot;0&quot;,&quot;shutter_speed&quot;:&quot;0&quot;,&quot;title&quot;:&quot;&quot;,&quot;orientation&quot;:&quot;0&quot;}\" data-image-title=\"Art of 5\" data-image-description=\"\" data-image-caption=\"\" data-medium-file=\"https:\/\/i0.wp.com\/unser-quartier.de\/stadt-bergheim\/files\/2018\/03\/Art-of-5.jpg?fit=300%2C200&amp;ssl=1\" data-large-file=\"https:\/\/i0.wp.com\/unser-quartier.de\/stadt-bergheim\/files\/2018\/03\/Art-of-5.jpg?fit=770%2C514&amp;ssl=1\" class=\"wp-image-21335 size-medium\" src=\"https:\/\/i0.wp.com\/unser-quartier.de\/stadt-bergheim\/files\/2018\/03\/Art-of-5.jpg?resize=300%2C200&#038;ssl=1\" alt=\"\" width=\"300\" height=\"200\" srcset=\"https:\/\/i0.wp.com\/unser-quartier.de\/stadt-bergheim\/files\/2018\/03\/Art-of-5.jpg?resize=300%2C200&amp;ssl=1 300w, https:\/\/i0.wp.com\/unser-quartier.de\/stadt-bergheim\/files\/2018\/03\/Art-of-5.jpg?resize=150%2C100&amp;ssl=1 150w, https:\/\/i0.wp.com\/unser-quartier.de\/stadt-bergheim\/files\/2018\/03\/Art-of-5.jpg?resize=768%2C513&amp;ssl=1 768w, https:\/\/i0.wp.com\/unser-quartier.de\/stadt-bergheim\/files\/2018\/03\/Art-of-5.jpg?w=1024&amp;ssl=1 1024w\" sizes=\"auto, (max-width: 300px) 100vw, 300px\" \/><p id=\"caption-attachment-21335\" class=\"wp-caption-text\">v.l.n.r.: Ursula Schmelzer, Petra de Jong-Berger, Robert Budka, Ulrike Klerx und Marie-Th\u00e9r\u00e8se Breyer sind Art of 5.<\/p><\/div>\n<p><strong>Art of 5 <\/strong>\u2013 das sind f\u00fcnf K\u00fcnstler aus Glessen, Fliesteden und H\u00fcrth, die alle zwei Jahre ihre Ateliers zu den \u201eGlessener Kunsttagen\u201c \u00f6ffnen. 2018 ist es wieder so weit, und zwar vom <strong>6. bis zum 7. Oktober<\/strong>, 11 bis 18 Uhr. Aufgerufen sind auch wieder Gastaussteller aus der n\u00e4heren Umgebung sowie erstmals auch Neueinsteiger und Hobbyk\u00fcnstler.<\/p>\n<p>\u201eAlle Kreativen vor Ort sind eingeladen, bei uns mitzumachen und ihre Arbeiten zu pr\u00e4sentieren. Das k\u00f6nnen Gem\u00e4lde sein, bildende Kunst aus verschiedenen Materialien, Fotos, Schmuck oder Gen\u00e4htes\u201c, so Ulrike Klerx. Bewerbungen werden bis nach Ostern entgegengenommen.<\/p>\n<p>&nbsp;<\/p>\n<div class=\"alert alert-info\" role=\"alert\"><p class=\"printonly\"><strong>Notice<\/strong><\/p><\/p>\n<p class=\"first-p\"><strong>Kontakt:<\/strong><\/p>\n<p>Robert Budka<br \/>\n<a href=\"mailto:robert@budka.de\">robert@budka.de<\/a><br \/>\n0172-2655935<\/p>\n<p>www.artof5.de<\/p>\n<p><\/div>\n<p>&nbsp;<\/p>\n","protected":false},"excerpt":{"rendered":"<p><strong>Offen auch f\u00fcr Neueinsteiger und Hobbyk\u00fcnstler<\/strong><\/p>\n<p><strong>Art of 5 <\/strong>\u2013 das sind f\u00fcnf K\u00fcnstler aus Glessen, Fliesteden und H\u00fcrth, die alle zwei Jahre ihre Ateliers zu den \u201eGlessener Kunsttagen\u201c \u00f6ffnen. 2018 ist es wieder so weit, und zwar vom <strong>6. bis zum 7. Oktober<\/strong>, 11 bis 18 Uhr. Aufgerufen sind auch wieder Gastaussteller aus der &hellip; <\/p>\n<p><a class=\"more-link btn\" href=\"https:\/\/unser-quartier.de\/stadt-bergheim\/2018\/03\/glessener-kunsttage-jetzt-bewerben\/\">Weiterlesen<\/a><\/p>\n","protected":false},"author":133,"featured_media":0,"comment_status":"open","ping_status":"open","sticky":false,"template":"","format":"standard","meta":{"_bbp_topic_count":0,"_bbp_reply_count":0,"_bbp_total_topic_count":0,"_bbp_total_reply_count":0,"_bbp_voice_count":0,"_bbp_anonymous_reply_count":0,"_bbp_topic_count_hidden":0,"_bbp_reply_count_hidden":0,"_bbp_forum_subforum_count":0,"jetpack_post_was_ever_published":false,"_jetpack_newsletter_access":"","_jetpack_dont_email_post_to_subs":false,"_jetpack_newsletter_tier_id":0,"_jetpack_memberships_contains_paywalled_content":false,"_jetpack_memberships_contains_paid_content":false,"footnotes":""},"categories":[71],"tags":[],"class_list":["post-21334","post","type-post","status-publish","format-standard","hentry","category-freizeit","item-wrap"],"jetpack_sharing_enabled":true,"jetpack_featured_media_url":"","jetpack_shortlink":"https:\/\/wp.me\/p3vhfJ-5y6","jetpack_likes_enabled":true,"_links":{"self":[{"href":"https:\/\/unser-quartier.de\/stadt-bergheim\/wp-json\/wp\/v2\/posts\/21334","targetHints":{"allow":["GET"]}}],"collection":[{"href":"https:\/\/unser-quartier.de\/stadt-bergheim\/wp-json\/wp\/v2\/posts"}],"about":[{"href":"https:\/\/unser-quartier.de\/stadt-bergheim\/wp-json\/wp\/v2\/types\/post"}],"author":[{"embeddable":true,"href":"https:\/\/unser-quartier.de\/stadt-bergheim\/wp-json\/wp\/v2\/users\/133"}],"replies":[{"embeddable":true,"href":"https:\/\/unser-quartier.de\/stadt-bergheim\/wp-json\/wp\/v2\/comments?post=21334"}],"version-history":[{"count":0,"href":"https:\/\/unser-quartier.de\/stadt-bergheim\/wp-json\/wp\/v2\/posts\/21334\/revisions"}],"wp:attachment":[{"href":"https:\/\/unser-quartier.de\/stadt-bergheim\/wp-json\/wp\/v2\/media?parent=21334"}],"wp:term":[{"taxonomy":"category","embeddable":true,"href":"https:\/\/unser-quartier.de\/stadt-bergheim\/wp-json\/wp\/v2\/categories?post=21334"},{"taxonomy":"post_tag","embeddable":true,"href":"https:\/\/unser-quartier.de\/stadt-bergheim\/wp-json\/wp\/v2\/tags?post=21334"}],"curies":[{"name":"wp","href":"https:\/\/api.w.org\/{rel}","templated":true}]}}