{"id":21394,"date":"2018-03-17T00:01:02","date_gmt":"2018-03-16T23:01:02","guid":{"rendered":"https:\/\/unser-quartier.de\/stadt-bergheim\/?p=21394"},"modified":"2018-03-16T15:10:03","modified_gmt":"2018-03-16T14:10:03","slug":"eine-schoene-fruehlingsgeschichte","status":"publish","type":"post","link":"https:\/\/unser-quartier.de\/stadt-bergheim\/2018\/03\/eine-schoene-fruehlingsgeschichte\/","title":{"rendered":"Eine sch\u00f6ne Fr\u00fchlingsgeschichte &#8230;"},"content":{"rendered":"<p><a href=\"https:\/\/unser-quartier.de\/stadt-bergheim\/?attachment_id=21395\" rel=\"attachment wp-att-21395\"><img data-recalc-dims=\"1\" loading=\"lazy\" decoding=\"async\" data-attachment-id=\"21395\" data-permalink=\"https:\/\/unser-quartier.de\/stadt-bergheim\/2018\/03\/eine-schoene-fruehlingsgeschichte\/ea9f88dc-34f2-4be1-b2e3-63e06ea10762\/\" data-orig-file=\"https:\/\/i0.wp.com\/unser-quartier.de\/stadt-bergheim\/files\/2018\/03\/EA9F88DC-34F2-4BE1-B2E3-63E06EA10762.jpeg?fit=535%2C340&amp;ssl=1\" data-orig-size=\"535,340\" data-comments-opened=\"0\" data-image-meta=\"{&quot;aperture&quot;:&quot;0&quot;,&quot;credit&quot;:&quot;&quot;,&quot;camera&quot;:&quot;&quot;,&quot;caption&quot;:&quot;&quot;,&quot;created_timestamp&quot;:&quot;0&quot;,&quot;copyright&quot;:&quot;&quot;,&quot;focal_length&quot;:&quot;0&quot;,&quot;iso&quot;:&quot;0&quot;,&quot;shutter_speed&quot;:&quot;0&quot;,&quot;title&quot;:&quot;&quot;,&quot;orientation&quot;:&quot;0&quot;}\" data-image-title=\"EA9F88DC-34F2-4BE1-B2E3-63E06EA10762\" data-image-description=\"\" data-image-caption=\"\" data-medium-file=\"https:\/\/i0.wp.com\/unser-quartier.de\/stadt-bergheim\/files\/2018\/03\/EA9F88DC-34F2-4BE1-B2E3-63E06EA10762.jpeg?fit=300%2C191&amp;ssl=1\" data-large-file=\"https:\/\/i0.wp.com\/unser-quartier.de\/stadt-bergheim\/files\/2018\/03\/EA9F88DC-34F2-4BE1-B2E3-63E06EA10762.jpeg?fit=535%2C340&amp;ssl=1\" class=\"alignnone size-medium wp-image-21395\" src=\"https:\/\/i0.wp.com\/unser-quartier.de\/stadt-bergheim\/files\/2018\/03\/EA9F88DC-34F2-4BE1-B2E3-63E06EA10762.jpeg?resize=300%2C191&#038;ssl=1\" alt=\"\" width=\"300\" height=\"191\" srcset=\"https:\/\/i0.wp.com\/unser-quartier.de\/stadt-bergheim\/files\/2018\/03\/EA9F88DC-34F2-4BE1-B2E3-63E06EA10762.jpeg?resize=300%2C191&amp;ssl=1 300w, https:\/\/i0.wp.com\/unser-quartier.de\/stadt-bergheim\/files\/2018\/03\/EA9F88DC-34F2-4BE1-B2E3-63E06EA10762.jpeg?resize=150%2C95&amp;ssl=1 150w, https:\/\/i0.wp.com\/unser-quartier.de\/stadt-bergheim\/files\/2018\/03\/EA9F88DC-34F2-4BE1-B2E3-63E06EA10762.jpeg?w=535&amp;ssl=1 535w\" sizes=\"auto, (max-width: 300px) 100vw, 300px\" \/><\/a><\/p>\n<p><span style=\"font-family: arial, helvetica, sans-serif;font-size: 20px\"><br \/>\nGerne erz\u00e4hle ich meinen Enkelkindern von fr\u00fcher, als ich selber noch ein Kind war.\u00a0Als neulich Leonie fragte: &#8220;Oma, welches sind eigentlich deine Lieblingsblumen?&#8221; Da musste ich nicht lange nachdenken. &#8220;Maigl\u00f6ckchen&#8221; antwortete ich, &#8220;sie sind so schlicht und durften so bet\u00f6rend. Au\u00dferdem hat euer Opa mir zum ersten Rendez-vous ein Str\u00e4u\u00dfchen Maigl\u00f6ckchen mitgebracht. So etwas vergisst man nicht.\u00a0Ich kann euch demn\u00e4chst mal mein geheimes Maigl\u00f6ckchen Gebiet im Wald zeigen.\u00a0Dort habe ich als Kind K\u00f6rbe voll davon gepfl\u00fcckt, kleine Str\u00e4u\u00dfchen gebunden und am Stra\u00dfenrand an Autofahrer verkauft. Das gab ein sch\u00f6nes Taschengeld&#8230;&#8221;<br \/>\n&#8220;Aber Oma&#8221;, sagte Leonie, &#8221; Maigl\u00f6ckchen d\u00fcrfen doch nicht gepfl\u00fcckt werden, das ist verboten hat unsere Lehrerin gesagt.&#8221; Und Peter f\u00fcgt noch hinzu: &#8220;Au\u00dferdem sind sie giftig.&#8221; Mir fiel nur ein zu sagen: &#8220;Du sollst sie ja nicht essen.&#8221; &#8220;Wirklich schade, dass sie unter Naturschutz stehen&#8221;, sagte Leonie&#8230;&#8221;Taschengeld h\u00e4tte ich mir auch gerne verdient.&#8221;\u00a0Und Peter, dem kleinen Herzensbrecher fiel ein: &#8220;Oma, wenn bald die Maigl\u00f6ckchen in unserem Garten raus kommen, dann bekommst du ein Str\u00e4u\u00dfchen!&#8221;<br \/>\n.<br \/>\nvon Annemarie Esser<\/span><\/p>\n","protected":false},"excerpt":{"rendered":"<\/p>\n<p> Gerne erz\u00e4hle ich meinen Enkelkindern von fr\u00fcher, als ich selber noch ein Kind war.\u00a0Als neulich Leonie fragte: &#8220;Oma, welches sind eigentlich deine Lieblingsblumen?&#8221; Da musste ich nicht lange nachdenken. &#8220;Maigl\u00f6ckchen&#8221; antwortete ich, &#8220;sie sind so schlicht und durften so bet\u00f6rend. Au\u00dferdem hat euer Opa mir zum ersten Rendez-vous ein Str\u00e4u\u00dfchen Maigl\u00f6ckchen mitgebracht. So &hellip; <\/p>\n<p><a class=\"more-link btn\" href=\"https:\/\/unser-quartier.de\/stadt-bergheim\/2018\/03\/eine-schoene-fruehlingsgeschichte\/\">Weiterlesen<\/a><\/p>\n","protected":false},"author":48,"featured_media":0,"comment_status":"open","ping_status":"open","sticky":false,"template":"","format":"standard","meta":{"_bbp_topic_count":0,"_bbp_reply_count":0,"_bbp_total_topic_count":0,"_bbp_total_reply_count":0,"_bbp_voice_count":0,"_bbp_anonymous_reply_count":0,"_bbp_topic_count_hidden":0,"_bbp_reply_count_hidden":0,"_bbp_forum_subforum_count":0,"jetpack_post_was_ever_published":false,"_jetpack_newsletter_access":"","_jetpack_dont_email_post_to_subs":false,"_jetpack_newsletter_tier_id":0,"_jetpack_memberships_contains_paywalled_content":false,"_jetpack_memberships_contains_paid_content":false,"footnotes":""},"categories":[75],"tags":[],"class_list":["post-21394","post","type-post","status-publish","format-standard","hentry","category-buntes-brett","item-wrap"],"jetpack_sharing_enabled":true,"jetpack_featured_media_url":"","jetpack_shortlink":"https:\/\/wp.me\/p3vhfJ-5z4","jetpack_likes_enabled":true,"_links":{"self":[{"href":"https:\/\/unser-quartier.de\/stadt-bergheim\/wp-json\/wp\/v2\/posts\/21394","targetHints":{"allow":["GET"]}}],"collection":[{"href":"https:\/\/unser-quartier.de\/stadt-bergheim\/wp-json\/wp\/v2\/posts"}],"about":[{"href":"https:\/\/unser-quartier.de\/stadt-bergheim\/wp-json\/wp\/v2\/types\/post"}],"author":[{"embeddable":true,"href":"https:\/\/unser-quartier.de\/stadt-bergheim\/wp-json\/wp\/v2\/users\/48"}],"replies":[{"embeddable":true,"href":"https:\/\/unser-quartier.de\/stadt-bergheim\/wp-json\/wp\/v2\/comments?post=21394"}],"version-history":[{"count":0,"href":"https:\/\/unser-quartier.de\/stadt-bergheim\/wp-json\/wp\/v2\/posts\/21394\/revisions"}],"wp:attachment":[{"href":"https:\/\/unser-quartier.de\/stadt-bergheim\/wp-json\/wp\/v2\/media?parent=21394"}],"wp:term":[{"taxonomy":"category","embeddable":true,"href":"https:\/\/unser-quartier.de\/stadt-bergheim\/wp-json\/wp\/v2\/categories?post=21394"},{"taxonomy":"post_tag","embeddable":true,"href":"https:\/\/unser-quartier.de\/stadt-bergheim\/wp-json\/wp\/v2\/tags?post=21394"}],"curies":[{"name":"wp","href":"https:\/\/api.w.org\/{rel}","templated":true}]}}