{"id":21397,"date":"2018-03-17T18:03:21","date_gmt":"2018-03-17T17:03:21","guid":{"rendered":"https:\/\/unser-quartier.de\/stadt-bergheim\/?p=21397"},"modified":"2018-03-17T18:14:11","modified_gmt":"2018-03-17T17:14:11","slug":"so-war-das-damals-eine-zeitgeschichte","status":"publish","type":"post","link":"https:\/\/unser-quartier.de\/stadt-bergheim\/2018\/03\/so-war-das-damals-eine-zeitgeschichte\/","title":{"rendered":"So war das damals, eine Zeitgeschichte&#8230;"},"content":{"rendered":"<p><span style=\"font-family: arial, helvetica, sans-serif;font-size: 20px\"><strong>Meine erste Liebe<\/strong> war Ende August 1958. Ich wei\u00df das noch so genau, weil an dem Wochenende bei uns immer Kirmes war. Ich war 14.5 Jahre und schon recht gut dabei. Es waren zu der Zeit grade junge Italiener ins Dorf gekommen, die bei uns in den Kohleminen arbeiten wollten. Die jungen M\u00e4nner erregten bei uns M\u00e4dchen gro\u00dfe Aufmerksamkeit, denn sie sangen auf der Stra\u00dfe zu der Gitarre, waren sehr direkt und charmant. Die Italienische Sprache klang wie Musik in meinen Ohren. Bald hatten einige \u00e4ltere M\u00e4dchen ein Verh\u00e4ltnis mit einem der jungen M\u00e4nner. Doch es interessierte sich auch einer f\u00fcr mich. Er war klein, doch das passte gut zu mir, ich war ja selber noch nicht ausgewachsen. Nachdem wir zusammen so gut es eben ging geredet und gelacht hatten, nahm er mich beiseite und k\u00fcsste mich auf den Mund. Ich war \u00fcberrascht, erschrocken aber fand es doch sehr spannend. Ich wei\u00df noch das ich dachte:<strong> \u201eOh, so ist also die Liebe<\/strong>\u201c.\u00a0In der darauffolgenden Nacht konnte ich kaum schlafen vor Aufregung. Ich bin Mario noch \u00f6fters begegnet und jedes Mal war es eine wilde K\u00fcsserei, mehr aber nicht. Mario war sicher der Meinung, ich war noch ein Kind, denn immerhin war er ja schon 20.\u00a0Nach einer Woche bekam ich zum ersten Mal die Periode. Ich war sehr erschrocken, weil ich das mit Mario in Verbindung brachte. Meine Freundin meinte, ich sei bestimmt schwanger. Wir waren schon etwas aufgekl\u00e4rt, doch man kann ja nie wissen. Ich hatte gro\u00dfe Panik. War doch im Dorf ein M\u00e4dchen, die mit 14 Jahre schon Mutter geworden war und die uns M\u00e4dchen als Abschreckung diente. Ich steckte alle m\u00f6gliche T\u00fccher, die ich finden konnte in meine Hosen und lie\u00df sie dann unter meinem Bett verschwinden, um meine Mutter ja nicht \u00fcber meine \u201eSchwangerschaft\u201c erz\u00e4hlen zu m\u00fcssen.\u00a0Ich stand am Fenster und h\u00f6rte, wie meine Mutter die Zimmerb\u00f6den im Nachbarszimmer wischte. Sie kam meinem Zimmer n\u00e4her und ich wusste, sie wird auch unter meinem Bett wischen. Aber ich konnte nicht mehr fl\u00fcchten, ich sa\u00df in der Falle. Sie wird mich gleich sicher mit dem Mob erschlagen, dachte ich. Ich wagte kaum zu atmen. Da kam sie in meinem Zimmer und der Mob verschwand unter meinem Bett. Da h\u00f6rte ich meine Mutter ganz hinter mir sagen: \u201eAch, hast Du die Schweinerei auch schon\u201c. Eine zentnerschwere Last fiel mir von den Schultern, mindestens. Ich hatte schon vor, mit Mario dar\u00fcber zu sprechen, der h\u00e4tte sich sicher mit seinen Freunden \u00fcber das K\u00fcken, dass ich war am\u00fcsiert. Wir sind noch einige Male ins Kino gegangen, da wurde man nicht so beobachtet wie auf der Stra\u00dfe. Tanzen d\u00fcrfte ich ja noch nicht. Es gab damals so viel Auswahl unter den jungen M\u00e4nnern, dass ich bald einen anderen hatte, die Liebeleien dauerten damals nicht sehr lange. <strong>Aber an Mario denke ich noch \u00f6fter zur\u00fcck, er war ja meine erste Erfahrung mit der Liebe.<\/strong><br \/>\n<\/span><\/p>\n<p><span style=\"font-family: arial, helvetica, sans-serif;font-size: 20px\">von Maria Voss<br \/>\n<\/span><\/p>\n","protected":false},"excerpt":{"rendered":"<p><strong>Meine erste Liebe<\/strong> war Ende August 1958. Ich wei\u00df das noch so genau, weil an dem Wochenende bei uns immer Kirmes war. Ich war 14.5 Jahre und schon recht gut dabei. Es waren zu der Zeit grade junge Italiener ins Dorf gekommen, die bei uns in den Kohleminen arbeiten wollten. Die jungen M\u00e4nner erregten bei &hellip; <\/p>\n<p><a class=\"more-link btn\" href=\"https:\/\/unser-quartier.de\/stadt-bergheim\/2018\/03\/so-war-das-damals-eine-zeitgeschichte\/\">Weiterlesen<\/a><\/p>\n","protected":false},"author":48,"featured_media":0,"comment_status":"open","ping_status":"open","sticky":false,"template":"","format":"standard","meta":{"_bbp_topic_count":0,"_bbp_reply_count":0,"_bbp_total_topic_count":0,"_bbp_total_reply_count":0,"_bbp_voice_count":0,"_bbp_anonymous_reply_count":0,"_bbp_topic_count_hidden":0,"_bbp_reply_count_hidden":0,"_bbp_forum_subforum_count":0,"jetpack_post_was_ever_published":false,"_jetpack_newsletter_access":"","_jetpack_dont_email_post_to_subs":false,"_jetpack_newsletter_tier_id":0,"_jetpack_memberships_contains_paywalled_content":false,"_jetpack_memberships_contains_paid_content":false,"footnotes":""},"categories":[75],"tags":[],"class_list":["post-21397","post","type-post","status-publish","format-standard","hentry","category-buntes-brett","item-wrap"],"jetpack_sharing_enabled":true,"jetpack_featured_media_url":"","jetpack_shortlink":"https:\/\/wp.me\/p3vhfJ-5z7","jetpack_likes_enabled":true,"_links":{"self":[{"href":"https:\/\/unser-quartier.de\/stadt-bergheim\/wp-json\/wp\/v2\/posts\/21397","targetHints":{"allow":["GET"]}}],"collection":[{"href":"https:\/\/unser-quartier.de\/stadt-bergheim\/wp-json\/wp\/v2\/posts"}],"about":[{"href":"https:\/\/unser-quartier.de\/stadt-bergheim\/wp-json\/wp\/v2\/types\/post"}],"author":[{"embeddable":true,"href":"https:\/\/unser-quartier.de\/stadt-bergheim\/wp-json\/wp\/v2\/users\/48"}],"replies":[{"embeddable":true,"href":"https:\/\/unser-quartier.de\/stadt-bergheim\/wp-json\/wp\/v2\/comments?post=21397"}],"version-history":[{"count":0,"href":"https:\/\/unser-quartier.de\/stadt-bergheim\/wp-json\/wp\/v2\/posts\/21397\/revisions"}],"wp:attachment":[{"href":"https:\/\/unser-quartier.de\/stadt-bergheim\/wp-json\/wp\/v2\/media?parent=21397"}],"wp:term":[{"taxonomy":"category","embeddable":true,"href":"https:\/\/unser-quartier.de\/stadt-bergheim\/wp-json\/wp\/v2\/categories?post=21397"},{"taxonomy":"post_tag","embeddable":true,"href":"https:\/\/unser-quartier.de\/stadt-bergheim\/wp-json\/wp\/v2\/tags?post=21397"}],"curies":[{"name":"wp","href":"https:\/\/api.w.org\/{rel}","templated":true}]}}