{"id":21463,"date":"2018-03-23T08:00:28","date_gmt":"2018-03-23T07:00:28","guid":{"rendered":"https:\/\/unser-quartier.de\/stadt-bergheim\/?p=21463"},"modified":"2018-03-21T12:51:20","modified_gmt":"2018-03-21T11:51:20","slug":"komm-an-in-bergheim","status":"publish","type":"post","link":"https:\/\/unser-quartier.de\/stadt-bergheim\/2018\/03\/komm-an-in-bergheim\/","title":{"rendered":"&#8220;KOMM AN&#8221; in Bergheim"},"content":{"rendered":"<p><strong>Landesmittel f\u00f6rdern Integrations-Treffpunkte und Ehrenamt in der Fl\u00fcchtlingshilfe<\/strong><\/p>\n<p>Im Sommer 2015 erlebte die Bundesrepublik Deutschland die gr\u00f6\u00dfte Neuzuwanderung in ihrer Geschichte. Zahlreiche B\u00fcrgerinnen und B\u00fcrger haben Verantwortung \u00fcbernommen und mitangepackt, auch hier bei uns in Bergheim.<\/p>\n<div id=\"attachment_21474\" style=\"width: 300px\" class=\"wp-caption alignleft\"><img data-recalc-dims=\"1\" loading=\"lazy\" decoding=\"async\" aria-describedby=\"caption-attachment-21474\" data-attachment-id=\"21474\" data-permalink=\"https:\/\/unser-quartier.de\/stadt-bergheim\/2018\/03\/komm-an-in-bergheim\/willkommensfest1\/\" data-orig-file=\"https:\/\/i0.wp.com\/unser-quartier.de\/stadt-bergheim\/files\/2018\/03\/Willkommensfest1.jpg?fit=1024%2C680&amp;ssl=1\" data-orig-size=\"1024,680\" data-comments-opened=\"0\" data-image-meta=\"{&quot;aperture&quot;:&quot;0&quot;,&quot;credit&quot;:&quot;&quot;,&quot;camera&quot;:&quot;&quot;,&quot;caption&quot;:&quot;&quot;,&quot;created_timestamp&quot;:&quot;0&quot;,&quot;copyright&quot;:&quot;&quot;,&quot;focal_length&quot;:&quot;0&quot;,&quot;iso&quot;:&quot;0&quot;,&quot;shutter_speed&quot;:&quot;0&quot;,&quot;title&quot;:&quot;&quot;,&quot;orientation&quot;:&quot;0&quot;}\" data-image-title=\"Willkommensfest1\" data-image-description=\"\" data-image-caption=\"&lt;p&gt;Nachbarschaftsfest in Niederau\u00dfem&lt;\/p&gt;\n\" data-medium-file=\"https:\/\/i0.wp.com\/unser-quartier.de\/stadt-bergheim\/files\/2018\/03\/Willkommensfest1.jpg?fit=300%2C199&amp;ssl=1\" data-large-file=\"https:\/\/i0.wp.com\/unser-quartier.de\/stadt-bergheim\/files\/2018\/03\/Willkommensfest1.jpg?fit=770%2C511&amp;ssl=1\" class=\"wp-image-21474 size-medium\" src=\"https:\/\/i0.wp.com\/unser-quartier.de\/stadt-bergheim\/files\/2018\/03\/Willkommensfest1.jpg?resize=300%2C199&#038;ssl=1\" alt=\"\" width=\"300\" height=\"199\" srcset=\"https:\/\/i0.wp.com\/unser-quartier.de\/stadt-bergheim\/files\/2018\/03\/Willkommensfest1.jpg?resize=300%2C199&amp;ssl=1 300w, https:\/\/i0.wp.com\/unser-quartier.de\/stadt-bergheim\/files\/2018\/03\/Willkommensfest1.jpg?resize=150%2C100&amp;ssl=1 150w, https:\/\/i0.wp.com\/unser-quartier.de\/stadt-bergheim\/files\/2018\/03\/Willkommensfest1.jpg?resize=768%2C510&amp;ssl=1 768w, https:\/\/i0.wp.com\/unser-quartier.de\/stadt-bergheim\/files\/2018\/03\/Willkommensfest1.jpg?w=1024&amp;ssl=1 1024w\" sizes=\"auto, (max-width: 300px) 100vw, 300px\" \/><p id=\"caption-attachment-21474\" class=\"wp-caption-text\">Willkommensfest in Niederau\u00dfem<\/p><\/div>\n<p>Junge und \u00c4ltere, Einheimische und Migranten, die schon l\u00e4nger hier leben, waren mit viel Herzblut dabei, als die St\u00e4dte und Gemeinden pl\u00f6tzlich Fl\u00fcchtlings-Unterk\u00fcnfte herrichten, Lebensmittel, Kleidung und Spielzeug bereitstellen mussten. Viele ehrenamtlich t\u00e4tige Frauen und M\u00e4nner stehen bis heute den neu bei uns Angekommenen hilfreich zur Seite \u2013 bei der Orientierung vor Ort, beim Erlernen der deutschen Sprache und der Kontaktaufnahme zu Vereinen, Beh\u00f6rden, Kindertageseinrichtungen, Schulen und Arbeitgebern.<\/p>\n<p>Das bew\u00e4hrte Landesprogramm \u201eKOMM-AN NRW\u201c f\u00f6rdert diese unverzichtbare Arbeit vor Ort und will einen Beitrag dazu leisten, den gesellschaftlichen Zusammenhalt in den Stadten und Gemeinden auf Dauer zu sichern. Ziel ist es, die Integration von Fl\u00fcchtlingen und Neuzugewanderten in den Kommunen zu unterst\u00fctzen und das ehrenamtliche Engagement in der Fl\u00fcchtlingshilfe zu st\u00e4rken und zu begleiten.<\/p>\n<p>Die F\u00f6rdermittel in H\u00f6he von rund 34.000 Euro\u00a0 hat die Kreisstadt Bergheim dazu genutzt, erfolgreiche Integrationsprojekte und b\u00fcrgerschaftliches Engagement in der Fl\u00fcchtlingshilfe voranzubringen. So konnten bestehende Begegnungsr\u00e4ume in den Stadtteilen Bergheim S\u00fcd-West, Quadrath-Ichendorf und Niederau\u00dfem mit Unterst\u00fctzung von KOMM-AN ihre Integrationsarbeit ausgebaut und das Miteinander von Gefl\u00fcchteten und Ehrenamtlichen gest\u00e4rkt werden. In Ahe ist jetzt mit dem neuen Quartiersb\u00fcro ein weiterer Treffpunkt hinzugekommen.<\/p>\n<p><strong>Unverzichtbare Arbeit vor Ort<\/strong><\/p>\n<p>In Bergheim wurde das F\u00f6rderprogramm ab Juni 2016 umgesetzt. \u201eBegegnung und Kontakte entscheiden dar\u00fcber, ob sich jemand zugeh\u00f6rig f\u00fchlt und als ein Teil der Gemeinschaft empfindet\u201c, beschreibt die Integrationsbeauftragte\u00a0 und Koordinatorin Karin Neugebauer das Konzept.<\/p>\n<ul>\n<li>Mit seinen vielf\u00e4ltigen Angeboten und dem \u201eGrenzenlos\u201c- Laden und Caf\u00e9 hat sich das 2017 er\u00f6ffnete <strong>Quartiersb\u00fcro in Niederau\u00dfem<\/strong> zu einer zentralen Anlaufstelle entwickelt. \u201eNur durch das vielf\u00e4ltige freiwillige Engagement, die Unterst\u00fctzung der Gefl\u00fcchteten, die Besucherinnen und Besucher, die immer neue Ideen einbringen, konnte die ehemalige Paulusschule im letzten Jahr wieder zu einem lebendigen Ort im Stadtteil werden\u201c, lobt Quartiersmanagerin Sabine Niehus den guten Zusammenhalt. Dank KOMM-AN NRW konnten unter anderem Kreativ- und Spielangebote f\u00fcr Kinder, eine Fahrradwerkstatt und ein Medienraum f\u00fcr Kurse und Veranstaltungen finanziert werden.<\/li>\n<\/ul>\n<p><em>Kreativ- und Spielangebote geh\u00f6ren jetzt in Niederau\u00dfem fest zum Programm<\/em><br \/>\n<img data-recalc-dims=\"1\" loading=\"lazy\" decoding=\"async\" data-attachment-id=\"21473\" data-permalink=\"https:\/\/unser-quartier.de\/stadt-bergheim\/2018\/03\/komm-an-in-bergheim\/vorlesen\/\" data-orig-file=\"https:\/\/i0.wp.com\/unser-quartier.de\/stadt-bergheim\/files\/2018\/03\/Vorlesen.jpg?fit=1024%2C576&amp;ssl=1\" data-orig-size=\"1024,576\" data-comments-opened=\"0\" data-image-meta=\"{&quot;aperture&quot;:&quot;0&quot;,&quot;credit&quot;:&quot;&quot;,&quot;camera&quot;:&quot;&quot;,&quot;caption&quot;:&quot;&quot;,&quot;created_timestamp&quot;:&quot;0&quot;,&quot;copyright&quot;:&quot;&quot;,&quot;focal_length&quot;:&quot;0&quot;,&quot;iso&quot;:&quot;0&quot;,&quot;shutter_speed&quot;:&quot;0&quot;,&quot;title&quot;:&quot;&quot;,&quot;orientation&quot;:&quot;0&quot;}\" data-image-title=\"Vorlesen\" data-image-description=\"\" data-image-caption=\"\" data-medium-file=\"https:\/\/i0.wp.com\/unser-quartier.de\/stadt-bergheim\/files\/2018\/03\/Vorlesen.jpg?fit=300%2C169&amp;ssl=1\" data-large-file=\"https:\/\/i0.wp.com\/unser-quartier.de\/stadt-bergheim\/files\/2018\/03\/Vorlesen.jpg?fit=770%2C433&amp;ssl=1\" class=\"alignnone size-medium wp-image-21473\" src=\"https:\/\/i0.wp.com\/unser-quartier.de\/stadt-bergheim\/files\/2018\/03\/Vorlesen.jpg?resize=300%2C169&#038;ssl=1\" alt=\"\" width=\"300\" height=\"169\" srcset=\"https:\/\/i0.wp.com\/unser-quartier.de\/stadt-bergheim\/files\/2018\/03\/Vorlesen.jpg?resize=300%2C169&amp;ssl=1 300w, https:\/\/i0.wp.com\/unser-quartier.de\/stadt-bergheim\/files\/2018\/03\/Vorlesen.jpg?resize=150%2C84&amp;ssl=1 150w, https:\/\/i0.wp.com\/unser-quartier.de\/stadt-bergheim\/files\/2018\/03\/Vorlesen.jpg?resize=768%2C432&amp;ssl=1 768w, https:\/\/i0.wp.com\/unser-quartier.de\/stadt-bergheim\/files\/2018\/03\/Vorlesen.jpg?w=1024&amp;ssl=1 1024w\" sizes=\"auto, (max-width: 300px) 100vw, 300px\" \/> <img data-recalc-dims=\"1\" loading=\"lazy\" decoding=\"async\" data-attachment-id=\"21472\" data-permalink=\"https:\/\/unser-quartier.de\/stadt-bergheim\/2018\/03\/komm-an-in-bergheim\/musizieren\/\" data-orig-file=\"https:\/\/i0.wp.com\/unser-quartier.de\/stadt-bergheim\/files\/2018\/03\/Musizieren.jpg?fit=1024%2C576&amp;ssl=1\" data-orig-size=\"1024,576\" data-comments-opened=\"0\" data-image-meta=\"{&quot;aperture&quot;:&quot;0&quot;,&quot;credit&quot;:&quot;&quot;,&quot;camera&quot;:&quot;&quot;,&quot;caption&quot;:&quot;&quot;,&quot;created_timestamp&quot;:&quot;0&quot;,&quot;copyright&quot;:&quot;&quot;,&quot;focal_length&quot;:&quot;0&quot;,&quot;iso&quot;:&quot;0&quot;,&quot;shutter_speed&quot;:&quot;0&quot;,&quot;title&quot;:&quot;&quot;,&quot;orientation&quot;:&quot;0&quot;}\" data-image-title=\"Musizieren\" data-image-description=\"\" data-image-caption=\"\" data-medium-file=\"https:\/\/i0.wp.com\/unser-quartier.de\/stadt-bergheim\/files\/2018\/03\/Musizieren.jpg?fit=300%2C169&amp;ssl=1\" data-large-file=\"https:\/\/i0.wp.com\/unser-quartier.de\/stadt-bergheim\/files\/2018\/03\/Musizieren.jpg?fit=770%2C433&amp;ssl=1\" class=\"alignnone size-medium wp-image-21472\" src=\"https:\/\/i0.wp.com\/unser-quartier.de\/stadt-bergheim\/files\/2018\/03\/Musizieren.jpg?resize=300%2C169&#038;ssl=1\" alt=\"\" width=\"300\" height=\"169\" srcset=\"https:\/\/i0.wp.com\/unser-quartier.de\/stadt-bergheim\/files\/2018\/03\/Musizieren.jpg?resize=300%2C169&amp;ssl=1 300w, https:\/\/i0.wp.com\/unser-quartier.de\/stadt-bergheim\/files\/2018\/03\/Musizieren.jpg?resize=150%2C84&amp;ssl=1 150w, https:\/\/i0.wp.com\/unser-quartier.de\/stadt-bergheim\/files\/2018\/03\/Musizieren.jpg?resize=768%2C432&amp;ssl=1 768w, https:\/\/i0.wp.com\/unser-quartier.de\/stadt-bergheim\/files\/2018\/03\/Musizieren.jpg?w=1024&amp;ssl=1 1024w\" sizes=\"auto, (max-width: 300px) 100vw, 300px\" \/><\/p>\n<p>&nbsp;<\/p>\n<ul>\n<li><img data-recalc-dims=\"1\" loading=\"lazy\" decoding=\"async\" data-attachment-id=\"21466\" data-permalink=\"https:\/\/unser-quartier.de\/stadt-bergheim\/2018\/03\/komm-an-in-bergheim\/20180220_141000\/\" data-orig-file=\"https:\/\/i0.wp.com\/unser-quartier.de\/stadt-bergheim\/files\/2018\/03\/20180220_141000.jpg?fit=1024%2C576&amp;ssl=1\" data-orig-size=\"1024,576\" data-comments-opened=\"0\" data-image-meta=\"{&quot;aperture&quot;:&quot;0&quot;,&quot;credit&quot;:&quot;&quot;,&quot;camera&quot;:&quot;&quot;,&quot;caption&quot;:&quot;&quot;,&quot;created_timestamp&quot;:&quot;0&quot;,&quot;copyright&quot;:&quot;&quot;,&quot;focal_length&quot;:&quot;0&quot;,&quot;iso&quot;:&quot;0&quot;,&quot;shutter_speed&quot;:&quot;0&quot;,&quot;title&quot;:&quot;&quot;,&quot;orientation&quot;:&quot;0&quot;}\" data-image-title=\"20180220_141000\" data-image-description=\"\" data-image-caption=\"\" data-medium-file=\"https:\/\/i0.wp.com\/unser-quartier.de\/stadt-bergheim\/files\/2018\/03\/20180220_141000.jpg?fit=300%2C169&amp;ssl=1\" data-large-file=\"https:\/\/i0.wp.com\/unser-quartier.de\/stadt-bergheim\/files\/2018\/03\/20180220_141000.jpg?fit=770%2C433&amp;ssl=1\" class=\"alignright wp-image-21466\" src=\"https:\/\/i0.wp.com\/unser-quartier.de\/stadt-bergheim\/files\/2018\/03\/20180220_141000.jpg?resize=263%2C148&#038;ssl=1\" alt=\"\" width=\"263\" height=\"148\" srcset=\"https:\/\/i0.wp.com\/unser-quartier.de\/stadt-bergheim\/files\/2018\/03\/20180220_141000.jpg?resize=300%2C169&amp;ssl=1 300w, https:\/\/i0.wp.com\/unser-quartier.de\/stadt-bergheim\/files\/2018\/03\/20180220_141000.jpg?resize=150%2C84&amp;ssl=1 150w, https:\/\/i0.wp.com\/unser-quartier.de\/stadt-bergheim\/files\/2018\/03\/20180220_141000.jpg?resize=768%2C432&amp;ssl=1 768w, https:\/\/i0.wp.com\/unser-quartier.de\/stadt-bergheim\/files\/2018\/03\/20180220_141000.jpg?w=1024&amp;ssl=1 1024w\" sizes=\"auto, (max-width: 263px) 100vw, 263px\" \/>Mit den neuen Aufgaben in der Fl\u00fcchtlingshilfe war die Raumkapazit\u00e4t des alten <strong>StadtteilLadens in Quadrath-Ichendorf<\/strong> nicht mehr ausreichend. Ein Umzug war dringend notwendig. Seit September 2016 ist der Treffpunkt in der K\u00f6ln-Aachener Str. 116 n\u00e4her ins Ortszentrum ger\u00fcckt und damit nicht nur f\u00fcr Gefl\u00fcchtete besser zu erreichen. Mit Unterst\u00fctzung der KOMM AN F\u00f6rdermittel hat die Einrichtung ihren neuen Platz im Quartier gefunden. Die R\u00e4umlichkeiten sind flexibel nutzbar und stehen f\u00fcr nachbarschaftliches Miteinander und vielf\u00e4ltige Angebote zur Verf\u00fcgung. Viele freiwillig Engagierte bringen sich hier mit ihren Ideen und Angeboten ein und gestalten so nicht nur den Laden, sondern auch ihren Stadtteil mit.<\/li>\n<\/ul>\n<p>&nbsp;<\/p>\n<p><em>Beim Nachbarschaftsfest am 20. Mai 2017 am Kirchacker in Quadrath-Ichendorf war viel los &#8211; B\u00fcrgermeister Mie\u00dfeler freute sich \u00fcber eine Torte als Dankesch\u00f6n.<br \/>\n<\/em><br \/>\n<img data-recalc-dims=\"1\" loading=\"lazy\" decoding=\"async\" data-attachment-id=\"21480\" data-permalink=\"https:\/\/unser-quartier.de\/stadt-bergheim\/2018\/03\/komm-an-in-bergheim\/2017-05-20-15-35-33\/\" data-orig-file=\"https:\/\/i0.wp.com\/unser-quartier.de\/stadt-bergheim\/files\/2018\/03\/2017-05-20-15.35.33.jpg?fit=1024%2C768&amp;ssl=1\" data-orig-size=\"1024,768\" data-comments-opened=\"0\" data-image-meta=\"{&quot;aperture&quot;:&quot;0&quot;,&quot;credit&quot;:&quot;&quot;,&quot;camera&quot;:&quot;&quot;,&quot;caption&quot;:&quot;&quot;,&quot;created_timestamp&quot;:&quot;0&quot;,&quot;copyright&quot;:&quot;&quot;,&quot;focal_length&quot;:&quot;0&quot;,&quot;iso&quot;:&quot;0&quot;,&quot;shutter_speed&quot;:&quot;0&quot;,&quot;title&quot;:&quot;&quot;,&quot;orientation&quot;:&quot;0&quot;}\" data-image-title=\"2017-05-20 15.35.33\" data-image-description=\"\" data-image-caption=\"\" data-medium-file=\"https:\/\/i0.wp.com\/unser-quartier.de\/stadt-bergheim\/files\/2018\/03\/2017-05-20-15.35.33.jpg?fit=300%2C225&amp;ssl=1\" data-large-file=\"https:\/\/i0.wp.com\/unser-quartier.de\/stadt-bergheim\/files\/2018\/03\/2017-05-20-15.35.33.jpg?fit=770%2C578&amp;ssl=1\" class=\"alignnone wp-image-21480\" src=\"https:\/\/i0.wp.com\/unser-quartier.de\/stadt-bergheim\/files\/2018\/03\/2017-05-20-15.35.33.jpg?resize=205%2C154&#038;ssl=1\" alt=\"\" width=\"205\" height=\"154\" srcset=\"https:\/\/i0.wp.com\/unser-quartier.de\/stadt-bergheim\/files\/2018\/03\/2017-05-20-15.35.33.jpg?resize=300%2C225&amp;ssl=1 300w, https:\/\/i0.wp.com\/unser-quartier.de\/stadt-bergheim\/files\/2018\/03\/2017-05-20-15.35.33.jpg?resize=150%2C113&amp;ssl=1 150w, https:\/\/i0.wp.com\/unser-quartier.de\/stadt-bergheim\/files\/2018\/03\/2017-05-20-15.35.33.jpg?resize=768%2C576&amp;ssl=1 768w, https:\/\/i0.wp.com\/unser-quartier.de\/stadt-bergheim\/files\/2018\/03\/2017-05-20-15.35.33.jpg?w=1024&amp;ssl=1 1024w\" sizes=\"auto, (max-width: 205px) 100vw, 205px\" \/> <img data-recalc-dims=\"1\" loading=\"lazy\" decoding=\"async\" data-attachment-id=\"21479\" data-permalink=\"https:\/\/unser-quartier.de\/stadt-bergheim\/2018\/03\/komm-an-in-bergheim\/2017-05-20-15-31-45-1\/\" data-orig-file=\"https:\/\/i0.wp.com\/unser-quartier.de\/stadt-bergheim\/files\/2018\/03\/2017-05-20-15.31.45-1.jpg?fit=1024%2C768&amp;ssl=1\" data-orig-size=\"1024,768\" data-comments-opened=\"0\" data-image-meta=\"{&quot;aperture&quot;:&quot;0&quot;,&quot;credit&quot;:&quot;&quot;,&quot;camera&quot;:&quot;&quot;,&quot;caption&quot;:&quot;&quot;,&quot;created_timestamp&quot;:&quot;0&quot;,&quot;copyright&quot;:&quot;&quot;,&quot;focal_length&quot;:&quot;0&quot;,&quot;iso&quot;:&quot;0&quot;,&quot;shutter_speed&quot;:&quot;0&quot;,&quot;title&quot;:&quot;&quot;,&quot;orientation&quot;:&quot;0&quot;}\" data-image-title=\"2017-05-20 15.31.45-1\" data-image-description=\"\" data-image-caption=\"\" data-medium-file=\"https:\/\/i0.wp.com\/unser-quartier.de\/stadt-bergheim\/files\/2018\/03\/2017-05-20-15.31.45-1.jpg?fit=300%2C225&amp;ssl=1\" data-large-file=\"https:\/\/i0.wp.com\/unser-quartier.de\/stadt-bergheim\/files\/2018\/03\/2017-05-20-15.31.45-1.jpg?fit=770%2C578&amp;ssl=1\" class=\"alignnone wp-image-21479\" src=\"https:\/\/i0.wp.com\/unser-quartier.de\/stadt-bergheim\/files\/2018\/03\/2017-05-20-15.31.45-1.jpg?resize=209%2C157&#038;ssl=1\" alt=\"\" width=\"209\" height=\"157\" srcset=\"https:\/\/i0.wp.com\/unser-quartier.de\/stadt-bergheim\/files\/2018\/03\/2017-05-20-15.31.45-1.jpg?resize=300%2C225&amp;ssl=1 300w, https:\/\/i0.wp.com\/unser-quartier.de\/stadt-bergheim\/files\/2018\/03\/2017-05-20-15.31.45-1.jpg?resize=150%2C113&amp;ssl=1 150w, https:\/\/i0.wp.com\/unser-quartier.de\/stadt-bergheim\/files\/2018\/03\/2017-05-20-15.31.45-1.jpg?resize=768%2C576&amp;ssl=1 768w, https:\/\/i0.wp.com\/unser-quartier.de\/stadt-bergheim\/files\/2018\/03\/2017-05-20-15.31.45-1.jpg?w=1024&amp;ssl=1 1024w\" sizes=\"auto, (max-width: 209px) 100vw, 209px\" \/>\u00a0 <img data-recalc-dims=\"1\" loading=\"lazy\" decoding=\"async\" data-attachment-id=\"21483\" data-permalink=\"https:\/\/unser-quartier.de\/stadt-bergheim\/2018\/03\/komm-an-in-bergheim\/dsc02628\/\" data-orig-file=\"https:\/\/i0.wp.com\/unser-quartier.de\/stadt-bergheim\/files\/2018\/03\/DSC02628.jpg?fit=1024%2C680&amp;ssl=1\" data-orig-size=\"1024,680\" data-comments-opened=\"0\" data-image-meta=\"{&quot;aperture&quot;:&quot;0&quot;,&quot;credit&quot;:&quot;&quot;,&quot;camera&quot;:&quot;&quot;,&quot;caption&quot;:&quot;&quot;,&quot;created_timestamp&quot;:&quot;0&quot;,&quot;copyright&quot;:&quot;&quot;,&quot;focal_length&quot;:&quot;0&quot;,&quot;iso&quot;:&quot;0&quot;,&quot;shutter_speed&quot;:&quot;0&quot;,&quot;title&quot;:&quot;&quot;,&quot;orientation&quot;:&quot;0&quot;}\" data-image-title=\"DSC02628\" data-image-description=\"\" data-image-caption=\"\" data-medium-file=\"https:\/\/i0.wp.com\/unser-quartier.de\/stadt-bergheim\/files\/2018\/03\/DSC02628.jpg?fit=300%2C199&amp;ssl=1\" data-large-file=\"https:\/\/i0.wp.com\/unser-quartier.de\/stadt-bergheim\/files\/2018\/03\/DSC02628.jpg?fit=770%2C511&amp;ssl=1\" class=\"alignnone wp-image-21483\" src=\"https:\/\/i0.wp.com\/unser-quartier.de\/stadt-bergheim\/files\/2018\/03\/DSC02628.jpg?resize=236%2C157&#038;ssl=1\" alt=\"\" width=\"236\" height=\"157\" srcset=\"https:\/\/i0.wp.com\/unser-quartier.de\/stadt-bergheim\/files\/2018\/03\/DSC02628.jpg?resize=300%2C199&amp;ssl=1 300w, https:\/\/i0.wp.com\/unser-quartier.de\/stadt-bergheim\/files\/2018\/03\/DSC02628.jpg?resize=150%2C100&amp;ssl=1 150w, https:\/\/i0.wp.com\/unser-quartier.de\/stadt-bergheim\/files\/2018\/03\/DSC02628.jpg?resize=768%2C510&amp;ssl=1 768w, https:\/\/i0.wp.com\/unser-quartier.de\/stadt-bergheim\/files\/2018\/03\/DSC02628.jpg?w=1024&amp;ssl=1 1024w\" sizes=\"auto, (max-width: 236px) 100vw, 236px\" \/><\/p>\n<p>&nbsp;<\/p>\n<ul>\n<li>Durch die dringend notwendige Renovierung, bei der alle mitangepackt haben, haben sich im <strong>Integrationsb\u00fcro Bergheim S\u00fcd-West<\/strong> neue Perspektiven f\u00fcr das Miteinander ergeben. Gemeinsam kochen, lernen, Sport machen und spielen macht in dieser guten Atmosph\u00e4re noch mehr Spa\u00df und bringt verschiedene Generationen und Kulturen an einen Tisch.\n<p><div id=\"attachment_21470\" style=\"width: 189px\" class=\"wp-caption alignnone\"><img data-recalc-dims=\"1\" loading=\"lazy\" decoding=\"async\" aria-describedby=\"caption-attachment-21470\" data-attachment-id=\"21470\" data-permalink=\"https:\/\/unser-quartier.de\/stadt-bergheim\/2018\/03\/komm-an-in-bergheim\/img_0089\/\" data-orig-file=\"https:\/\/i0.wp.com\/unser-quartier.de\/stadt-bergheim\/files\/2018\/03\/IMG_0089.jpg?fit=768%2C1024&amp;ssl=1\" data-orig-size=\"768,1024\" data-comments-opened=\"0\" data-image-meta=\"{&quot;aperture&quot;:&quot;0&quot;,&quot;credit&quot;:&quot;&quot;,&quot;camera&quot;:&quot;&quot;,&quot;caption&quot;:&quot;&quot;,&quot;created_timestamp&quot;:&quot;0&quot;,&quot;copyright&quot;:&quot;&quot;,&quot;focal_length&quot;:&quot;0&quot;,&quot;iso&quot;:&quot;0&quot;,&quot;shutter_speed&quot;:&quot;0&quot;,&quot;title&quot;:&quot;&quot;,&quot;orientation&quot;:&quot;0&quot;}\" data-image-title=\"IMG_0089\" data-image-description=\"\" data-image-caption=\"&lt;p&gt;Alle packten mit an&lt;\/p&gt;\n\" data-medium-file=\"https:\/\/i0.wp.com\/unser-quartier.de\/stadt-bergheim\/files\/2018\/03\/IMG_0089.jpg?fit=225%2C300&amp;ssl=1\" data-large-file=\"https:\/\/i0.wp.com\/unser-quartier.de\/stadt-bergheim\/files\/2018\/03\/IMG_0089.jpg?fit=768%2C1024&amp;ssl=1\" class=\" wp-image-21470\" src=\"https:\/\/i0.wp.com\/unser-quartier.de\/stadt-bergheim\/files\/2018\/03\/IMG_0089.jpg?resize=189%2C252&#038;ssl=1\" alt=\"\" width=\"189\" height=\"252\" srcset=\"https:\/\/i0.wp.com\/unser-quartier.de\/stadt-bergheim\/files\/2018\/03\/IMG_0089.jpg?resize=225%2C300&amp;ssl=1 225w, https:\/\/i0.wp.com\/unser-quartier.de\/stadt-bergheim\/files\/2018\/03\/IMG_0089.jpg?resize=113%2C150&amp;ssl=1 113w, https:\/\/i0.wp.com\/unser-quartier.de\/stadt-bergheim\/files\/2018\/03\/IMG_0089.jpg?w=768&amp;ssl=1 768w\" sizes=\"auto, (max-width: 189px) 100vw, 189px\" \/><p id=\"caption-attachment-21470\" class=\"wp-caption-text\">Alle packten mit an<\/p><\/div><\/li>\n<\/ul>\n<div id=\"attachment_21477\" style=\"width: 250px\" class=\"wp-caption alignnone\"><img data-recalc-dims=\"1\" loading=\"lazy\" decoding=\"async\" aria-describedby=\"caption-attachment-21477\" data-attachment-id=\"21477\" data-permalink=\"https:\/\/unser-quartier.de\/stadt-bergheim\/2018\/03\/komm-an-in-bergheim\/dsc06121\/\" data-orig-file=\"https:\/\/i0.wp.com\/unser-quartier.de\/stadt-bergheim\/files\/2018\/03\/DSC06121.jpg?fit=1024%2C680&amp;ssl=1\" data-orig-size=\"1024,680\" data-comments-opened=\"0\" data-image-meta=\"{&quot;aperture&quot;:&quot;0&quot;,&quot;credit&quot;:&quot;&quot;,&quot;camera&quot;:&quot;&quot;,&quot;caption&quot;:&quot;&quot;,&quot;created_timestamp&quot;:&quot;0&quot;,&quot;copyright&quot;:&quot;&quot;,&quot;focal_length&quot;:&quot;0&quot;,&quot;iso&quot;:&quot;0&quot;,&quot;shutter_speed&quot;:&quot;0&quot;,&quot;title&quot;:&quot;&quot;,&quot;orientation&quot;:&quot;0&quot;}\" data-image-title=\"DSC06121\" data-image-description=\"\" data-image-caption=\"&lt;p&gt;Offener Treff&lt;\/p&gt;\n\" data-medium-file=\"https:\/\/i0.wp.com\/unser-quartier.de\/stadt-bergheim\/files\/2018\/03\/DSC06121.jpg?fit=300%2C199&amp;ssl=1\" data-large-file=\"https:\/\/i0.wp.com\/unser-quartier.de\/stadt-bergheim\/files\/2018\/03\/DSC06121.jpg?fit=770%2C511&amp;ssl=1\" class=\" wp-image-21477\" src=\"https:\/\/i0.wp.com\/unser-quartier.de\/stadt-bergheim\/files\/2018\/03\/DSC06121.jpg?resize=250%2C166&#038;ssl=1\" alt=\"\" width=\"250\" height=\"166\" srcset=\"https:\/\/i0.wp.com\/unser-quartier.de\/stadt-bergheim\/files\/2018\/03\/DSC06121.jpg?resize=300%2C199&amp;ssl=1 300w, https:\/\/i0.wp.com\/unser-quartier.de\/stadt-bergheim\/files\/2018\/03\/DSC06121.jpg?resize=150%2C100&amp;ssl=1 150w, https:\/\/i0.wp.com\/unser-quartier.de\/stadt-bergheim\/files\/2018\/03\/DSC06121.jpg?resize=768%2C510&amp;ssl=1 768w, https:\/\/i0.wp.com\/unser-quartier.de\/stadt-bergheim\/files\/2018\/03\/DSC06121.jpg?w=1024&amp;ssl=1 1024w\" sizes=\"auto, (max-width: 250px) 100vw, 250px\" \/><p id=\"caption-attachment-21477\" class=\"wp-caption-text\">Offener Treff<\/p><\/div>\n<div id=\"attachment_21478\" style=\"width: 253px\" class=\"wp-caption alignnone\"><img data-recalc-dims=\"1\" loading=\"lazy\" decoding=\"async\" aria-describedby=\"caption-attachment-21478\" data-attachment-id=\"21478\" data-permalink=\"https:\/\/unser-quartier.de\/stadt-bergheim\/2018\/03\/komm-an-in-bergheim\/dsc06138\/\" data-orig-file=\"https:\/\/i0.wp.com\/unser-quartier.de\/stadt-bergheim\/files\/2018\/03\/DSC06138.jpg?fit=1024%2C680&amp;ssl=1\" data-orig-size=\"1024,680\" data-comments-opened=\"0\" data-image-meta=\"{&quot;aperture&quot;:&quot;0&quot;,&quot;credit&quot;:&quot;&quot;,&quot;camera&quot;:&quot;&quot;,&quot;caption&quot;:&quot;&quot;,&quot;created_timestamp&quot;:&quot;0&quot;,&quot;copyright&quot;:&quot;&quot;,&quot;focal_length&quot;:&quot;0&quot;,&quot;iso&quot;:&quot;0&quot;,&quot;shutter_speed&quot;:&quot;0&quot;,&quot;title&quot;:&quot;&quot;,&quot;orientation&quot;:&quot;0&quot;}\" data-image-title=\"DSC06138\" data-image-description=\"\" data-image-caption=\"&lt;p&gt;Kinderbetreuung&lt;\/p&gt;\n\" data-medium-file=\"https:\/\/i0.wp.com\/unser-quartier.de\/stadt-bergheim\/files\/2018\/03\/DSC06138.jpg?fit=300%2C199&amp;ssl=1\" data-large-file=\"https:\/\/i0.wp.com\/unser-quartier.de\/stadt-bergheim\/files\/2018\/03\/DSC06138.jpg?fit=770%2C511&amp;ssl=1\" class=\" wp-image-21478\" src=\"https:\/\/i0.wp.com\/unser-quartier.de\/stadt-bergheim\/files\/2018\/03\/DSC06138.jpg?resize=253%2C168&#038;ssl=1\" alt=\"\" width=\"253\" height=\"168\" srcset=\"https:\/\/i0.wp.com\/unser-quartier.de\/stadt-bergheim\/files\/2018\/03\/DSC06138.jpg?resize=300%2C199&amp;ssl=1 300w, https:\/\/i0.wp.com\/unser-quartier.de\/stadt-bergheim\/files\/2018\/03\/DSC06138.jpg?resize=150%2C100&amp;ssl=1 150w, https:\/\/i0.wp.com\/unser-quartier.de\/stadt-bergheim\/files\/2018\/03\/DSC06138.jpg?resize=768%2C510&amp;ssl=1 768w, https:\/\/i0.wp.com\/unser-quartier.de\/stadt-bergheim\/files\/2018\/03\/DSC06138.jpg?w=1024&amp;ssl=1 1024w\" sizes=\"auto, (max-width: 253px) 100vw, 253px\" \/><p id=\"caption-attachment-21478\" class=\"wp-caption-text\">Kinderbetreuung<\/p><\/div>\n<p>&nbsp;<\/p>\n<p><img data-recalc-dims=\"1\" loading=\"lazy\" decoding=\"async\" data-attachment-id=\"21469\" data-permalink=\"https:\/\/unser-quartier.de\/stadt-bergheim\/2018\/03\/komm-an-in-bergheim\/img_2214\/\" data-orig-file=\"https:\/\/i0.wp.com\/unser-quartier.de\/stadt-bergheim\/files\/2018\/03\/IMG_2214.jpg?fit=1024%2C683&amp;ssl=1\" data-orig-size=\"1024,683\" data-comments-opened=\"0\" data-image-meta=\"{&quot;aperture&quot;:&quot;0&quot;,&quot;credit&quot;:&quot;&quot;,&quot;camera&quot;:&quot;&quot;,&quot;caption&quot;:&quot;&quot;,&quot;created_timestamp&quot;:&quot;0&quot;,&quot;copyright&quot;:&quot;&quot;,&quot;focal_length&quot;:&quot;0&quot;,&quot;iso&quot;:&quot;0&quot;,&quot;shutter_speed&quot;:&quot;0&quot;,&quot;title&quot;:&quot;&quot;,&quot;orientation&quot;:&quot;0&quot;}\" data-image-title=\"IMG_2214\" data-image-description=\"\" data-image-caption=\"\" data-medium-file=\"https:\/\/i0.wp.com\/unser-quartier.de\/stadt-bergheim\/files\/2018\/03\/IMG_2214.jpg?fit=300%2C200&amp;ssl=1\" data-large-file=\"https:\/\/i0.wp.com\/unser-quartier.de\/stadt-bergheim\/files\/2018\/03\/IMG_2214.jpg?fit=770%2C514&amp;ssl=1\" class=\"alignright wp-image-21469 size-medium\" src=\"https:\/\/i0.wp.com\/unser-quartier.de\/stadt-bergheim\/files\/2018\/03\/IMG_2214.jpg?resize=300%2C200&#038;ssl=1\" alt=\"\" width=\"300\" height=\"200\" srcset=\"https:\/\/i0.wp.com\/unser-quartier.de\/stadt-bergheim\/files\/2018\/03\/IMG_2214.jpg?resize=300%2C200&amp;ssl=1 300w, https:\/\/i0.wp.com\/unser-quartier.de\/stadt-bergheim\/files\/2018\/03\/IMG_2214.jpg?resize=150%2C100&amp;ssl=1 150w, https:\/\/i0.wp.com\/unser-quartier.de\/stadt-bergheim\/files\/2018\/03\/IMG_2214.jpg?resize=768%2C512&amp;ssl=1 768w, https:\/\/i0.wp.com\/unser-quartier.de\/stadt-bergheim\/files\/2018\/03\/IMG_2214.jpg?w=1024&amp;ssl=1 1024w\" sizes=\"auto, (max-width: 300px) 100vw, 300px\" \/><\/p>\n<ul>\n<li>\u201eAlles in Butter\u201c ist auch im <strong>FuNTASTIK<\/strong>, das nicht nur mit seinen Fahrradkursen f\u00fcr Frauen viel in Bewegung setzt. Das B\u00fcrgerzentrum hat sich als Treffpunkt f\u00fcr Nachbarn und Interessengruppen aller Kulturen und jeden Alters etabliert. Das vielf\u00e4ltige Angebot basiert auf dem ehrenamtlichen Engagement der Akteure und reicht von der Krabbelgruppe \u00fcber die Spielegruppe f\u00fcr Erwachsene, Seniorenangebote, Sport-, Tanz- und Musikangebote, Sprach- und Bildungsangebote, Beratung, Selbsthilfegruppen, Veranstaltungen im Rahmen der Fl\u00fcchtlingshilfe bis hin zu Stadtteilfesten, Theater- und Kulturangeboten.<\/li>\n<li>Nicht zuletzt profitierte auch die gesamtst\u00e4dtische Initiative <strong>\u201eSprache von Anfang an\u201c<\/strong>: So wurden dank KOMM-AN NRW Qualifizierungsma\u00dfnahmen f\u00fcr Vorlese- und Sprachpaten und der Austausch zwischen ehrenamtlichen und hauptamtlichen Lehrkr\u00e4ften unterst\u00fctzt. Ausfl\u00fcge nach K\u00f6ln und nach Aachen dienten vor allem der praktischen Sprachanwendung und dem gegenseitigen Kennenlernen.<\/li>\n<\/ul>\n<p><em>Deutschlernen f\u00f6rdert die Integration. Ehrenamtliche Sprachpaten wie hier in der Stadtbibliothek unterst\u00fctzen Fl\u00fcchtlinge beim Lernen. Ausfl\u00fcge f\u00f6rdern die Umsetzung im Alltag und bringen die deutsche Kultur n\u00e4her.<\/em><br \/>\n<img data-recalc-dims=\"1\" loading=\"lazy\" decoding=\"async\" data-attachment-id=\"21471\" data-permalink=\"https:\/\/unser-quartier.de\/stadt-bergheim\/2018\/03\/komm-an-in-bergheim\/sprachpaten_juni-2017_hoch\/\" data-orig-file=\"https:\/\/i0.wp.com\/unser-quartier.de\/stadt-bergheim\/files\/2018\/03\/Sprachpaten_Juni-2017_hoch.jpg?fit=765%2C1024&amp;ssl=1\" data-orig-size=\"765,1024\" data-comments-opened=\"0\" data-image-meta=\"{&quot;aperture&quot;:&quot;0&quot;,&quot;credit&quot;:&quot;&quot;,&quot;camera&quot;:&quot;&quot;,&quot;caption&quot;:&quot;&quot;,&quot;created_timestamp&quot;:&quot;0&quot;,&quot;copyright&quot;:&quot;&quot;,&quot;focal_length&quot;:&quot;0&quot;,&quot;iso&quot;:&quot;0&quot;,&quot;shutter_speed&quot;:&quot;0&quot;,&quot;title&quot;:&quot;&quot;,&quot;orientation&quot;:&quot;0&quot;}\" data-image-title=\"Sprachpaten_Juni 2017_hoch\" data-image-description=\"\" data-image-caption=\"\" data-medium-file=\"https:\/\/i0.wp.com\/unser-quartier.de\/stadt-bergheim\/files\/2018\/03\/Sprachpaten_Juni-2017_hoch.jpg?fit=224%2C300&amp;ssl=1\" data-large-file=\"https:\/\/i0.wp.com\/unser-quartier.de\/stadt-bergheim\/files\/2018\/03\/Sprachpaten_Juni-2017_hoch.jpg?fit=765%2C1024&amp;ssl=1\" class=\"alignnone wp-image-21471\" src=\"https:\/\/i0.wp.com\/unser-quartier.de\/stadt-bergheim\/files\/2018\/03\/Sprachpaten_Juni-2017_hoch.jpg?resize=187%2C250&#038;ssl=1\" alt=\"\" width=\"187\" height=\"250\" srcset=\"https:\/\/i0.wp.com\/unser-quartier.de\/stadt-bergheim\/files\/2018\/03\/Sprachpaten_Juni-2017_hoch.jpg?resize=224%2C300&amp;ssl=1 224w, https:\/\/i0.wp.com\/unser-quartier.de\/stadt-bergheim\/files\/2018\/03\/Sprachpaten_Juni-2017_hoch.jpg?resize=112%2C150&amp;ssl=1 112w, https:\/\/i0.wp.com\/unser-quartier.de\/stadt-bergheim\/files\/2018\/03\/Sprachpaten_Juni-2017_hoch.jpg?w=765&amp;ssl=1 765w\" sizes=\"auto, (max-width: 187px) 100vw, 187px\" \/>\u00a0 <img data-recalc-dims=\"1\" loading=\"lazy\" decoding=\"async\" data-attachment-id=\"21481\" data-permalink=\"https:\/\/unser-quartier.de\/stadt-bergheim\/2018\/03\/komm-an-in-bergheim\/img_0710\/\" data-orig-file=\"https:\/\/i0.wp.com\/unser-quartier.de\/stadt-bergheim\/files\/2018\/03\/IMG_0710.jpg?fit=765%2C1024&amp;ssl=1\" data-orig-size=\"765,1024\" data-comments-opened=\"0\" data-image-meta=\"{&quot;aperture&quot;:&quot;0&quot;,&quot;credit&quot;:&quot;&quot;,&quot;camera&quot;:&quot;&quot;,&quot;caption&quot;:&quot;&quot;,&quot;created_timestamp&quot;:&quot;0&quot;,&quot;copyright&quot;:&quot;&quot;,&quot;focal_length&quot;:&quot;0&quot;,&quot;iso&quot;:&quot;0&quot;,&quot;shutter_speed&quot;:&quot;0&quot;,&quot;title&quot;:&quot;&quot;,&quot;orientation&quot;:&quot;0&quot;}\" data-image-title=\"IMG_0710\" data-image-description=\"\" data-image-caption=\"\" data-medium-file=\"https:\/\/i0.wp.com\/unser-quartier.de\/stadt-bergheim\/files\/2018\/03\/IMG_0710.jpg?fit=224%2C300&amp;ssl=1\" data-large-file=\"https:\/\/i0.wp.com\/unser-quartier.de\/stadt-bergheim\/files\/2018\/03\/IMG_0710.jpg?fit=765%2C1024&amp;ssl=1\" class=\"alignnone wp-image-21481\" src=\"https:\/\/i0.wp.com\/unser-quartier.de\/stadt-bergheim\/files\/2018\/03\/IMG_0710.jpg?resize=186%2C249&#038;ssl=1\" alt=\"\" width=\"186\" height=\"249\" srcset=\"https:\/\/i0.wp.com\/unser-quartier.de\/stadt-bergheim\/files\/2018\/03\/IMG_0710.jpg?resize=224%2C300&amp;ssl=1 224w, https:\/\/i0.wp.com\/unser-quartier.de\/stadt-bergheim\/files\/2018\/03\/IMG_0710.jpg?resize=112%2C150&amp;ssl=1 112w, https:\/\/i0.wp.com\/unser-quartier.de\/stadt-bergheim\/files\/2018\/03\/IMG_0710.jpg?w=765&amp;ssl=1 765w\" sizes=\"auto, (max-width: 186px) 100vw, 186px\" \/><\/p>\n<div id=\"attachment_21475\" style=\"width: 300px\" class=\"wp-caption alignnone\"><img data-recalc-dims=\"1\" loading=\"lazy\" decoding=\"async\" aria-describedby=\"caption-attachment-21475\" data-attachment-id=\"21475\" data-permalink=\"https:\/\/unser-quartier.de\/stadt-bergheim\/2018\/03\/komm-an-in-bergheim\/staunenimdom\/\" data-orig-file=\"https:\/\/i0.wp.com\/unser-quartier.de\/stadt-bergheim\/files\/2018\/03\/StaunenimDom.jpg?fit=1024%2C576&amp;ssl=1\" data-orig-size=\"1024,576\" data-comments-opened=\"0\" data-image-meta=\"{&quot;aperture&quot;:&quot;0&quot;,&quot;credit&quot;:&quot;&quot;,&quot;camera&quot;:&quot;&quot;,&quot;caption&quot;:&quot;&quot;,&quot;created_timestamp&quot;:&quot;0&quot;,&quot;copyright&quot;:&quot;&quot;,&quot;focal_length&quot;:&quot;0&quot;,&quot;iso&quot;:&quot;0&quot;,&quot;shutter_speed&quot;:&quot;0&quot;,&quot;title&quot;:&quot;&quot;,&quot;orientation&quot;:&quot;0&quot;}\" data-image-title=\"StaunenimDom\" data-image-description=\"\" data-image-caption=\"\" data-medium-file=\"https:\/\/i0.wp.com\/unser-quartier.de\/stadt-bergheim\/files\/2018\/03\/StaunenimDom.jpg?fit=300%2C169&amp;ssl=1\" data-large-file=\"https:\/\/i0.wp.com\/unser-quartier.de\/stadt-bergheim\/files\/2018\/03\/StaunenimDom.jpg?fit=770%2C433&amp;ssl=1\" class=\"wp-image-21475 size-medium\" src=\"https:\/\/i0.wp.com\/unser-quartier.de\/stadt-bergheim\/files\/2018\/03\/StaunenimDom.jpg?resize=300%2C169&#038;ssl=1\" alt=\"\" width=\"300\" height=\"169\" srcset=\"https:\/\/i0.wp.com\/unser-quartier.de\/stadt-bergheim\/files\/2018\/03\/StaunenimDom.jpg?resize=300%2C169&amp;ssl=1 300w, https:\/\/i0.wp.com\/unser-quartier.de\/stadt-bergheim\/files\/2018\/03\/StaunenimDom.jpg?resize=150%2C84&amp;ssl=1 150w, https:\/\/i0.wp.com\/unser-quartier.de\/stadt-bergheim\/files\/2018\/03\/StaunenimDom.jpg?resize=768%2C432&amp;ssl=1 768w, https:\/\/i0.wp.com\/unser-quartier.de\/stadt-bergheim\/files\/2018\/03\/StaunenimDom.jpg?w=1024&amp;ssl=1 1024w\" sizes=\"auto, (max-width: 300px) 100vw, 300px\" \/><p id=\"caption-attachment-21475\" class=\"wp-caption-text\">Staunen im Dom<\/p><\/div>\n<p>&nbsp;<\/p>\n<p>\u201eAll diese vielf\u00e4ltigen Angebote zeigen, wie sehr KOMM-AN NRW in den letzten beiden Jahren dazu beigetragen hat, die Integration in Bergheim insgesamt voranzubringen\u201c, freut sich Karin Neugebauer. Daran ankn\u00fcpfend, soll das erfolgreiche Programm\u00a0des Ministeriums f\u00fcr Kinder, Familie, Fl\u00fcchtlinge und Integration in Bergheim auch im Jahr 2018 fortgef\u00fchrt werden.<\/p>\n<p>Integration braucht Zeit \u2013 und Menschen. Das enge Zusammenwirken von Hauptamtlichen und Ehrenamtlichen, die Vernetzung zwischen einzelnen Initiativen, der Austausch von Ideen, Informationen und Know How, verl\u00e4ssliche Ansprechpartner, Strukturen und Unterst\u00fctzung \u2013 all das tr\u00e4gt zum Gelingen bei. Und ist ganz im Sinne von <strong>\u201eBergheim lebt Vielfalt! \u2013 vernetzt denken, gemeinsam Handeln\u201c<\/strong> &#8211; dem Motto der Bergheimer Integrationsarbeit.<\/p>\n","protected":false},"excerpt":{"rendered":"<p><strong>Landesmittel f\u00f6rdern Integrations-Treffpunkte und Ehrenamt in der Fl\u00fcchtlingshilfe<\/strong><\/p>\n<p>Im Sommer 2015 erlebte die Bundesrepublik Deutschland die gr\u00f6\u00dfte Neuzuwanderung in ihrer Geschichte. Zahlreiche B\u00fcrgerinnen und B\u00fcrger haben Verantwortung \u00fcbernommen und mitangepackt, auch hier bei uns in Bergheim.<\/p>\n<p>Junge und \u00c4ltere, Einheimische und Migranten, die schon l\u00e4nger hier leben, waren mit viel Herzblut dabei, als die St\u00e4dte &hellip; <\/p>\n<p><a class=\"more-link btn\" href=\"https:\/\/unser-quartier.de\/stadt-bergheim\/2018\/03\/komm-an-in-bergheim\/\">Weiterlesen<\/a><\/p>\n","protected":false},"author":133,"featured_media":0,"comment_status":"open","ping_status":"open","sticky":false,"template":"","format":"standard","meta":{"_bbp_topic_count":0,"_bbp_reply_count":0,"_bbp_total_topic_count":0,"_bbp_total_reply_count":0,"_bbp_voice_count":0,"_bbp_anonymous_reply_count":0,"_bbp_topic_count_hidden":0,"_bbp_reply_count_hidden":0,"_bbp_forum_subforum_count":0,"jetpack_post_was_ever_published":false,"_jetpack_newsletter_access":"","_jetpack_dont_email_post_to_subs":false,"_jetpack_newsletter_tier_id":0,"_jetpack_memberships_contains_paywalled_content":false,"_jetpack_memberships_contains_paid_content":false,"footnotes":""},"categories":[59,61],"tags":[],"class_list":["post-21463","post","type-post","status-publish","format-standard","hentry","category-freiwilliges-engagement","category-interkulturell","item-wrap"],"jetpack_sharing_enabled":true,"jetpack_featured_media_url":"","jetpack_shortlink":"https:\/\/wp.me\/p3vhfJ-5Ab","jetpack_likes_enabled":true,"_links":{"self":[{"href":"https:\/\/unser-quartier.de\/stadt-bergheim\/wp-json\/wp\/v2\/posts\/21463","targetHints":{"allow":["GET"]}}],"collection":[{"href":"https:\/\/unser-quartier.de\/stadt-bergheim\/wp-json\/wp\/v2\/posts"}],"about":[{"href":"https:\/\/unser-quartier.de\/stadt-bergheim\/wp-json\/wp\/v2\/types\/post"}],"author":[{"embeddable":true,"href":"https:\/\/unser-quartier.de\/stadt-bergheim\/wp-json\/wp\/v2\/users\/133"}],"replies":[{"embeddable":true,"href":"https:\/\/unser-quartier.de\/stadt-bergheim\/wp-json\/wp\/v2\/comments?post=21463"}],"version-history":[{"count":0,"href":"https:\/\/unser-quartier.de\/stadt-bergheim\/wp-json\/wp\/v2\/posts\/21463\/revisions"}],"wp:attachment":[{"href":"https:\/\/unser-quartier.de\/stadt-bergheim\/wp-json\/wp\/v2\/media?parent=21463"}],"wp:term":[{"taxonomy":"category","embeddable":true,"href":"https:\/\/unser-quartier.de\/stadt-bergheim\/wp-json\/wp\/v2\/categories?post=21463"},{"taxonomy":"post_tag","embeddable":true,"href":"https:\/\/unser-quartier.de\/stadt-bergheim\/wp-json\/wp\/v2\/tags?post=21463"}],"curies":[{"name":"wp","href":"https:\/\/api.w.org\/{rel}","templated":true}]}}