{"id":21514,"date":"2018-03-27T08:09:01","date_gmt":"2018-03-27T06:09:01","guid":{"rendered":"https:\/\/unser-quartier.de\/stadt-bergheim\/?p=21514"},"modified":"2018-05-01T19:06:00","modified_gmt":"2018-05-01T17:06:00","slug":"reiki-eine-gebrauchsanweisung-zum-gluecklichsein","status":"publish","type":"post","link":"https:\/\/unser-quartier.de\/stadt-bergheim\/2018\/03\/reiki-eine-gebrauchsanweisung-zum-gluecklichsein\/","title":{"rendered":"Reiki &#8211; eine Gebrauchsanweisung zum Gl\u00fccklichsein"},"content":{"rendered":"<p><strong>Gut f\u00fcr K\u00f6rper, Geist und Seele<br \/>\n<\/strong><\/p>\n<div id=\"attachment_21515\" style=\"width: 260px\" class=\"wp-caption alignleft\"><img data-recalc-dims=\"1\" loading=\"lazy\" decoding=\"async\" aria-describedby=\"caption-attachment-21515\" data-attachment-id=\"21515\" data-permalink=\"https:\/\/unser-quartier.de\/stadt-bergheim\/2018\/03\/reiki-eine-gebrauchsanweisung-zum-gluecklichsein\/reiki_birte_bornemann_uebermich_slider\/\" data-orig-file=\"https:\/\/i0.wp.com\/unser-quartier.de\/stadt-bergheim\/files\/2018\/03\/reiki_birte_bornemann_uebermich_slider.jpg?fit=1024%2C683&amp;ssl=1\" data-orig-size=\"1024,683\" data-comments-opened=\"0\" data-image-meta=\"{&quot;aperture&quot;:&quot;0&quot;,&quot;credit&quot;:&quot;&quot;,&quot;camera&quot;:&quot;&quot;,&quot;caption&quot;:&quot;&quot;,&quot;created_timestamp&quot;:&quot;0&quot;,&quot;copyright&quot;:&quot;&quot;,&quot;focal_length&quot;:&quot;0&quot;,&quot;iso&quot;:&quot;0&quot;,&quot;shutter_speed&quot;:&quot;0&quot;,&quot;title&quot;:&quot;&quot;,&quot;orientation&quot;:&quot;0&quot;}\" data-image-title=\"reiki_birte_bornemann_uebermich_slider\" data-image-description=\"\" data-image-caption=\"\" data-medium-file=\"https:\/\/i0.wp.com\/unser-quartier.de\/stadt-bergheim\/files\/2018\/03\/reiki_birte_bornemann_uebermich_slider.jpg?fit=300%2C200&amp;ssl=1\" data-large-file=\"https:\/\/i0.wp.com\/unser-quartier.de\/stadt-bergheim\/files\/2018\/03\/reiki_birte_bornemann_uebermich_slider.jpg?fit=770%2C514&amp;ssl=1\" class=\"wp-image-21515 \" src=\"https:\/\/i0.wp.com\/unser-quartier.de\/stadt-bergheim\/files\/2018\/03\/reiki_birte_bornemann_uebermich_slider.jpg?resize=260%2C173&#038;ssl=1\" alt=\"\" width=\"260\" height=\"173\" srcset=\"https:\/\/i0.wp.com\/unser-quartier.de\/stadt-bergheim\/files\/2018\/03\/reiki_birte_bornemann_uebermich_slider.jpg?resize=300%2C200&amp;ssl=1 300w, https:\/\/i0.wp.com\/unser-quartier.de\/stadt-bergheim\/files\/2018\/03\/reiki_birte_bornemann_uebermich_slider.jpg?resize=150%2C100&amp;ssl=1 150w, https:\/\/i0.wp.com\/unser-quartier.de\/stadt-bergheim\/files\/2018\/03\/reiki_birte_bornemann_uebermich_slider.jpg?resize=768%2C512&amp;ssl=1 768w, https:\/\/i0.wp.com\/unser-quartier.de\/stadt-bergheim\/files\/2018\/03\/reiki_birte_bornemann_uebermich_slider.jpg?w=1024&amp;ssl=1 1024w\" sizes=\"auto, (max-width: 260px) 100vw, 260px\" \/><p id=\"caption-attachment-21515\" class=\"wp-caption-text\">Reiki-Meisterin Birte Bornemann<\/p><\/div>\n<p>Nach Aussage des Zukunftsinstituts war der Trend, durch Selbstoptimierungspraktiken zu mehr innerer Kraft und aktiver Lebensenergie zu kommen, nie gr\u00f6\u00dfer als heute. Doch wie passen ein solcher Leistungsgedanke und wahre innere Ausgeglichenheit zusammen? Asthmatische Anf\u00e4lle, chronische Bronchitis, verstopfte Nase und wiederkehrender Husten h\u00e4ufen sich in unserer modernen Industriegesellschaft. St\u00e4ndige Reiz\u00fcberflutung und andauernde Belastung verursachen Stress und Chaos im Kopf. Energielosigkeit und tiefe M\u00fcdigkeit werden zum st\u00e4ndigen Begleiter. Hinzu kommen Beschwerden wie Tinnitus oder Migr\u00e4ne.<\/p>\n<p>\u201eWir sitzen im Auto, vor dem Computer oder bewegen uns einseitig \u2013 und sind viel zu h\u00e4ufig angespannt. R\u00fcckenschmerzen, Bluthochdruck und Schlafst\u00f6rungen sind die h\u00e4ufige Folge\u201c, so Birte Bornemann. Die studierte Betriebswirtschaftlerin und ehemalige Marketingleiterin aus Nettersheim ist Reiki-Meisterin und beherrscht die traditionelle Heilkunst, die der Japaner Mikao Usui (1965-1926) begr\u00fcndet hat. In ihrer Reiki-Praxis im Kurhaus von Bad M\u00fcnstereifel trifft sie regelm\u00e4\u00dfig auf Menschen, die auf der Suche nach mehr Gesundheit und Lebensqualit\u00e4t sind und begleitet sie individuell und einf\u00fchlsam. Die \u00dcbertragung heilsamer Lebensenergie durch das Auflegen der H\u00e4nde wirkt auf eine &#8216;Verbesserung von K\u00f6rper, Geist und Seele&#8217; hin.<\/p>\n<p><strong>Aufl\u00f6sung von Blockaden<\/strong><\/p>\n<p>Blockaden wirken sich auf unseren Seelenzustand aus \u2013 bis der Atem stockt. Individuell abgestimmte Reiki-Anwendungen f\u00fchren zu neuem Aufatmen und zur St\u00e4rkung der eigenen Kr\u00e4fte. W\u00e4rmflasche, Kirschkernkissen, Heuauflage, Halswickel, W\u00e4rme\u00adpflaster, Rotlicht, ein hei\u00dfes Bad \u2013 alle diese vertraut-traditionellen Anwendungen aus der \u201eHausapotheke\u201c haben eines mit der Technik des Reiki gemeinsam: Sie \u00fcbertragen W\u00e4rme und Energie auf den K\u00f6rper. \u201eDer erkrankte Mensch erwartet von den entsprechenden Ma\u00dfnahmen, dass diese sp\u00fcrbar zur Besserung oder zum Verschwinden der Beschwerden oder Schmerzen beitragen\u201c, so Birte Bornemann.<\/p>\n<p>Bei der Reiki-Anwendung wird in die Tiefe wirkende w\u00e4rmende Energie auf den K\u00f6rper \u00fcbertragen. Die H\u00e4nde werden entsprechend den Beschwerden direkt aufgelegt oder in geringem Abstand zum K\u00f6rper gehalten. So k\u00f6nnen blockierte Energiefelder aufgel\u00f6st werden, der Mensch wird wieder \u201eheil\u201c. \u201eIn einer ersten Wirkung breitet sich ein sp\u00fcrbarer Energiefluss direkt an der K\u00f6rperstelle aus. Mit fortschreitendem Prozess str\u00f6mt eine w\u00e4rmende und zus\u00e4tzliche Energie durch den gesamten K\u00f6rper hindurch\u201c, erkl\u00e4rt Birte Borneman. Durch das Aufl\u00f6sen der Blockaden kann der K\u00f6rper in seinen urspr\u00fcnglichen harmonischen Energiefluss zur\u00fcckkehren und eigene Heilungskr\u00e4fte mobilisieren. Eine sch\u00f6ne Nebenwirkung: Der Zustand intensiver Tiefenentspannung.<\/p>\n<p>&nbsp;<\/p>\n<p><strong>Mehr Info: <a href=\"http:\/\/www.reiki-bornemann.de\/\">www.reiki-bornemann.de<\/a><\/strong><strong><br \/>\n<\/strong><\/p>\n","protected":false},"excerpt":{"rendered":"<p><strong>Gut f\u00fcr K\u00f6rper, Geist und Seele <\/strong><\/p>\n<p>Nach Aussage des Zukunftsinstituts war der Trend, durch Selbstoptimierungspraktiken zu mehr innerer Kraft und aktiver Lebensenergie zu kommen, nie gr\u00f6\u00dfer als heute. Doch wie passen ein solcher Leistungsgedanke und wahre innere Ausgeglichenheit zusammen? Asthmatische Anf\u00e4lle, chronische Bronchitis, verstopfte Nase und wiederkehrender Husten h\u00e4ufen sich in unserer modernen Industriegesellschaft. &hellip; <\/p>\n<p><a class=\"more-link btn\" href=\"https:\/\/unser-quartier.de\/stadt-bergheim\/2018\/03\/reiki-eine-gebrauchsanweisung-zum-gluecklichsein\/\">Weiterlesen<\/a><\/p>\n","protected":false},"author":133,"featured_media":0,"comment_status":"open","ping_status":"open","sticky":false,"template":"","format":"standard","meta":{"_bbp_topic_count":0,"_bbp_reply_count":0,"_bbp_total_topic_count":0,"_bbp_total_reply_count":0,"_bbp_voice_count":0,"_bbp_anonymous_reply_count":0,"_bbp_topic_count_hidden":0,"_bbp_reply_count_hidden":0,"_bbp_forum_subforum_count":0,"jetpack_post_was_ever_published":false,"_jetpack_newsletter_access":"","_jetpack_dont_email_post_to_subs":false,"_jetpack_newsletter_tier_id":0,"_jetpack_memberships_contains_paywalled_content":false,"_jetpack_memberships_contains_paid_content":false,"footnotes":""},"categories":[66],"tags":[],"class_list":["post-21514","post","type-post","status-publish","format-standard","hentry","category-gesundheit","item-wrap"],"jetpack_sharing_enabled":true,"jetpack_featured_media_url":"","jetpack_shortlink":"https:\/\/wp.me\/p3vhfJ-5B0","jetpack_likes_enabled":true,"_links":{"self":[{"href":"https:\/\/unser-quartier.de\/stadt-bergheim\/wp-json\/wp\/v2\/posts\/21514","targetHints":{"allow":["GET"]}}],"collection":[{"href":"https:\/\/unser-quartier.de\/stadt-bergheim\/wp-json\/wp\/v2\/posts"}],"about":[{"href":"https:\/\/unser-quartier.de\/stadt-bergheim\/wp-json\/wp\/v2\/types\/post"}],"author":[{"embeddable":true,"href":"https:\/\/unser-quartier.de\/stadt-bergheim\/wp-json\/wp\/v2\/users\/133"}],"replies":[{"embeddable":true,"href":"https:\/\/unser-quartier.de\/stadt-bergheim\/wp-json\/wp\/v2\/comments?post=21514"}],"version-history":[{"count":0,"href":"https:\/\/unser-quartier.de\/stadt-bergheim\/wp-json\/wp\/v2\/posts\/21514\/revisions"}],"wp:attachment":[{"href":"https:\/\/unser-quartier.de\/stadt-bergheim\/wp-json\/wp\/v2\/media?parent=21514"}],"wp:term":[{"taxonomy":"category","embeddable":true,"href":"https:\/\/unser-quartier.de\/stadt-bergheim\/wp-json\/wp\/v2\/categories?post=21514"},{"taxonomy":"post_tag","embeddable":true,"href":"https:\/\/unser-quartier.de\/stadt-bergheim\/wp-json\/wp\/v2\/tags?post=21514"}],"curies":[{"name":"wp","href":"https:\/\/api.w.org\/{rel}","templated":true}]}}