{"id":21595,"date":"2018-03-27T00:01:37","date_gmt":"2018-03-26T22:01:37","guid":{"rendered":"https:\/\/unser-quartier.de\/stadt-bergheim\/?p=21595"},"modified":"2018-05-01T19:06:00","modified_gmt":"2018-05-01T17:06:00","slug":"kuenstliche-intelligenz","status":"publish","type":"post","link":"https:\/\/unser-quartier.de\/stadt-bergheim\/2018\/03\/kuenstliche-intelligenz\/","title":{"rendered":"K\u00fcnstliche Intelligenz &#8230;"},"content":{"rendered":"<p><span style=\"font-family: arial, helvetica, sans-serif;font-size: 20px\">Forscher auf der ganzen Welt tr\u00e4umen davon, mit neuen Technologien die vermeintlichen Unzul\u00e4nglichkeiten der Natur zu korrigieren. Diese Menschen sind der Auffassung, dass man die Natur optimieren k\u00f6nne und durch k\u00fcnstliche Intelligenz etwas Besseres schaffen k\u00f6nne. Das macht mir ehrlich gesagt, Angst. <\/span><\/p>\n<p><a href=\"https:\/\/unser-quartier.de\/stadt-bergheim\/2018\/03\/kuenstliche-intelligenz\/7223c735-9571-4108-a8fe-3dcf10d471b4\/\" rel=\"attachment wp-att-21596\"><img data-recalc-dims=\"1\" loading=\"lazy\" decoding=\"async\" data-attachment-id=\"21596\" data-permalink=\"https:\/\/unser-quartier.de\/stadt-bergheim\/2018\/03\/kuenstliche-intelligenz\/7223c735-9571-4108-a8fe-3dcf10d471b4\/\" data-orig-file=\"https:\/\/i0.wp.com\/unser-quartier.de\/stadt-bergheim\/files\/2018\/03\/7223C735-9571-4108-A8FE-3DCF10D471B4.jpeg?fit=960%2C600&amp;ssl=1\" data-orig-size=\"960,600\" data-comments-opened=\"0\" data-image-meta=\"{&quot;aperture&quot;:&quot;0&quot;,&quot;credit&quot;:&quot;&quot;,&quot;camera&quot;:&quot;&quot;,&quot;caption&quot;:&quot;&quot;,&quot;created_timestamp&quot;:&quot;0&quot;,&quot;copyright&quot;:&quot;&quot;,&quot;focal_length&quot;:&quot;0&quot;,&quot;iso&quot;:&quot;0&quot;,&quot;shutter_speed&quot;:&quot;0&quot;,&quot;title&quot;:&quot;&quot;,&quot;orientation&quot;:&quot;0&quot;}\" data-image-title=\"7223C735-9571-4108-A8FE-3DCF10D471B4\" data-image-description=\"\" data-image-caption=\"\" data-medium-file=\"https:\/\/i0.wp.com\/unser-quartier.de\/stadt-bergheim\/files\/2018\/03\/7223C735-9571-4108-A8FE-3DCF10D471B4.jpeg?fit=300%2C188&amp;ssl=1\" data-large-file=\"https:\/\/i0.wp.com\/unser-quartier.de\/stadt-bergheim\/files\/2018\/03\/7223C735-9571-4108-A8FE-3DCF10D471B4.jpeg?fit=770%2C481&amp;ssl=1\" class=\"alignnone size-medium wp-image-21596\" src=\"https:\/\/i0.wp.com\/unser-quartier.de\/stadt-bergheim\/files\/2018\/03\/7223C735-9571-4108-A8FE-3DCF10D471B4.jpeg?resize=300%2C188&#038;ssl=1\" alt=\"\" width=\"300\" height=\"188\" srcset=\"https:\/\/i0.wp.com\/unser-quartier.de\/stadt-bergheim\/files\/2018\/03\/7223C735-9571-4108-A8FE-3DCF10D471B4.jpeg?resize=300%2C188&amp;ssl=1 300w, https:\/\/i0.wp.com\/unser-quartier.de\/stadt-bergheim\/files\/2018\/03\/7223C735-9571-4108-A8FE-3DCF10D471B4.jpeg?resize=150%2C94&amp;ssl=1 150w, https:\/\/i0.wp.com\/unser-quartier.de\/stadt-bergheim\/files\/2018\/03\/7223C735-9571-4108-A8FE-3DCF10D471B4.jpeg?resize=768%2C480&amp;ssl=1 768w, https:\/\/i0.wp.com\/unser-quartier.de\/stadt-bergheim\/files\/2018\/03\/7223C735-9571-4108-A8FE-3DCF10D471B4.jpeg?w=960&amp;ssl=1 960w\" sizes=\"auto, (max-width: 300px) 100vw, 300px\" \/><\/a><\/p>\n<p><span style=\"font-family: arial, helvetica, sans-serif;font-size: 20px\">Wenn die k\u00fcnstliche Intelligenz zum Ma\u00df aller Dinge erhoben wird, entsteht eine Welt, in der Maschinen Menschen beherrschen k\u00f6nnen. Zum Beispiel kann heute schon durch Daten, die das Auto liefert, viel \u00fcber die Nutzer in Erfahrung gebracht werden: Fahrstil, Muster und Gewohnheiten. Das gilt erst recht f\u00fcr Smartphone und &#8220;intelligenten&#8221; K\u00fchlschrank.<br \/>\nUnd dann die Dimension, die k\u00fcnstliche Intelligenz in totalit\u00e4ren Regimen hat&#8230;\u00a0Im vergangen Jahr hat z. B. der Staatsrat f\u00fcr China einen Plan verabschiedet mit dem Ziel, bis 2030 eine &#8220;Menschenverbesserungsmaschine&#8221; einzuf\u00fchren. Das Verhalten jeden B\u00fcrgers wird \u00fcber Sensoren erfasst und bewertet. Ein Horrorszenarium!<br \/>\n.<br \/>\nK\u00fcnstliche Intelligenz ist durch menschliches Denken entstanden, jedoch wurde sie in ihrer Struktur an die Funktionsweise von Maschinen angepasst.\u00a0Wir Menschen verlangen jedoch nach Strukturen, die unser Bed\u00fcrfnis nach Freiheit ber\u00fccksichtigen und erm\u00f6glichen.<br \/>\n.<br \/>\nvon Annemarie Esser<\/span><\/p>\n","protected":false},"excerpt":{"rendered":"<p>Forscher auf der ganzen Welt tr\u00e4umen davon, mit neuen Technologien die vermeintlichen Unzul\u00e4nglichkeiten der Natur zu korrigieren. Diese Menschen sind der Auffassung, dass man die Natur optimieren k\u00f6nne und durch k\u00fcnstliche Intelligenz etwas Besseres schaffen k\u00f6nne. Das macht mir ehrlich gesagt, Angst. <\/p>\n<\/p>\n<p>Wenn die k\u00fcnstliche Intelligenz zum Ma\u00df aller Dinge erhoben wird, entsteht &hellip; <\/p>\n<p><a class=\"more-link btn\" href=\"https:\/\/unser-quartier.de\/stadt-bergheim\/2018\/03\/kuenstliche-intelligenz\/\">Weiterlesen<\/a><\/p>\n","protected":false},"author":48,"featured_media":0,"comment_status":"open","ping_status":"open","sticky":false,"template":"","format":"standard","meta":{"_bbp_topic_count":0,"_bbp_reply_count":0,"_bbp_total_topic_count":0,"_bbp_total_reply_count":0,"_bbp_voice_count":0,"_bbp_anonymous_reply_count":0,"_bbp_topic_count_hidden":0,"_bbp_reply_count_hidden":0,"_bbp_forum_subforum_count":0,"jetpack_post_was_ever_published":false,"_jetpack_newsletter_access":"","_jetpack_dont_email_post_to_subs":false,"_jetpack_newsletter_tier_id":0,"_jetpack_memberships_contains_paywalled_content":false,"_jetpack_memberships_contains_paid_content":false,"footnotes":""},"categories":[1],"tags":[],"class_list":["post-21595","post","type-post","status-publish","format-standard","hentry","category-allgemein","item-wrap"],"jetpack_sharing_enabled":true,"jetpack_featured_media_url":"","jetpack_shortlink":"https:\/\/wp.me\/p3vhfJ-5Cj","jetpack_likes_enabled":true,"_links":{"self":[{"href":"https:\/\/unser-quartier.de\/stadt-bergheim\/wp-json\/wp\/v2\/posts\/21595","targetHints":{"allow":["GET"]}}],"collection":[{"href":"https:\/\/unser-quartier.de\/stadt-bergheim\/wp-json\/wp\/v2\/posts"}],"about":[{"href":"https:\/\/unser-quartier.de\/stadt-bergheim\/wp-json\/wp\/v2\/types\/post"}],"author":[{"embeddable":true,"href":"https:\/\/unser-quartier.de\/stadt-bergheim\/wp-json\/wp\/v2\/users\/48"}],"replies":[{"embeddable":true,"href":"https:\/\/unser-quartier.de\/stadt-bergheim\/wp-json\/wp\/v2\/comments?post=21595"}],"version-history":[{"count":0,"href":"https:\/\/unser-quartier.de\/stadt-bergheim\/wp-json\/wp\/v2\/posts\/21595\/revisions"}],"wp:attachment":[{"href":"https:\/\/unser-quartier.de\/stadt-bergheim\/wp-json\/wp\/v2\/media?parent=21595"}],"wp:term":[{"taxonomy":"category","embeddable":true,"href":"https:\/\/unser-quartier.de\/stadt-bergheim\/wp-json\/wp\/v2\/categories?post=21595"},{"taxonomy":"post_tag","embeddable":true,"href":"https:\/\/unser-quartier.de\/stadt-bergheim\/wp-json\/wp\/v2\/tags?post=21595"}],"curies":[{"name":"wp","href":"https:\/\/api.w.org\/{rel}","templated":true}]}}