{"id":21666,"date":"2018-04-01T00:01:42","date_gmt":"2018-03-31T22:01:42","guid":{"rendered":"https:\/\/unser-quartier.de\/stadt-bergheim\/?p=21666"},"modified":"2018-05-01T19:05:57","modified_gmt":"2018-05-01T17:05:57","slug":"ostern-das-fest-der-auferstehung","status":"publish","type":"post","link":"https:\/\/unser-quartier.de\/stadt-bergheim\/2018\/04\/ostern-das-fest-der-auferstehung\/","title":{"rendered":"Ostern&#8230; das Fest der Auferstehung"},"content":{"rendered":"<p><span style=\"font-family: arial, helvetica, sans-serif;font-size: 20px\"><span style=\"color: #000080\">Ostern&#8230; das Fest der Auferstehung<\/span><\/span><\/p>\n<p><span style=\"font-family: arial, helvetica, sans-serif;font-size: 20px\"><a href=\"https:\/\/unser-quartier.de\/stadt-bergheim\/?attachment_id=21667\" rel=\"attachment wp-att-21667\"><img data-recalc-dims=\"1\" loading=\"lazy\" decoding=\"async\" data-attachment-id=\"21667\" data-permalink=\"https:\/\/unser-quartier.de\/stadt-bergheim\/2018\/04\/ostern-das-fest-der-auferstehung\/322d5045-6153-45b3-960f-db8018886b06\/\" data-orig-file=\"https:\/\/i0.wp.com\/unser-quartier.de\/stadt-bergheim\/files\/2018\/03\/322D5045-6153-45B3-960F-DB8018886B06.jpeg?fit=960%2C540&amp;ssl=1\" data-orig-size=\"960,540\" data-comments-opened=\"0\" data-image-meta=\"{&quot;aperture&quot;:&quot;5&quot;,&quot;credit&quot;:&quot;&quot;,&quot;camera&quot;:&quot;NIKON D3300&quot;,&quot;caption&quot;:&quot;&quot;,&quot;created_timestamp&quot;:&quot;0&quot;,&quot;copyright&quot;:&quot;&quot;,&quot;focal_length&quot;:&quot;45&quot;,&quot;iso&quot;:&quot;3200&quot;,&quot;shutter_speed&quot;:&quot;0.016666666666667&quot;,&quot;title&quot;:&quot;&quot;,&quot;orientation&quot;:&quot;0&quot;}\" data-image-title=\"322D5045-6153-45B3-960F-DB8018886B06\" data-image-description=\"\" data-image-caption=\"\" data-medium-file=\"https:\/\/i0.wp.com\/unser-quartier.de\/stadt-bergheim\/files\/2018\/03\/322D5045-6153-45B3-960F-DB8018886B06.jpeg?fit=300%2C169&amp;ssl=1\" data-large-file=\"https:\/\/i0.wp.com\/unser-quartier.de\/stadt-bergheim\/files\/2018\/03\/322D5045-6153-45B3-960F-DB8018886B06.jpeg?fit=770%2C433&amp;ssl=1\" class=\"alignnone size-full wp-image-21667\" src=\"https:\/\/i0.wp.com\/unser-quartier.de\/stadt-bergheim\/files\/2018\/03\/322D5045-6153-45B3-960F-DB8018886B06.jpeg?resize=770%2C433&#038;ssl=1\" alt=\"\" width=\"770\" height=\"433\" srcset=\"https:\/\/i0.wp.com\/unser-quartier.de\/stadt-bergheim\/files\/2018\/03\/322D5045-6153-45B3-960F-DB8018886B06.jpeg?w=960&amp;ssl=1 960w, https:\/\/i0.wp.com\/unser-quartier.de\/stadt-bergheim\/files\/2018\/03\/322D5045-6153-45B3-960F-DB8018886B06.jpeg?resize=150%2C84&amp;ssl=1 150w, https:\/\/i0.wp.com\/unser-quartier.de\/stadt-bergheim\/files\/2018\/03\/322D5045-6153-45B3-960F-DB8018886B06.jpeg?resize=300%2C169&amp;ssl=1 300w, https:\/\/i0.wp.com\/unser-quartier.de\/stadt-bergheim\/files\/2018\/03\/322D5045-6153-45B3-960F-DB8018886B06.jpeg?resize=768%2C432&amp;ssl=1 768w\" sizes=\"auto, (max-width: 770px) 100vw, 770px\" \/><\/a><br \/>\n.<br \/>\nDas Grab ist leer. Die drei Frauen &#8211; Maria Magdalena, Maria, die Mutter von Jakobus und Salome kommen zum Grab um zu trauern. Es ist schwer f\u00fcr sie zu begreifen, dass das Grab leer ist, der Felsen wegger\u00e4umt. Erst als der Engel ihnen sagt, dass Jesus auferstanden ist, dass er lebt, k\u00f6nnen sie sich freuen. Sie eilen zu den J\u00fcngern und berichten von ihrem Erlebnis und dass das Leben st\u00e4rker ist, als der Tod.\u00a0So ist die Osterbotschaft auch f\u00fcr uns ein Fest voller Freude, Kraft und Hoffnung.<br \/>\n.<br \/>\nvon Helga-Agnes Cubitzki<\/span><\/p>\n","protected":false},"excerpt":{"rendered":"<p>Ostern&#8230; das Fest der Auferstehung<\/p>\n<p> . Das Grab ist leer. Die drei Frauen &#8211; Maria Magdalena, Maria, die Mutter von Jakobus und Salome kommen zum Grab um zu trauern. Es ist schwer f\u00fcr sie zu begreifen, dass das Grab leer ist, der Felsen wegger\u00e4umt. Erst als der Engel ihnen sagt, dass Jesus auferstanden ist, &hellip; <\/p>\n<p><a class=\"more-link btn\" href=\"https:\/\/unser-quartier.de\/stadt-bergheim\/2018\/04\/ostern-das-fest-der-auferstehung\/\">Weiterlesen<\/a><\/p>\n","protected":false},"author":48,"featured_media":0,"comment_status":"open","ping_status":"open","sticky":false,"template":"","format":"standard","meta":{"_bbp_topic_count":0,"_bbp_reply_count":0,"_bbp_total_topic_count":0,"_bbp_total_reply_count":0,"_bbp_voice_count":0,"_bbp_anonymous_reply_count":0,"_bbp_topic_count_hidden":0,"_bbp_reply_count_hidden":0,"_bbp_forum_subforum_count":0,"jetpack_post_was_ever_published":false,"_jetpack_newsletter_access":"","_jetpack_dont_email_post_to_subs":false,"_jetpack_newsletter_tier_id":0,"_jetpack_memberships_contains_paywalled_content":false,"_jetpack_memberships_contains_paid_content":false,"footnotes":""},"categories":[75],"tags":[],"class_list":["post-21666","post","type-post","status-publish","format-standard","hentry","category-buntes-brett","item-wrap"],"jetpack_sharing_enabled":true,"jetpack_featured_media_url":"","jetpack_shortlink":"https:\/\/wp.me\/p3vhfJ-5Ds","jetpack_likes_enabled":true,"_links":{"self":[{"href":"https:\/\/unser-quartier.de\/stadt-bergheim\/wp-json\/wp\/v2\/posts\/21666","targetHints":{"allow":["GET"]}}],"collection":[{"href":"https:\/\/unser-quartier.de\/stadt-bergheim\/wp-json\/wp\/v2\/posts"}],"about":[{"href":"https:\/\/unser-quartier.de\/stadt-bergheim\/wp-json\/wp\/v2\/types\/post"}],"author":[{"embeddable":true,"href":"https:\/\/unser-quartier.de\/stadt-bergheim\/wp-json\/wp\/v2\/users\/48"}],"replies":[{"embeddable":true,"href":"https:\/\/unser-quartier.de\/stadt-bergheim\/wp-json\/wp\/v2\/comments?post=21666"}],"version-history":[{"count":0,"href":"https:\/\/unser-quartier.de\/stadt-bergheim\/wp-json\/wp\/v2\/posts\/21666\/revisions"}],"wp:attachment":[{"href":"https:\/\/unser-quartier.de\/stadt-bergheim\/wp-json\/wp\/v2\/media?parent=21666"}],"wp:term":[{"taxonomy":"category","embeddable":true,"href":"https:\/\/unser-quartier.de\/stadt-bergheim\/wp-json\/wp\/v2\/categories?post=21666"},{"taxonomy":"post_tag","embeddable":true,"href":"https:\/\/unser-quartier.de\/stadt-bergheim\/wp-json\/wp\/v2\/tags?post=21666"}],"curies":[{"name":"wp","href":"https:\/\/api.w.org\/{rel}","templated":true}]}}